{"id":7939,"date":"2021-11-25T18:44:24","date_gmt":"2021-11-25T17:44:24","guid":{"rendered":"https:\/\/agora.xtec.cat\/escolametllers\/?p=7939"},"modified":"2022-09-24T15:49:43","modified_gmt":"2022-09-24T13:49:43","slug":"dia-de-la-musica","status":"publish","type":"post","link":"https:\/\/agora.xtec.cat\/escolametllers\/primaria\/prom14a\/dia-de-la-musica\/","title":{"rendered":"DIA DE LA M\u00daSICA"},"content":{"rendered":"<p>Dilluns va ser Santa Cec\u00edlia i a l&#8217;escola vam celebrar el dia de la m\u00fasica.<\/p>\n<p>Al mat\u00ed les nenes i els nens que toquen instruments ens van fer unes petites audicions de m\u00fasica. Ho van fer molt b\u00e9, moltes gr\u00e0cies!!!<\/p>\n<p>A la tarda vam ballar i ens ho vam passar molt b\u00e9 amb el Jordi Callau.<\/p>\n<p>Quin dia de la musical tan musical.<\/p>\n<p><a href=\"https:\/\/photos.app.goo.gl\/FM8ovrSVG1mCD47K7\"><img loading=\"lazy\" decoding=\"async\" class=\"aligncenter\" src=\"https:\/\/lh3.googleusercontent.com\/dgSer_pY9ZwWZ1oVFJKhTGVhlw8g1sRI3FZkdhLJj4Ee5JVMJuw-MzX9J911ltMTjbQnAkdPlfdzhzrOAqrJE7eWyj1Yw2aJqDsu-3u7l9ui-yGSc3Up4w9C1HsrFHbzL4I_hnQ5Zmv1-gxhogzkjIRMuNz5-q7IppR4Olc5slvr_fC3np7D-M334K3REftDRMs5Xj5WO6G4hOTO0-9yjZzqSiHAQ-LjYPeW945AFKBUqQ79HgIdS5eFTktQZK5gc1AB4hnwPbTnWjYskmrI498nHhnxI7M0AXQ7cWP6yWEJ6eQ_Mtps4wENvY8vR9FHqyJASiE57ryz1ONsXFXsFtaUbH2fwk_fhPJtpSaLclBDDtuvnFaQ4Hauy94gW6bYSlXZWy3U0mMjlDlMNRJTSKCnDQGbXAUdMY7BY_zzzCW0HZxX3aK5VzWmHJeVOR05-YUsXuV-oj8AXo4UQ8ewC-rZhxKBWhBDeDcwiWYn4XXSJ3QzMvQdpN-VRxUC4J0Q5Ug6WlVY_b0QETrr5LyRo4Il64nCCTD7cgd3wR60rOCRKQZKw3tgk05-wBVmSrw0BtVJwuWlhD2f0_VtHgg0G4wKdbHFoTN2ED4K0bSMgj1Xu5uivXJUepYI_Ui5nlCsH0KevDt56uoqlFFZxUQSS-OizPeUiILspmMPD1ED7UGTtT37D5tEyCC_VXaWH50WP_kXdHn_omH44RXbXL9OT6-H=w640-h480-no?authuser=0\" width=\"427\" height=\"320\" \/><\/a><\/p>\n","protected":false},"excerpt":{"rendered":"<p>Dilluns va ser Santa Cec\u00edlia i a l&#8217;escola vam celebrar el dia de la m\u00fasica. Al mat\u00ed les nenes i els nens que toquen instruments ens van fer unes petites audicions de m\u00fasica. Ho van fer molt b\u00e9, moltes gr\u00e0cies!!! A la tarda vam ballar i ens ho vam passar molt b\u00e9 amb el Jordi [&hellip;]<\/p>\n","protected":false},"author":1,"featured_media":0,"comment_status":"open","ping_status":"closed","sticky":false,"template":"","format":"standard","meta":{"_bbp_topic_count":0,"_bbp_reply_count":0,"_bbp_total_topic_count":0,"_bbp_total_reply_count":0,"_bbp_voice_count":0,"_bbp_anonymous_reply_count":0,"_bbp_topic_count_hidden":0,"_bbp_reply_count_hidden":0,"_bbp_forum_subforum_count":0,"site-sidebar-layout":"default","site-content-layout":"","ast-site-content-layout":"","site-content-style":"default","site-sidebar-style":"default","ast-global-header-display":"","ast-banner-title-visibility":"","ast-main-header-display":"","ast-hfb-above-header-display":"","ast-hfb-below-header-display":"","ast-hfb-mobile-header-display":"","site-post-title":"","ast-breadcrumbs-content":"","ast-featured-img":"","footer-sml-layout":"","theme-transparent-header-meta":"","adv-header-id-meta":"","stick-header-meta":"","header-above-stick-meta":"","header-main-stick-meta":"","header-below-stick-meta":"","astra-migrate-meta-layouts":"default","ast-page-background-enabled":"default","ast-page-background-meta":{"desktop":{"background-color":"var(--ast-global-color-4)","background-image":"","background-repeat":"repeat","background-position":"center center","background-size":"auto","background-attachment":"scroll","background-type":"","background-media":"","overlay-type":"","overlay-color":"","overlay-opacity":"","overlay-gradient":""},"tablet":{"background-color":"","background-image":"","background-repeat":"repeat","background-position":"center center","background-size":"auto","background-attachment":"scroll","background-type":"","background-media":"","overlay-type":"","overlay-color":"","overlay-opacity":"","overlay-gradient":""},"mobile":{"background-color":"","background-image":"","background-repeat":"repeat","background-position":"center center","background-size":"auto","background-attachment":"scroll","background-type":"","background-media":"","overlay-type":"","overlay-color":"","overlay-opacity":"","overlay-gradient":""}},"ast-content-background-meta":{"desktop":{"background-color":"var(--ast-global-color-5)","background-image":"","background-repeat":"repeat","background-position":"center center","background-size":"auto","background-attachment":"scroll","background-type":"","background-media":"","overlay-type":"","overlay-color":"","overlay-opacity":"","overlay-gradient":""},"tablet":{"background-color":"var(--ast-global-color-5)","background-image":"","background-repeat":"repeat","background-position":"center center","background-size":"auto","background-attachment":"scroll","background-type":"","background-media":"","overlay-type":"","overlay-color":"","overlay-opacity":"","overlay-gradient":""},"mobile":{"background-color":"var(--ast-global-color-5)","background-image":"","background-repeat":"repeat","background-position":"center center","background-size":"auto","background-attachment":"scroll","background-type":"","background-media":"","overlay-type":"","overlay-color":"","overlay-opacity":"","overlay-gradient":""}},"footnotes":""},"categories":[176,11],"tags":[90],"class_list":["post-7939","post","type-post","status-publish","format-standard","hentry","category-21-22","category-prom14a","tag-musica"],"post_mailing_queue_ids":[],"_links":{"self":[{"href":"https:\/\/agora.xtec.cat\/escolametllers\/wp-json\/wp\/v2\/posts\/7939","targetHints":{"allow":["GET"]}}],"collection":[{"href":"https:\/\/agora.xtec.cat\/escolametllers\/wp-json\/wp\/v2\/posts"}],"about":[{"href":"https:\/\/agora.xtec.cat\/escolametllers\/wp-json\/wp\/v2\/types\/post"}],"author":[{"embeddable":true,"href":"https:\/\/agora.xtec.cat\/escolametllers\/wp-json\/wp\/v2\/users\/1"}],"replies":[{"embeddable":true,"href":"https:\/\/agora.xtec.cat\/escolametllers\/wp-json\/wp\/v2\/comments?post=7939"}],"version-history":[{"count":1,"href":"https:\/\/agora.xtec.cat\/escolametllers\/wp-json\/wp\/v2\/posts\/7939\/revisions"}],"predecessor-version":[{"id":7940,"href":"https:\/\/agora.xtec.cat\/escolametllers\/wp-json\/wp\/v2\/posts\/7939\/revisions\/7940"}],"wp:attachment":[{"href":"https:\/\/agora.xtec.cat\/escolametllers\/wp-json\/wp\/v2\/media?parent=7939"}],"wp:term":[{"taxonomy":"category","embeddable":true,"href":"https:\/\/agora.xtec.cat\/escolametllers\/wp-json\/wp\/v2\/categories?post=7939"},{"taxonomy":"post_tag","embeddable":true,"href":"https:\/\/agora.xtec.cat\/escolametllers\/wp-json\/wp\/v2\/tags?post=7939"}],"curies":[{"name":"wp","href":"https:\/\/api.w.org\/{rel}","templated":true}]}}