{"id":7770,"date":"2021-11-11T13:30:52","date_gmt":"2021-11-11T12:30:52","guid":{"rendered":"https:\/\/agora.xtec.cat\/escolametllers\/?p=7770"},"modified":"2022-09-24T15:46:53","modified_gmt":"2022-09-24T13:46:53","slug":"21-22-lhora-desmorzar","status":"publish","type":"post","link":"https:\/\/agora.xtec.cat\/escolametllers\/infantil\/21-22-lhora-desmorzar\/","title":{"rendered":"21-22 L&#8217;HORA D&#8217;ESMORZAR"},"content":{"rendered":"<p>Les activitats quotidianes a l\u2019Educaci\u00f3 Infantil es basen en donar resposta a les necessitats (salut, alimentaci\u00f3, higiene, benestar&#8230;) Aquestes activitats s\u00f3n ocasions magn\u00edfiques per potenciar l\u2019autonomia de l\u2019infant. A la classe del <strong>Mic<\/strong> hem parlat dels bons h\u00e0bits alimentaris i vetllem perqu\u00e8 els nens i nenes no nom\u00e9s mengin sa sin\u00f3 que tamb\u00e9 mantinguin una bona postura corporal quan esmorzen. A m\u00e9s recordem als infants la import\u00e0ncia d\u2019utilitzar correctament els estris (carmanyola, cantimplora&#8230;), no jugar amb el menjar i llen\u00e7ar les deixalles a les papereres corresponents (pells de fruita a la marr\u00f3, pl\u00e0stics a la groga, etc.)<\/p>\n<p>Mireu que b\u00e9 que ho fem&#8230;<\/p>\n<p><a href=\"https:\/\/photos.app.goo.gl\/59nzEgGnnW2TeHn69\"><img loading=\"lazy\" decoding=\"async\" class=\"alignnone wp-image-7771\" src=\"https:\/\/agora.xtec.cat\/escolametllers\/wp-content\/uploads\/usu1580\/2021\/11\/20211020_104603-1024x768.jpg\" alt=\"\" width=\"741\" height=\"556\" srcset=\"https:\/\/agora.xtec.cat\/escolametllers\/wp-content\/uploads\/usu1580\/2021\/11\/20211020_104603-1024x768.jpg 1024w, https:\/\/agora.xtec.cat\/escolametllers\/wp-content\/uploads\/usu1580\/2021\/11\/20211020_104603-300x225.jpg 300w, https:\/\/agora.xtec.cat\/escolametllers\/wp-content\/uploads\/usu1580\/2021\/11\/20211020_104603-768x576.jpg 768w, https:\/\/agora.xtec.cat\/escolametllers\/wp-content\/uploads\/usu1580\/2021\/11\/20211020_104603-200x150.jpg 200w, https:\/\/agora.xtec.cat\/escolametllers\/wp-content\/uploads\/usu1580\/2021\/11\/20211020_104603.jpg 1152w\" sizes=\"auto, (max-width: 741px) 100vw, 741px\" \/><\/a><\/p>\n","protected":false},"excerpt":{"rendered":"<p>Les activitats quotidianes a l\u2019Educaci\u00f3 Infantil es basen en donar resposta a les necessitats (salut, alimentaci\u00f3, higiene, benestar&#8230;) Aquestes activitats s\u00f3n ocasions magn\u00edfiques per potenciar l\u2019autonomia de l\u2019infant. A la classe del Mic hem parlat dels bons h\u00e0bits alimentaris i vetllem perqu\u00e8 els nens i nenes no nom\u00e9s mengin sa sin\u00f3 que tamb\u00e9 mantinguin una [&hellip;]<\/p>\n","protected":false},"author":1,"featured_media":0,"comment_status":"open","ping_status":"closed","sticky":false,"template":"","format":"standard","meta":{"_bbp_topic_count":0,"_bbp_reply_count":0,"_bbp_total_topic_count":0,"_bbp_total_reply_count":0,"_bbp_voice_count":0,"_bbp_anonymous_reply_count":0,"_bbp_topic_count_hidden":0,"_bbp_reply_count_hidden":0,"_bbp_forum_subforum_count":0,"site-sidebar-layout":"default","site-content-layout":"","ast-site-content-layout":"","site-content-style":"default","site-sidebar-style":"default","ast-global-header-display":"","ast-banner-title-visibility":"","ast-main-header-display":"","ast-hfb-above-header-display":"","ast-hfb-below-header-display":"","ast-hfb-mobile-header-display":"","site-post-title":"","ast-breadcrumbs-content":"","ast-featured-img":"","footer-sml-layout":"","theme-transparent-header-meta":"","adv-header-id-meta":"","stick-header-meta":"","header-above-stick-meta":"","header-main-stick-meta":"","header-below-stick-meta":"","astra-migrate-meta-layouts":"default","ast-page-background-enabled":"default","ast-page-background-meta":{"desktop":{"background-color":"var(--ast-global-color-4)","background-image":"","background-repeat":"repeat","background-position":"center center","background-size":"auto","background-attachment":"scroll","background-type":"","background-media":"","overlay-type":"","overlay-color":"","overlay-opacity":"","overlay-gradient":""},"tablet":{"background-color":"","background-image":"","background-repeat":"repeat","background-position":"center center","background-size":"auto","background-attachment":"scroll","background-type":"","background-media":"","overlay-type":"","overlay-color":"","overlay-opacity":"","overlay-gradient":""},"mobile":{"background-color":"","background-image":"","background-repeat":"repeat","background-position":"center center","background-size":"auto","background-attachment":"scroll","background-type":"","background-media":"","overlay-type":"","overlay-color":"","overlay-opacity":"","overlay-gradient":""}},"ast-content-background-meta":{"desktop":{"background-color":"var(--ast-global-color-5)","background-image":"","background-repeat":"repeat","background-position":"center center","background-size":"auto","background-attachment":"scroll","background-type":"","background-media":"","overlay-type":"","overlay-color":"","overlay-opacity":"","overlay-gradient":""},"tablet":{"background-color":"var(--ast-global-color-5)","background-image":"","background-repeat":"repeat","background-position":"center center","background-size":"auto","background-attachment":"scroll","background-type":"","background-media":"","overlay-type":"","overlay-color":"","overlay-opacity":"","overlay-gradient":""},"mobile":{"background-color":"var(--ast-global-color-5)","background-image":"","background-repeat":"repeat","background-position":"center center","background-size":"auto","background-attachment":"scroll","background-type":"","background-media":"","overlay-type":"","overlay-color":"","overlay-opacity":"","overlay-gradient":""}},"footnotes":""},"categories":[176,8,2],"tags":[138],"class_list":["post-7770","post","type-post","status-publish","format-standard","hentry","category-21-22","category-eic","category-infantil","tag-salut"],"post_mailing_queue_ids":[],"_links":{"self":[{"href":"https:\/\/agora.xtec.cat\/escolametllers\/wp-json\/wp\/v2\/posts\/7770","targetHints":{"allow":["GET"]}}],"collection":[{"href":"https:\/\/agora.xtec.cat\/escolametllers\/wp-json\/wp\/v2\/posts"}],"about":[{"href":"https:\/\/agora.xtec.cat\/escolametllers\/wp-json\/wp\/v2\/types\/post"}],"author":[{"embeddable":true,"href":"https:\/\/agora.xtec.cat\/escolametllers\/wp-json\/wp\/v2\/users\/1"}],"replies":[{"embeddable":true,"href":"https:\/\/agora.xtec.cat\/escolametllers\/wp-json\/wp\/v2\/comments?post=7770"}],"version-history":[{"count":1,"href":"https:\/\/agora.xtec.cat\/escolametllers\/wp-json\/wp\/v2\/posts\/7770\/revisions"}],"predecessor-version":[{"id":7772,"href":"https:\/\/agora.xtec.cat\/escolametllers\/wp-json\/wp\/v2\/posts\/7770\/revisions\/7772"}],"wp:attachment":[{"href":"https:\/\/agora.xtec.cat\/escolametllers\/wp-json\/wp\/v2\/media?parent=7770"}],"wp:term":[{"taxonomy":"category","embeddable":true,"href":"https:\/\/agora.xtec.cat\/escolametllers\/wp-json\/wp\/v2\/categories?post=7770"},{"taxonomy":"post_tag","embeddable":true,"href":"https:\/\/agora.xtec.cat\/escolametllers\/wp-json\/wp\/v2\/tags?post=7770"}],"curies":[{"name":"wp","href":"https:\/\/api.w.org\/{rel}","templated":true}]}}