{"id":7706,"date":"2021-10-29T10:35:39","date_gmt":"2021-10-29T08:35:39","guid":{"rendered":"https:\/\/agora.xtec.cat\/escolametllers\/?p=7706"},"modified":"2021-11-05T10:54:08","modified_gmt":"2021-11-05T09:54:08","slug":"castanyada-2","status":"publish","type":"post","link":"https:\/\/agora.xtec.cat\/escolametllers\/infantil\/castanyada-2\/","title":{"rendered":"CASTANYADA"},"content":{"rendered":"<p>Avui 29 octubre hem celebrat a l&#8217;escola la Castanyada!!!<\/p>\n<p>Al mat\u00ed hem vist el conte d&#8217;ombres xineses de &#8220;La Castanyera&#8221;. Despr\u00e9s hem buscat castanyes pels raconets de la nostra classe tot cantant la can\u00e7\u00f3:<\/p>\n<p style=\"text-align: center;\">&#8220;<span style=\"font-family: arial,sans-serif; font-size: medium;\">Castanyes i panellets<br \/>\nbuscarem pels raconets.<br \/>\n<\/span><span style=\"font-family: arial,sans-serif; font-size: medium;\">Si no n&#8217;hi ha,<br \/>\nno en podrem menjar.<br \/>\nSi en trobem,<br \/>\nens n&#8217;atiparem&#8221;<\/span><\/p>\n<p>Em trobat moltes castanyes amagades!!<\/p>\n<p>Despr\u00e9s d&#8217;esmorzar em pujat al pati de prim\u00e0ria ha ballar la nostra dansa i veure com ballaven la resta de nens i nenes de l&#8217;escola.<\/p>\n<p>A la tarda hem rebut una visita molt especial, una mare castanyera, li hem fet un regalet que hem preparat durant la setmana i despr\u00e9s ens ha acompanyat a veure com es torren les castanyes, ens han donat una paperina per cada un de nosaltres i ens les hem menjat al pati de prim\u00e0ria i hem ballat una mica abans de marxar cap a casa.<\/p>\n<p style=\"text-align: center;\"><a href=\"https:\/\/photos.app.goo.gl\/4qDXtu7z9JoawynHA\"><img loading=\"lazy\" decoding=\"async\" class=\"alignnone size-full wp-image-7707\" src=\"https:\/\/agora.xtec.cat\/escolametllers\/wp-content\/uploads\/usu1580\/2021\/11\/IMG_8628-rotated.jpg\" alt=\"\" width=\"480\" height=\"640\" srcset=\"https:\/\/agora.xtec.cat\/escolametllers\/wp-content\/uploads\/usu1580\/2021\/11\/IMG_8628-rotated.jpg 480w, https:\/\/agora.xtec.cat\/escolametllers\/wp-content\/uploads\/usu1580\/2021\/11\/IMG_8628-225x300.jpg 225w\" sizes=\"auto, (max-width: 480px) 100vw, 480px\" \/><\/a><\/p>\n<p>&nbsp;<\/p>\n<p>&nbsp;<\/p>\n<p>&nbsp;<\/p>\n","protected":false},"excerpt":{"rendered":"<p>Avui 29 octubre hem celebrat a l&#8217;escola la Castanyada!!! Al mat\u00ed hem vist el conte d&#8217;ombres xineses de &#8220;La Castanyera&#8221;. Despr\u00e9s hem buscat castanyes pels raconets de la nostra classe tot cantant la can\u00e7\u00f3: &#8220;Castanyes i panellets buscarem pels raconets. Si no n&#8217;hi ha, no en podrem menjar. Si en trobem, ens n&#8217;atiparem&#8221; Em trobat [&hellip;]<\/p>\n","protected":false},"author":1,"featured_media":0,"comment_status":"open","ping_status":"closed","sticky":false,"template":"","format":"standard","meta":{"_bbp_topic_count":0,"_bbp_reply_count":0,"_bbp_total_topic_count":0,"_bbp_total_reply_count":0,"_bbp_voice_count":0,"_bbp_anonymous_reply_count":0,"_bbp_topic_count_hidden":0,"_bbp_reply_count_hidden":0,"_bbp_forum_subforum_count":0,"site-sidebar-layout":"default","site-content-layout":"","ast-site-content-layout":"","site-content-style":"default","site-sidebar-style":"default","ast-global-header-display":"","ast-banner-title-visibility":"","ast-main-header-display":"","ast-hfb-above-header-display":"","ast-hfb-below-header-display":"","ast-hfb-mobile-header-display":"","site-post-title":"","ast-breadcrumbs-content":"","ast-featured-img":"","footer-sml-layout":"","theme-transparent-header-meta":"","adv-header-id-meta":"","stick-header-meta":"","header-above-stick-meta":"","header-main-stick-meta":"","header-below-stick-meta":"","astra-migrate-meta-layouts":"default","ast-page-background-enabled":"default","ast-page-background-meta":{"desktop":{"background-color":"var(--ast-global-color-4)","background-image":"","background-repeat":"repeat","background-position":"center center","background-size":"auto","background-attachment":"scroll","background-type":"","background-media":"","overlay-type":"","overlay-color":"","overlay-opacity":"","overlay-gradient":""},"tablet":{"background-color":"","background-image":"","background-repeat":"repeat","background-position":"center center","background-size":"auto","background-attachment":"scroll","background-type":"","background-media":"","overlay-type":"","overlay-color":"","overlay-opacity":"","overlay-gradient":""},"mobile":{"background-color":"","background-image":"","background-repeat":"repeat","background-position":"center center","background-size":"auto","background-attachment":"scroll","background-type":"","background-media":"","overlay-type":"","overlay-color":"","overlay-opacity":"","overlay-gradient":""}},"ast-content-background-meta":{"desktop":{"background-color":"var(--ast-global-color-5)","background-image":"","background-repeat":"repeat","background-position":"center center","background-size":"auto","background-attachment":"scroll","background-type":"","background-media":"","overlay-type":"","overlay-color":"","overlay-opacity":"","overlay-gradient":""},"tablet":{"background-color":"var(--ast-global-color-5)","background-image":"","background-repeat":"repeat","background-position":"center center","background-size":"auto","background-attachment":"scroll","background-type":"","background-media":"","overlay-type":"","overlay-color":"","overlay-opacity":"","overlay-gradient":""},"mobile":{"background-color":"var(--ast-global-color-5)","background-image":"","background-repeat":"repeat","background-position":"center center","background-size":"auto","background-attachment":"scroll","background-type":"","background-media":"","overlay-type":"","overlay-color":"","overlay-opacity":"","overlay-gradient":""}},"footnotes":""},"categories":[176,2,3],"tags":[195],"class_list":["post-7706","post","type-post","status-publish","format-standard","hentry","category-21-22","category-infantil","category-prom17a","tag-castanyada"],"post_mailing_queue_ids":[],"_links":{"self":[{"href":"https:\/\/agora.xtec.cat\/escolametllers\/wp-json\/wp\/v2\/posts\/7706","targetHints":{"allow":["GET"]}}],"collection":[{"href":"https:\/\/agora.xtec.cat\/escolametllers\/wp-json\/wp\/v2\/posts"}],"about":[{"href":"https:\/\/agora.xtec.cat\/escolametllers\/wp-json\/wp\/v2\/types\/post"}],"author":[{"embeddable":true,"href":"https:\/\/agora.xtec.cat\/escolametllers\/wp-json\/wp\/v2\/users\/1"}],"replies":[{"embeddable":true,"href":"https:\/\/agora.xtec.cat\/escolametllers\/wp-json\/wp\/v2\/comments?post=7706"}],"version-history":[{"count":1,"href":"https:\/\/agora.xtec.cat\/escolametllers\/wp-json\/wp\/v2\/posts\/7706\/revisions"}],"predecessor-version":[{"id":7708,"href":"https:\/\/agora.xtec.cat\/escolametllers\/wp-json\/wp\/v2\/posts\/7706\/revisions\/7708"}],"wp:attachment":[{"href":"https:\/\/agora.xtec.cat\/escolametllers\/wp-json\/wp\/v2\/media?parent=7706"}],"wp:term":[{"taxonomy":"category","embeddable":true,"href":"https:\/\/agora.xtec.cat\/escolametllers\/wp-json\/wp\/v2\/categories?post=7706"},{"taxonomy":"post_tag","embeddable":true,"href":"https:\/\/agora.xtec.cat\/escolametllers\/wp-json\/wp\/v2\/tags?post=7706"}],"curies":[{"name":"wp","href":"https:\/\/api.w.org\/{rel}","templated":true}]}}