{"id":7679,"date":"2021-11-04T20:23:06","date_gmt":"2021-11-04T19:23:06","guid":{"rendered":"https:\/\/agora.xtec.cat\/escolametllers\/?p=7679"},"modified":"2022-09-24T15:45:20","modified_gmt":"2022-09-24T13:45:20","slug":"estampem-amb-fruits-de-tardor","status":"publish","type":"post","link":"https:\/\/agora.xtec.cat\/escolametllers\/infantil\/estampem-amb-fruits-de-tardor\/","title":{"rendered":"ESTAMPEM AMB FRUITS DE TARDOR"},"content":{"rendered":"<p>Despr\u00e9s de molts dies d&#8217;observar els diferents fruits de tardor que ens heu anat portant a l&#8217;aula, aquesta \u00faltima setmana enlloc de mirar-los per fora els hem volgut mirar i remirar com s\u00f3n per dins.<\/p>\n<p>Abans de tallar-los i obrir-los hem fet suposicions sobre el seu color interior.<\/p>\n<p>Amb el\u00a0 moniato i la magrana per exemple, no hi ha hagut cap dubte. Tothom ha dit taronja i vermell o rosa respectivament. Per\u00f2 amb el codony el color m\u00e9s repetit ha sigut el vermell i fins i tot el blau!!<\/p>\n<p>Quina sorpresa es van emportar i van veure que no era aix\u00ed.<\/p>\n<p>Un cop oberts i partits per la meitat, vam agafar els colors de pintura corresponents i vam fer l&#8217;estampaci\u00f3 sobre un full blanc.<\/p>\n<p>S&#8217;ho van passar d&#8217;all\u00f2 m\u00e9s b\u00e9!!! Mireu mireu&#8230;&#8230;.<\/p>\n<p>&nbsp;<\/p>\n<p><a href=\"https:\/\/photos.app.goo.gl\/1jR1VkiLQi1uNhnMA\"><img loading=\"lazy\" decoding=\"async\" class=\"alignnone wp-image-7681\" src=\"https:\/\/agora.xtec.cat\/escolametllers\/wp-content\/uploads\/usu1580\/2021\/11\/20211022_093942-1024x768.jpg\" alt=\"\" width=\"274\" height=\"206\" srcset=\"https:\/\/agora.xtec.cat\/escolametllers\/wp-content\/uploads\/usu1580\/2021\/11\/20211022_093942-1024x768.jpg 1024w, https:\/\/agora.xtec.cat\/escolametllers\/wp-content\/uploads\/usu1580\/2021\/11\/20211022_093942-300x225.jpg 300w, https:\/\/agora.xtec.cat\/escolametllers\/wp-content\/uploads\/usu1580\/2021\/11\/20211022_093942-768x576.jpg 768w, https:\/\/agora.xtec.cat\/escolametllers\/wp-content\/uploads\/usu1580\/2021\/11\/20211022_093942-200x150.jpg 200w, https:\/\/agora.xtec.cat\/escolametllers\/wp-content\/uploads\/usu1580\/2021\/11\/20211022_093942.jpg 1032w\" sizes=\"auto, (max-width: 274px) 100vw, 274px\" \/><\/a><\/p>\n","protected":false},"excerpt":{"rendered":"<p>Despr\u00e9s de molts dies d&#8217;observar els diferents fruits de tardor que ens heu anat portant a l&#8217;aula, aquesta \u00faltima setmana enlloc de mirar-los per fora els hem volgut mirar i remirar com s\u00f3n per dins. Abans de tallar-los i obrir-los hem fet suposicions sobre el seu color interior. Amb el\u00a0 moniato i la magrana per [&hellip;]<\/p>\n","protected":false},"author":1,"featured_media":0,"comment_status":"open","ping_status":"closed","sticky":false,"template":"","format":"standard","meta":{"_bbp_topic_count":0,"_bbp_reply_count":0,"_bbp_total_topic_count":0,"_bbp_total_reply_count":0,"_bbp_voice_count":0,"_bbp_anonymous_reply_count":0,"_bbp_topic_count_hidden":0,"_bbp_reply_count_hidden":0,"_bbp_forum_subforum_count":0,"site-sidebar-layout":"default","site-content-layout":"","ast-site-content-layout":"","site-content-style":"default","site-sidebar-style":"default","ast-global-header-display":"","ast-banner-title-visibility":"","ast-main-header-display":"","ast-hfb-above-header-display":"","ast-hfb-below-header-display":"","ast-hfb-mobile-header-display":"","site-post-title":"","ast-breadcrumbs-content":"","ast-featured-img":"","footer-sml-layout":"","theme-transparent-header-meta":"","adv-header-id-meta":"","stick-header-meta":"","header-above-stick-meta":"","header-main-stick-meta":"","header-below-stick-meta":"","astra-migrate-meta-layouts":"default","ast-page-background-enabled":"default","ast-page-background-meta":{"desktop":{"background-color":"var(--ast-global-color-4)","background-image":"","background-repeat":"repeat","background-position":"center center","background-size":"auto","background-attachment":"scroll","background-type":"","background-media":"","overlay-type":"","overlay-color":"","overlay-opacity":"","overlay-gradient":""},"tablet":{"background-color":"","background-image":"","background-repeat":"repeat","background-position":"center center","background-size":"auto","background-attachment":"scroll","background-type":"","background-media":"","overlay-type":"","overlay-color":"","overlay-opacity":"","overlay-gradient":""},"mobile":{"background-color":"","background-image":"","background-repeat":"repeat","background-position":"center center","background-size":"auto","background-attachment":"scroll","background-type":"","background-media":"","overlay-type":"","overlay-color":"","overlay-opacity":"","overlay-gradient":""}},"ast-content-background-meta":{"desktop":{"background-color":"var(--ast-global-color-5)","background-image":"","background-repeat":"repeat","background-position":"center center","background-size":"auto","background-attachment":"scroll","background-type":"","background-media":"","overlay-type":"","overlay-color":"","overlay-opacity":"","overlay-gradient":""},"tablet":{"background-color":"var(--ast-global-color-5)","background-image":"","background-repeat":"repeat","background-position":"center center","background-size":"auto","background-attachment":"scroll","background-type":"","background-media":"","overlay-type":"","overlay-color":"","overlay-opacity":"","overlay-gradient":""},"mobile":{"background-color":"var(--ast-global-color-5)","background-image":"","background-repeat":"repeat","background-position":"center center","background-size":"auto","background-attachment":"scroll","background-type":"","background-media":"","overlay-type":"","overlay-color":"","overlay-opacity":"","overlay-gradient":""}},"footnotes":""},"categories":[2,61],"tags":[17,285],"class_list":["post-7679","post","type-post","status-publish","format-standard","hentry","category-infantil","category-prom17b","tag-art","tag-tardor"],"post_mailing_queue_ids":[],"_links":{"self":[{"href":"https:\/\/agora.xtec.cat\/escolametllers\/wp-json\/wp\/v2\/posts\/7679","targetHints":{"allow":["GET"]}}],"collection":[{"href":"https:\/\/agora.xtec.cat\/escolametllers\/wp-json\/wp\/v2\/posts"}],"about":[{"href":"https:\/\/agora.xtec.cat\/escolametllers\/wp-json\/wp\/v2\/types\/post"}],"author":[{"embeddable":true,"href":"https:\/\/agora.xtec.cat\/escolametllers\/wp-json\/wp\/v2\/users\/1"}],"replies":[{"embeddable":true,"href":"https:\/\/agora.xtec.cat\/escolametllers\/wp-json\/wp\/v2\/comments?post=7679"}],"version-history":[{"count":3,"href":"https:\/\/agora.xtec.cat\/escolametllers\/wp-json\/wp\/v2\/posts\/7679\/revisions"}],"predecessor-version":[{"id":7683,"href":"https:\/\/agora.xtec.cat\/escolametllers\/wp-json\/wp\/v2\/posts\/7679\/revisions\/7683"}],"wp:attachment":[{"href":"https:\/\/agora.xtec.cat\/escolametllers\/wp-json\/wp\/v2\/media?parent=7679"}],"wp:term":[{"taxonomy":"category","embeddable":true,"href":"https:\/\/agora.xtec.cat\/escolametllers\/wp-json\/wp\/v2\/categories?post=7679"},{"taxonomy":"post_tag","embeddable":true,"href":"https:\/\/agora.xtec.cat\/escolametllers\/wp-json\/wp\/v2\/tags?post=7679"}],"curies":[{"name":"wp","href":"https:\/\/api.w.org\/{rel}","templated":true}]}}