{"id":7467,"date":"2021-10-25T12:17:46","date_gmt":"2021-10-25T10:17:46","guid":{"rendered":"https:\/\/agora.xtec.cat\/escolametllers\/?p=7467"},"modified":"2022-09-20T19:21:48","modified_gmt":"2022-09-20T17:21:48","slug":"festa-de-benvinguda-2","status":"publish","type":"post","link":"https:\/\/agora.xtec.cat\/escolametllers\/infantil\/festa-de-benvinguda-2\/","title":{"rendered":"FESTA DE BENVINGUDA"},"content":{"rendered":"<p>El passat divendres 15 d\u2019octubre vam celebrar la <strong>Festa de Benvinguda<\/strong>, una festa que serveix per donar la benvinguda a tots els infants i mestres nous de l\u2019escola. La vam fer al pati dels grans i va ser molt llu\u00efda! Tots an\u00e0vem vestits de gala i cada classe portava una cartolina decorada amb el nom corresponent i un petit r\u00e8tol (tamb\u00e9 amb el nom del MIC) que vam enganxar a l\u2019estrella del Passeig de la Fama. Recordeu que el tema central d\u2019aquest curs \u00e9s el m\u00f3n del cinema i el nostre lema \u00e9s <strong>\u201c3,2,1&#8230;acci\u00f3\u201d.<\/strong><\/p>\n<p>A la pista no hi faltava cap detall. Ten\u00edem una catifa vermella, globus platejats i daurats, les estrelles del Passeig dels famosos, altaveus amb m\u00fasica, etc. Totes les classes van tenir el seu <em>Oscar<\/em> i a la classe del MIC ens van donar l\u2019<em>Oscar<\/em> als <strong>Millors titellaires de l\u2019escola<\/strong>.<\/p>\n<p>Ens ho vam passar molt b\u00e9 perqu\u00e8 la festa va acabar amb una bona ballaruga! Mireu, mireu, que guapos i guapes que an\u00e0vem tots&#8230;<\/p>\n<p><a href=\"https:\/\/agora.xtec.cat\/escolametllers\/wp-content\/uploads\/usu1580\/2021\/10\/20211015_102424.jpg\"><img loading=\"lazy\" decoding=\"async\" class=\"alignnone size-large wp-image-7468\" src=\"https:\/\/agora.xtec.cat\/escolametllers\/wp-content\/uploads\/usu1580\/2021\/10\/20211015_102424-1024x768.jpg\" alt=\"\" width=\"1024\" height=\"768\" srcset=\"https:\/\/agora.xtec.cat\/escolametllers\/wp-content\/uploads\/usu1580\/2021\/10\/20211015_102424-1024x768.jpg 1024w, https:\/\/agora.xtec.cat\/escolametllers\/wp-content\/uploads\/usu1580\/2021\/10\/20211015_102424-300x225.jpg 300w, https:\/\/agora.xtec.cat\/escolametllers\/wp-content\/uploads\/usu1580\/2021\/10\/20211015_102424-768x576.jpg 768w, https:\/\/agora.xtec.cat\/escolametllers\/wp-content\/uploads\/usu1580\/2021\/10\/20211015_102424-200x150.jpg 200w, https:\/\/agora.xtec.cat\/escolametllers\/wp-content\/uploads\/usu1580\/2021\/10\/20211015_102424.jpg 1152w\" sizes=\"auto, (max-width: 1024px) 100vw, 1024px\" \/><\/a><a href=\"https:\/\/photos.app.goo.gl\/QFB1LMRHoTMXPUgD6\">https:\/\/photos.app.goo.gl\/QFB1LMRHoTMXPUgD6<\/a><\/p>\n","protected":false},"excerpt":{"rendered":"<p>El passat divendres 15 d\u2019octubre vam celebrar la Festa de Benvinguda, una festa que serveix per donar la benvinguda a tots els infants i mestres nous de l\u2019escola. La vam fer al pati dels grans i va ser molt llu\u00efda! Tots an\u00e0vem vestits de gala i cada classe portava una cartolina decorada amb el nom [&hellip;]<\/p>\n","protected":false},"author":1,"featured_media":0,"comment_status":"open","ping_status":"closed","sticky":false,"template":"","format":"standard","meta":{"_bbp_topic_count":0,"_bbp_reply_count":0,"_bbp_total_topic_count":0,"_bbp_total_reply_count":0,"_bbp_voice_count":0,"_bbp_anonymous_reply_count":0,"_bbp_topic_count_hidden":0,"_bbp_reply_count_hidden":0,"_bbp_forum_subforum_count":0,"site-sidebar-layout":"default","site-content-layout":"","ast-site-content-layout":"","site-content-style":"default","site-sidebar-style":"default","ast-global-header-display":"","ast-banner-title-visibility":"","ast-main-header-display":"","ast-hfb-above-header-display":"","ast-hfb-below-header-display":"","ast-hfb-mobile-header-display":"","site-post-title":"","ast-breadcrumbs-content":"","ast-featured-img":"","footer-sml-layout":"","theme-transparent-header-meta":"","adv-header-id-meta":"","stick-header-meta":"","header-above-stick-meta":"","header-main-stick-meta":"","header-below-stick-meta":"","astra-migrate-meta-layouts":"default","ast-page-background-enabled":"default","ast-page-background-meta":{"desktop":{"background-color":"var(--ast-global-color-4)","background-image":"","background-repeat":"repeat","background-position":"center center","background-size":"auto","background-attachment":"scroll","background-type":"","background-media":"","overlay-type":"","overlay-color":"","overlay-opacity":"","overlay-gradient":""},"tablet":{"background-color":"","background-image":"","background-repeat":"repeat","background-position":"center center","background-size":"auto","background-attachment":"scroll","background-type":"","background-media":"","overlay-type":"","overlay-color":"","overlay-opacity":"","overlay-gradient":""},"mobile":{"background-color":"","background-image":"","background-repeat":"repeat","background-position":"center center","background-size":"auto","background-attachment":"scroll","background-type":"","background-media":"","overlay-type":"","overlay-color":"","overlay-opacity":"","overlay-gradient":""}},"ast-content-background-meta":{"desktop":{"background-color":"var(--ast-global-color-5)","background-image":"","background-repeat":"repeat","background-position":"center center","background-size":"auto","background-attachment":"scroll","background-type":"","background-media":"","overlay-type":"","overlay-color":"","overlay-opacity":"","overlay-gradient":""},"tablet":{"background-color":"var(--ast-global-color-5)","background-image":"","background-repeat":"repeat","background-position":"center center","background-size":"auto","background-attachment":"scroll","background-type":"","background-media":"","overlay-type":"","overlay-color":"","overlay-opacity":"","overlay-gradient":""},"mobile":{"background-color":"var(--ast-global-color-5)","background-image":"","background-repeat":"repeat","background-position":"center center","background-size":"auto","background-attachment":"scroll","background-type":"","background-media":"","overlay-type":"","overlay-color":"","overlay-opacity":"","overlay-gradient":""}},"footnotes":""},"categories":[176,8,2],"tags":[281],"class_list":["post-7467","post","type-post","status-publish","format-standard","hentry","category-21-22","category-eic","category-infantil","tag-benvinguda"],"post_mailing_queue_ids":[],"_links":{"self":[{"href":"https:\/\/agora.xtec.cat\/escolametllers\/wp-json\/wp\/v2\/posts\/7467","targetHints":{"allow":["GET"]}}],"collection":[{"href":"https:\/\/agora.xtec.cat\/escolametllers\/wp-json\/wp\/v2\/posts"}],"about":[{"href":"https:\/\/agora.xtec.cat\/escolametllers\/wp-json\/wp\/v2\/types\/post"}],"author":[{"embeddable":true,"href":"https:\/\/agora.xtec.cat\/escolametllers\/wp-json\/wp\/v2\/users\/1"}],"replies":[{"embeddable":true,"href":"https:\/\/agora.xtec.cat\/escolametllers\/wp-json\/wp\/v2\/comments?post=7467"}],"version-history":[{"count":1,"href":"https:\/\/agora.xtec.cat\/escolametllers\/wp-json\/wp\/v2\/posts\/7467\/revisions"}],"predecessor-version":[{"id":7469,"href":"https:\/\/agora.xtec.cat\/escolametllers\/wp-json\/wp\/v2\/posts\/7467\/revisions\/7469"}],"wp:attachment":[{"href":"https:\/\/agora.xtec.cat\/escolametllers\/wp-json\/wp\/v2\/media?parent=7467"}],"wp:term":[{"taxonomy":"category","embeddable":true,"href":"https:\/\/agora.xtec.cat\/escolametllers\/wp-json\/wp\/v2\/categories?post=7467"},{"taxonomy":"post_tag","embeddable":true,"href":"https:\/\/agora.xtec.cat\/escolametllers\/wp-json\/wp\/v2\/tags?post=7467"}],"curies":[{"name":"wp","href":"https:\/\/api.w.org\/{rel}","templated":true}]}}