{"id":7422,"date":"2021-10-16T13:27:20","date_gmt":"2021-10-16T11:27:20","guid":{"rendered":"https:\/\/agora.xtec.cat\/escolametllers\/?p=7422"},"modified":"2022-09-24T15:41:40","modified_gmt":"2022-09-24T13:41:40","slug":"preparem-la-festa-de-benvinguda","status":"publish","type":"post","link":"https:\/\/agora.xtec.cat\/escolametllers\/primaria\/prom14a\/preparem-la-festa-de-benvinguda\/","title":{"rendered":"PREPAREM LA FESTA DE BENVINGUDA"},"content":{"rendered":"<p>Quina sorpresa que vam tenir quan les nenes i els nens\u00a0 de 6\u00e8 ens van portar la invitaci\u00f3 a la festa dels \u00d2scars que tindr\u00e0 lloc a l&#8217;escola el divendres 15 d&#8217;octubre. Ens van dir que era una gala i que aquell dia s&#8217;havia de venir ben elegant a l&#8217;escola.<\/p>\n<p>Durant aquests dies hem estat preparant el cartell de la nostra classe, ens ha quedat s\u00faper bonic.<\/p>\n<p>Va ser una entrega dels \u00d2scars fant\u00e0stica, a nosaltres ens van donar el premi als <em><strong>MILLORS CUINERES I CUINERS!!!<\/strong><\/em><\/p>\n<p><a href=\"https:\/\/photos.app.goo.gl\/y48pMDdRMQYTDnKZ6\"><img loading=\"lazy\" decoding=\"async\" class=\"aligncenter\" src=\"https:\/\/lh3.googleusercontent.com\/NpwGi6YxNx6NFNeI_c0aQQvP8UgoZGfYiYg8Bg0rTysyej0roP5EMofbIgnSckoicQVU1WDTnDRdxHgy7p3T1_XQ-1731QJ3tlC68cX3mxEss1_0g6Deq-yL-seXT2AbXPKPBoNj7Tuz6CcewZHhjTxsFou10XnYDspEZcmPwt17MlrjgbwTBs4kW6lyPvkYLu-PYBpZ6Pf-qp1cs08_bAMsaSy1ziOEAu6E_7m408Gw-zb1kDAtdtCAFQ_wU6yGglvKUqu8K1dfaPA640TaUbYRO1251YXDrwb-os8pO9s6duI-gHmPl15NSoyYeOVrmeOpXQgUhc7cLGI34aEJk8GzTyHEXMxzA5SA-2rFND4EdrOlpfWSjH6AZ1QRB_38a1cXyxRllIAz0MVg9UPxmr-k-7MhWCnahcN5vpmMXbuwFVge9ZXCSm_CyYFsa5ULrsuMYVQlkAieVpAg9cmFJAHvP2qec_noG7Gi_zKIFl_vKughIjziUrsLaW0gmOVx-ETdRpmZ9qNb9OdbgQww40_BPJGImVHdXEjFAmc7ny7ms3z-1T5rHNu_iGxKE3uKCEJ7WzBux2PNNtoc9SeMEO8Hoh08QAFOwhWoPXFSvLdok5JHkI0RAqha_vDc4X9mYnYovxYAsQ6l1T50YoD_95d8h69wP7tpu40EMAtMiq6-5i99PVXtuV7K54N8j9qFmFSHK4ciHzbY0Aclvn0WcbpB=w1155-h866-no?authuser=0\" width=\"583\" height=\"438\" \/><\/a><\/p>\n<p>&nbsp;<\/p>\n<p>&nbsp;<\/p>\n","protected":false},"excerpt":{"rendered":"<p>Quina sorpresa que vam tenir quan les nenes i els nens\u00a0 de 6\u00e8 ens van portar la invitaci\u00f3 a la festa dels \u00d2scars que tindr\u00e0 lloc a l&#8217;escola el divendres 15 d&#8217;octubre. Ens van dir que era una gala i que aquell dia s&#8217;havia de venir ben elegant a l&#8217;escola. Durant aquests dies hem estat [&hellip;]<\/p>\n","protected":false},"author":1,"featured_media":0,"comment_status":"open","ping_status":"closed","sticky":false,"template":"","format":"standard","meta":{"_bbp_topic_count":0,"_bbp_reply_count":0,"_bbp_total_topic_count":0,"_bbp_total_reply_count":0,"_bbp_voice_count":0,"_bbp_anonymous_reply_count":0,"_bbp_topic_count_hidden":0,"_bbp_reply_count_hidden":0,"_bbp_forum_subforum_count":0,"site-sidebar-layout":"default","site-content-layout":"","ast-site-content-layout":"","site-content-style":"default","site-sidebar-style":"default","ast-global-header-display":"","ast-banner-title-visibility":"","ast-main-header-display":"","ast-hfb-above-header-display":"","ast-hfb-below-header-display":"","ast-hfb-mobile-header-display":"","site-post-title":"","ast-breadcrumbs-content":"","ast-featured-img":"","footer-sml-layout":"","theme-transparent-header-meta":"","adv-header-id-meta":"","stick-header-meta":"","header-above-stick-meta":"","header-main-stick-meta":"","header-below-stick-meta":"","astra-migrate-meta-layouts":"default","ast-page-background-enabled":"default","ast-page-background-meta":{"desktop":{"background-color":"var(--ast-global-color-4)","background-image":"","background-repeat":"repeat","background-position":"center center","background-size":"auto","background-attachment":"scroll","background-type":"","background-media":"","overlay-type":"","overlay-color":"","overlay-opacity":"","overlay-gradient":""},"tablet":{"background-color":"","background-image":"","background-repeat":"repeat","background-position":"center center","background-size":"auto","background-attachment":"scroll","background-type":"","background-media":"","overlay-type":"","overlay-color":"","overlay-opacity":"","overlay-gradient":""},"mobile":{"background-color":"","background-image":"","background-repeat":"repeat","background-position":"center center","background-size":"auto","background-attachment":"scroll","background-type":"","background-media":"","overlay-type":"","overlay-color":"","overlay-opacity":"","overlay-gradient":""}},"ast-content-background-meta":{"desktop":{"background-color":"var(--ast-global-color-5)","background-image":"","background-repeat":"repeat","background-position":"center center","background-size":"auto","background-attachment":"scroll","background-type":"","background-media":"","overlay-type":"","overlay-color":"","overlay-opacity":"","overlay-gradient":""},"tablet":{"background-color":"var(--ast-global-color-5)","background-image":"","background-repeat":"repeat","background-position":"center center","background-size":"auto","background-attachment":"scroll","background-type":"","background-media":"","overlay-type":"","overlay-color":"","overlay-opacity":"","overlay-gradient":""},"mobile":{"background-color":"var(--ast-global-color-5)","background-image":"","background-repeat":"repeat","background-position":"center center","background-size":"auto","background-attachment":"scroll","background-type":"","background-media":"","overlay-type":"","overlay-color":"","overlay-opacity":"","overlay-gradient":""}},"footnotes":""},"categories":[176,11],"tags":[281],"class_list":["post-7422","post","type-post","status-publish","format-standard","hentry","category-21-22","category-prom14a","tag-benvinguda"],"post_mailing_queue_ids":[],"_links":{"self":[{"href":"https:\/\/agora.xtec.cat\/escolametllers\/wp-json\/wp\/v2\/posts\/7422","targetHints":{"allow":["GET"]}}],"collection":[{"href":"https:\/\/agora.xtec.cat\/escolametllers\/wp-json\/wp\/v2\/posts"}],"about":[{"href":"https:\/\/agora.xtec.cat\/escolametllers\/wp-json\/wp\/v2\/types\/post"}],"author":[{"embeddable":true,"href":"https:\/\/agora.xtec.cat\/escolametllers\/wp-json\/wp\/v2\/users\/1"}],"replies":[{"embeddable":true,"href":"https:\/\/agora.xtec.cat\/escolametllers\/wp-json\/wp\/v2\/comments?post=7422"}],"version-history":[{"count":1,"href":"https:\/\/agora.xtec.cat\/escolametllers\/wp-json\/wp\/v2\/posts\/7422\/revisions"}],"predecessor-version":[{"id":7423,"href":"https:\/\/agora.xtec.cat\/escolametllers\/wp-json\/wp\/v2\/posts\/7422\/revisions\/7423"}],"wp:attachment":[{"href":"https:\/\/agora.xtec.cat\/escolametllers\/wp-json\/wp\/v2\/media?parent=7422"}],"wp:term":[{"taxonomy":"category","embeddable":true,"href":"https:\/\/agora.xtec.cat\/escolametllers\/wp-json\/wp\/v2\/categories?post=7422"},{"taxonomy":"post_tag","embeddable":true,"href":"https:\/\/agora.xtec.cat\/escolametllers\/wp-json\/wp\/v2\/tags?post=7422"}],"curies":[{"name":"wp","href":"https:\/\/api.w.org\/{rel}","templated":true}]}}