{"id":7005,"date":"2021-10-11T15:43:58","date_gmt":"2021-10-11T13:43:58","guid":{"rendered":"https:\/\/agora.xtec.cat\/escolametllers\/?p=7005"},"modified":"2022-09-24T15:39:29","modified_gmt":"2022-09-24T13:39:29","slug":"ja-ha-arribat-la-tardor","status":"publish","type":"post","link":"https:\/\/agora.xtec.cat\/escolametllers\/infantil\/ja-ha-arribat-la-tardor\/","title":{"rendered":"JA HA ARRIBAT LA TARDOR"},"content":{"rendered":"<p>Amb l&#8217;arribada de la tardor aquests \u00faltims dies hem estat ben enfeinats fent diferents activitats al voltant d&#8217;aquesta tem\u00e0tica.<\/p>\n<p>Hem observat i explorat els fruits de tardor que heu portat a l&#8217;escola: castanyes, aglans, magranes,<\/p>\n<p><span style=\"font-family: inherit; font-size: 1em;\">moniatos, carbasses, blat de moro, pinyes,<\/span><\/p>\n<p><span style=\"font-family: inherit; font-size: 1em;\">fulles&#8230;&#8230;.per cert gr\u00e0cies per la vostra col.l<\/span><span style=\"font-family: inherit; font-size: 1em;\">aboraci\u00f3.<\/span><\/p>\n<p><span style=\"font-family: inherit; font-size: 1em;\">Hem mirat quina forma tenen, de quin color s\u00f3n, si fan bona olor, hem desgranat el b<\/span><span style=\"font-family: inherit; font-size: 1em;\">lat de\u00a0 moro&#8230;.<\/span><\/p>\n<p>Tamb\u00e9 hem classificat ca<span style=\"font-family: inherit; font-size: 1em;\">stanyes segons la mida, g<\/span>rans, petites&#8230;.<\/p>\n<p><img loading=\"lazy\" decoding=\"async\" class=\"wp-image-7006 alignright\" src=\"https:\/\/agora.xtec.cat\/escolametllers\/wp-content\/uploads\/usu1580\/2021\/10\/20211005_150848.jpg\" alt=\"\" width=\"350\" height=\"264\" srcset=\"https:\/\/agora.xtec.cat\/escolametllers\/wp-content\/uploads\/usu1580\/2021\/10\/20211005_150848.jpg 258w, https:\/\/agora.xtec.cat\/escolametllers\/wp-content\/uploads\/usu1580\/2021\/10\/20211005_150848-200x150.jpg 200w\" sizes=\"auto, (max-width: 350px) 100vw, 350px\" \/><\/p>\n<p>&nbsp;<\/p>\n<p>&nbsp;<\/p>\n<p><a href=\"https:\/\/photos.app.goo.gl\/UBAcWfbK1vgT6Jau6\">\u00a0 \u00a0 \u00a0 \u00a0 \u00a0 \u00a0 \u00a0 \u00a0 \u00a0 \u00a0 \u00a0 \u00a0 \u00a0 \u00a0 \u00a0 \u00a0Exploraci\u00f3 dels fruits de la tardor<\/a><\/p>\n<p>&nbsp;<\/p>\n<p><a href=\"https:\/\/photos.app.goo.gl\/CKFx56fan4Mh4Mp67\">\u00a0 \u00a0 \u00a0 \u00a0 \u00a0 \u00a0 \u00a0 \u00a0Muntem el raconet de tardor<\/a><\/p>\n<p><img loading=\"lazy\" decoding=\"async\" class=\"wp-image-7007 aligncenter\" src=\"https:\/\/agora.xtec.cat\/escolametllers\/wp-content\/uploads\/usu1580\/2021\/10\/20211007_154133-1024x768.jpg\" alt=\"\" width=\"313\" height=\"235\" srcset=\"https:\/\/agora.xtec.cat\/escolametllers\/wp-content\/uploads\/usu1580\/2021\/10\/20211007_154133-1024x768.jpg 1024w, https:\/\/agora.xtec.cat\/escolametllers\/wp-content\/uploads\/usu1580\/2021\/10\/20211007_154133-300x225.jpg 300w, https:\/\/agora.xtec.cat\/escolametllers\/wp-content\/uploads\/usu1580\/2021\/10\/20211007_154133-768x576.jpg 768w, https:\/\/agora.xtec.cat\/escolametllers\/wp-content\/uploads\/usu1580\/2021\/10\/20211007_154133-200x150.jpg 200w, https:\/\/agora.xtec.cat\/escolametllers\/wp-content\/uploads\/usu1580\/2021\/10\/20211007_154133.jpg 1032w\" sizes=\"auto, (max-width: 313px) 100vw, 313px\" \/><\/p>\n<p>Hem fet un mural amb els colors de la tardor i mica en mica hem anat muntant el nostre raconet per la classe referent a aquesta estaci\u00f3.<\/p>\n<p>Una altra activitat que tamb\u00e9 ha agradat molt ha estat fer un dibuix directament del natural observant ben b\u00e9 com s\u00f3n aquests fruits i pintar-los amb pintura sobre paper.<\/p>\n<p><a href=\"https:\/\/photos.app.goo.gl\/7KoYK45hSAs3qj5D6\">Pintura del natural<\/a><\/p>\n<p><a href=\"https:\/\/photos.app.goo.gl\/7KoYK45hSAs3qj5D6\"><img loading=\"lazy\" decoding=\"async\" class=\"wp-image-7012 aligncenter\" src=\"https:\/\/agora.xtec.cat\/escolametllers\/wp-content\/uploads\/usu1580\/2021\/10\/20211008_101004-1-1024x768.jpg\" alt=\"\" width=\"305\" height=\"229\" srcset=\"https:\/\/agora.xtec.cat\/escolametllers\/wp-content\/uploads\/usu1580\/2021\/10\/20211008_101004-1-1024x768.jpg 1024w, https:\/\/agora.xtec.cat\/escolametllers\/wp-content\/uploads\/usu1580\/2021\/10\/20211008_101004-1-300x225.jpg 300w, https:\/\/agora.xtec.cat\/escolametllers\/wp-content\/uploads\/usu1580\/2021\/10\/20211008_101004-1-768x576.jpg 768w, https:\/\/agora.xtec.cat\/escolametllers\/wp-content\/uploads\/usu1580\/2021\/10\/20211008_101004-1-200x150.jpg 200w, https:\/\/agora.xtec.cat\/escolametllers\/wp-content\/uploads\/usu1580\/2021\/10\/20211008_101004-1.jpg 1032w\" sizes=\"auto, (max-width: 305px) 100vw, 305px\" \/><\/a><\/p>\n<p>&nbsp;<\/p>\n<p>&nbsp;<\/p>\n","protected":false},"excerpt":{"rendered":"<p>Amb l&#8217;arribada de la tardor aquests \u00faltims dies hem estat ben enfeinats fent diferents activitats al voltant d&#8217;aquesta tem\u00e0tica. Hem observat i explorat els fruits de tardor que heu portat a l&#8217;escola: castanyes, aglans, magranes, moniatos, carbasses, blat de moro, pinyes, fulles&#8230;&#8230;.per cert gr\u00e0cies per la vostra col.laboraci\u00f3. Hem mirat quina forma tenen, de quin [&hellip;]<\/p>\n","protected":false},"author":1,"featured_media":0,"comment_status":"open","ping_status":"closed","sticky":false,"template":"","format":"standard","meta":{"_bbp_topic_count":0,"_bbp_reply_count":0,"_bbp_total_topic_count":0,"_bbp_total_reply_count":0,"_bbp_voice_count":0,"_bbp_anonymous_reply_count":0,"_bbp_topic_count_hidden":0,"_bbp_reply_count_hidden":0,"_bbp_forum_subforum_count":0,"site-sidebar-layout":"default","site-content-layout":"","ast-site-content-layout":"","site-content-style":"default","site-sidebar-style":"default","ast-global-header-display":"","ast-banner-title-visibility":"","ast-main-header-display":"","ast-hfb-above-header-display":"","ast-hfb-below-header-display":"","ast-hfb-mobile-header-display":"","site-post-title":"","ast-breadcrumbs-content":"","ast-featured-img":"","footer-sml-layout":"","theme-transparent-header-meta":"","adv-header-id-meta":"","stick-header-meta":"","header-above-stick-meta":"","header-main-stick-meta":"","header-below-stick-meta":"","astra-migrate-meta-layouts":"default","ast-page-background-enabled":"default","ast-page-background-meta":{"desktop":{"background-color":"var(--ast-global-color-4)","background-image":"","background-repeat":"repeat","background-position":"center center","background-size":"auto","background-attachment":"scroll","background-type":"","background-media":"","overlay-type":"","overlay-color":"","overlay-opacity":"","overlay-gradient":""},"tablet":{"background-color":"","background-image":"","background-repeat":"repeat","background-position":"center center","background-size":"auto","background-attachment":"scroll","background-type":"","background-media":"","overlay-type":"","overlay-color":"","overlay-opacity":"","overlay-gradient":""},"mobile":{"background-color":"","background-image":"","background-repeat":"repeat","background-position":"center center","background-size":"auto","background-attachment":"scroll","background-type":"","background-media":"","overlay-type":"","overlay-color":"","overlay-opacity":"","overlay-gradient":""}},"ast-content-background-meta":{"desktop":{"background-color":"var(--ast-global-color-5)","background-image":"","background-repeat":"repeat","background-position":"center center","background-size":"auto","background-attachment":"scroll","background-type":"","background-media":"","overlay-type":"","overlay-color":"","overlay-opacity":"","overlay-gradient":""},"tablet":{"background-color":"var(--ast-global-color-5)","background-image":"","background-repeat":"repeat","background-position":"center center","background-size":"auto","background-attachment":"scroll","background-type":"","background-media":"","overlay-type":"","overlay-color":"","overlay-opacity":"","overlay-gradient":""},"mobile":{"background-color":"var(--ast-global-color-5)","background-image":"","background-repeat":"repeat","background-position":"center center","background-size":"auto","background-attachment":"scroll","background-type":"","background-media":"","overlay-type":"","overlay-color":"","overlay-opacity":"","overlay-gradient":""}},"footnotes":""},"categories":[151,2,61],"tags":[285],"class_list":["post-7005","post","type-post","status-publish","format-standard","hentry","category-20-21","category-infantil","category-prom17b","tag-tardor"],"post_mailing_queue_ids":[],"_links":{"self":[{"href":"https:\/\/agora.xtec.cat\/escolametllers\/wp-json\/wp\/v2\/posts\/7005","targetHints":{"allow":["GET"]}}],"collection":[{"href":"https:\/\/agora.xtec.cat\/escolametllers\/wp-json\/wp\/v2\/posts"}],"about":[{"href":"https:\/\/agora.xtec.cat\/escolametllers\/wp-json\/wp\/v2\/types\/post"}],"author":[{"embeddable":true,"href":"https:\/\/agora.xtec.cat\/escolametllers\/wp-json\/wp\/v2\/users\/1"}],"replies":[{"embeddable":true,"href":"https:\/\/agora.xtec.cat\/escolametllers\/wp-json\/wp\/v2\/comments?post=7005"}],"version-history":[{"count":3,"href":"https:\/\/agora.xtec.cat\/escolametllers\/wp-json\/wp\/v2\/posts\/7005\/revisions"}],"predecessor-version":[{"id":7026,"href":"https:\/\/agora.xtec.cat\/escolametllers\/wp-json\/wp\/v2\/posts\/7005\/revisions\/7026"}],"wp:attachment":[{"href":"https:\/\/agora.xtec.cat\/escolametllers\/wp-json\/wp\/v2\/media?parent=7005"}],"wp:term":[{"taxonomy":"category","embeddable":true,"href":"https:\/\/agora.xtec.cat\/escolametllers\/wp-json\/wp\/v2\/categories?post=7005"},{"taxonomy":"post_tag","embeddable":true,"href":"https:\/\/agora.xtec.cat\/escolametllers\/wp-json\/wp\/v2\/tags?post=7005"}],"curies":[{"name":"wp","href":"https:\/\/api.w.org\/{rel}","templated":true}]}}