{"id":6970,"date":"2021-10-08T13:39:51","date_gmt":"2021-10-08T11:39:51","guid":{"rendered":"https:\/\/agora.xtec.cat\/escolametllers\/?p=6970"},"modified":"2022-09-24T15:39:13","modified_gmt":"2022-09-24T13:39:13","slug":"els-primers-dies-descola-2","status":"publish","type":"post","link":"https:\/\/agora.xtec.cat\/escolametllers\/primaria\/prom15a\/els-primers-dies-descola-2\/","title":{"rendered":"ELS PRIMERS DIES D&#8217;ESCOLA"},"content":{"rendered":"<p>Aquestes primeres setmanes d&#8217;escola, ens hem organitzat a l&#8217;aula: les rutines que fem cada dia, on tenim els jocs i els materials, iniciem la llibreta de records, &#8230;<\/p>\n<p>Entre tots i totes parlem de quines normes de conviv\u00e8ncia s\u00f3n importants per estar b\u00e9 i aprendre. &#8220;, La classe \u00e9s nostra, l&#8217;escola \u00e9s nostra&#8221;.<\/p>\n<p>Aquests primers dies ens hem familiaritzat amb els nous espais i el seu \u00fas i tamb\u00e9 hem parlat i fet votacions per triar el nom de la classe. Som la classe SPIRIT!<\/p>\n<p><a href=\"https:\/\/photos.app.goo.gl\/KGWSKZGjtkb2Du17A\"><img loading=\"lazy\" decoding=\"async\" class=\"aligncenter\" src=\"https:\/\/lh3.googleusercontent.com\/4aVU9FCx8ehYeVpY7jfj0pb6wDnKw3dBOje0zaHBf6UZgdCt-brW6rQrQOblBpXmuG07Dt4x-sZ-IOM1FTxIViYh6pw1b8sBX4mtoI0TAa64KWhbMGYP_yGfdbnO7SXe7krdFrBLABg6kM3UvhKcH6LWhrT8dTe-h4lqPKku6Ti2Cn1v9HVAlJ9zRkIFXfzR8dG3yf2mBZfZbJ8W_TbHkh8VR1Do5qHQXKTKzUW8Z0VXn6wrWFX5Cj4rm3l-L8hNn3LJ2yOImBtSbmSixVqtH3iCkNIvZDo9VHNz7kqitH2Ru8WpRmMxQ-_wD2DCUnlP17pbWt5wmW2U_8k53pCzWqzRQwy1MeCaFD4vn0RrGC6dljo0DX8PRDOH99UUi7FysDjCyTi_MxfcDdNCtO5N_BXWBQmk0vEnAMEIrV8pccgH9ZpbZECu0bsQWwA4fLXoRgeagdb8thU3KvXmj030fm98XmYMNoOAntVdMIuB47gv1JAHq_jb9WmWsQ__MzMm63rx_UWRAPXNnTeapdxt6iS7lroHQ_EUoUUlb13ZxkXLCFFoSlrXxx4iLWDlbPnrN6lxEKIitkdXRIXitWeXXkj-PVLy63XA4asNlRNpfqb4RM9hVqfKSehEIU4lh4JNEAgBiNhMrSFcReFZ3Vu02ai2EN1oBUTsDD2MQb-3qNgh_eYOpKlU65OJnrzdgwDMPePZJ8tI9LCA84nzvy5VAg=w1040-h780-no?authuser=0\" width=\"585\" height=\"439\" \/><\/a><\/p>\n","protected":false},"excerpt":{"rendered":"<p>Aquestes primeres setmanes d&#8217;escola, ens hem organitzat a l&#8217;aula: les rutines que fem cada dia, on tenim els jocs i els materials, iniciem la llibreta de records, &#8230; Entre tots i totes parlem de quines normes de conviv\u00e8ncia s\u00f3n importants per estar b\u00e9 i aprendre. &#8220;, La classe \u00e9s nostra, l&#8217;escola \u00e9s nostra&#8221;. Aquests primers [&hellip;]<\/p>\n","protected":false},"author":50,"featured_media":0,"comment_status":"open","ping_status":"closed","sticky":false,"template":"","format":"standard","meta":{"_bbp_topic_count":0,"_bbp_reply_count":0,"_bbp_total_topic_count":0,"_bbp_total_reply_count":0,"_bbp_voice_count":0,"_bbp_anonymous_reply_count":0,"_bbp_topic_count_hidden":0,"_bbp_reply_count_hidden":0,"_bbp_forum_subforum_count":0,"site-sidebar-layout":"default","site-content-layout":"","ast-site-content-layout":"","site-content-style":"default","site-sidebar-style":"default","ast-global-header-display":"","ast-banner-title-visibility":"","ast-main-header-display":"","ast-hfb-above-header-display":"","ast-hfb-below-header-display":"","ast-hfb-mobile-header-display":"","site-post-title":"","ast-breadcrumbs-content":"","ast-featured-img":"","footer-sml-layout":"","theme-transparent-header-meta":"","adv-header-id-meta":"","stick-header-meta":"","header-above-stick-meta":"","header-main-stick-meta":"","header-below-stick-meta":"","astra-migrate-meta-layouts":"default","ast-page-background-enabled":"default","ast-page-background-meta":{"desktop":{"background-color":"var(--ast-global-color-4)","background-image":"","background-repeat":"repeat","background-position":"center center","background-size":"auto","background-attachment":"scroll","background-type":"","background-media":"","overlay-type":"","overlay-color":"","overlay-opacity":"","overlay-gradient":""},"tablet":{"background-color":"","background-image":"","background-repeat":"repeat","background-position":"center center","background-size":"auto","background-attachment":"scroll","background-type":"","background-media":"","overlay-type":"","overlay-color":"","overlay-opacity":"","overlay-gradient":""},"mobile":{"background-color":"","background-image":"","background-repeat":"repeat","background-position":"center center","background-size":"auto","background-attachment":"scroll","background-type":"","background-media":"","overlay-type":"","overlay-color":"","overlay-opacity":"","overlay-gradient":""}},"ast-content-background-meta":{"desktop":{"background-color":"var(--ast-global-color-5)","background-image":"","background-repeat":"repeat","background-position":"center center","background-size":"auto","background-attachment":"scroll","background-type":"","background-media":"","overlay-type":"","overlay-color":"","overlay-opacity":"","overlay-gradient":""},"tablet":{"background-color":"var(--ast-global-color-5)","background-image":"","background-repeat":"repeat","background-position":"center center","background-size":"auto","background-attachment":"scroll","background-type":"","background-media":"","overlay-type":"","overlay-color":"","overlay-opacity":"","overlay-gradient":""},"mobile":{"background-color":"var(--ast-global-color-5)","background-image":"","background-repeat":"repeat","background-position":"center center","background-size":"auto","background-attachment":"scroll","background-type":"","background-media":"","overlay-type":"","overlay-color":"","overlay-opacity":"","overlay-gradient":""}},"footnotes":""},"categories":[176,10],"tags":[179],"class_list":["post-6970","post","type-post","status-publish","format-standard","hentry","category-21-22","category-prom15a","tag-primers-dies"],"post_mailing_queue_ids":[],"_links":{"self":[{"href":"https:\/\/agora.xtec.cat\/escolametllers\/wp-json\/wp\/v2\/posts\/6970","targetHints":{"allow":["GET"]}}],"collection":[{"href":"https:\/\/agora.xtec.cat\/escolametllers\/wp-json\/wp\/v2\/posts"}],"about":[{"href":"https:\/\/agora.xtec.cat\/escolametllers\/wp-json\/wp\/v2\/types\/post"}],"author":[{"embeddable":true,"href":"https:\/\/agora.xtec.cat\/escolametllers\/wp-json\/wp\/v2\/users\/50"}],"replies":[{"embeddable":true,"href":"https:\/\/agora.xtec.cat\/escolametllers\/wp-json\/wp\/v2\/comments?post=6970"}],"version-history":[{"count":1,"href":"https:\/\/agora.xtec.cat\/escolametllers\/wp-json\/wp\/v2\/posts\/6970\/revisions"}],"predecessor-version":[{"id":6971,"href":"https:\/\/agora.xtec.cat\/escolametllers\/wp-json\/wp\/v2\/posts\/6970\/revisions\/6971"}],"wp:attachment":[{"href":"https:\/\/agora.xtec.cat\/escolametllers\/wp-json\/wp\/v2\/media?parent=6970"}],"wp:term":[{"taxonomy":"category","embeddable":true,"href":"https:\/\/agora.xtec.cat\/escolametllers\/wp-json\/wp\/v2\/categories?post=6970"},{"taxonomy":"post_tag","embeddable":true,"href":"https:\/\/agora.xtec.cat\/escolametllers\/wp-json\/wp\/v2\/tags?post=6970"}],"curies":[{"name":"wp","href":"https:\/\/api.w.org\/{rel}","templated":true}]}}