{"id":6798,"date":"2021-09-30T14:09:36","date_gmt":"2021-09-30T12:09:36","guid":{"rendered":"https:\/\/agora.xtec.cat\/escolametllers\/?p=6798"},"modified":"2022-09-24T15:36:42","modified_gmt":"2022-09-24T13:36:42","slug":"el-volca-cumbre-vieja","status":"publish","type":"post","link":"https:\/\/agora.xtec.cat\/escolametllers\/primaria\/prom14a\/el-volca-cumbre-vieja\/","title":{"rendered":"EL VOLC\u00c0 CUMBRE VIEJA"},"content":{"rendered":"<p>Ens ha impactat molt la not\u00edcia de l&#8217;erupci\u00f3 del volc\u00e0 Cumbre vieja\u00a0 a la Palma.<\/p>\n<p>Ens han sorgit preguntes: on \u00e9s la Palma? Qu\u00e8 ha passat? Qu\u00e8 passar\u00e0?,&#8230;<\/p>\n<p>Hem buscat en un mapa on \u00e9s la Palma.Per poder entendre el qu\u00e8 ha passat, ens hem mirat l&#8217;InfoK. Una de les not\u00edcies que m\u00e9s ens ha cridat la curiositat ha estat que la lava en alguns llocs ha arribat als 6 metres (\u00e9s l&#8217;a\u00e7ada dels 2 pisos de la nostra escola).<\/p>\n<p>Finalment hem trobat com fer un experiment d&#8217;un volc\u00e0 i l&#8217;hem fet (Dim\u00e0miks).<\/p>\n<p>Seguirem atentament la seva evoluci\u00f3!!!<\/p>\n<p><a href=\"https:\/\/photos.app.goo.gl\/btr7BH24KY8kGL9t7\"><img loading=\"lazy\" decoding=\"async\" class=\"SzDcob aligncenter\" src=\"https:\/\/lh3.googleusercontent.com\/qMht5L7b9vNShKgxRWKx7lEjC7vyeNLX4EcnAtBVmP20aKOJtE_ris8stmtHEKnoH74lwS6Szx85xabTOG3OS3NG6AExlm13wVzCdIN1JaNSoMSV1QVqXfP2ZxjWfULSg62UcxCWIdlsjRGFCWhfgsW5g3jjxWw0CsdvAWjy6fKyV509BMcY-Vabdk6JgkGV5jpLmDnKa106kZuRPPaUHCACxgiYyxju0e6d3YP7cbI9LfyN1TvnziKV48-iGExDioH9CTU98BYxp86AKyimm16Bp-PfkFJDNzhMV4IBjj0lmtu3OfqYZRzS5MYToyi6NBW4XSrFKPL7OSLBK1OjngfoI4m7oD-iBJaFsSf5DlzZV7wxrABJM0bMZ7zogYqhw5LOU7P1qpqZpMn5RC9421z49lsWtAkolgPObjsodrRBw8FHq5CCIdkotXvydIqzZTGItxU0BEcsxML1YQUXIlBERbtC71KmjH2r3XwzFI37T_PZIuEUI6_gSalbJMoyLBUklgXAK5LjVrcsfxHe-f12zvz0rr2GWIjkn4O2VKP_HkaKkWGHww7ESMT_KfXVnQ5IWQ1btEBunGz5VtClgaXLE6yR0qCy8PTMA3MKtWNKaBk36YuqPkcLc7QlAUyPe732Cz3ramO2SSPXvNxuxwNZdZV-qeVuaaWFDy13pGTTXSg3ymcKB2vQFwKtHryqGRafD9sper9PWz6k9hOZXO_eXQ=w1215-h911-no?authuser=0\" width=\"456\" height=\"342\" data-atf=\"false\" data-iml=\"1016207\" aria-label=\"Foto - Paisatge - 27 de set. 2021, 11:58:58\" \/><\/a><\/p>\n","protected":false},"excerpt":{"rendered":"<p>Ens ha impactat molt la not\u00edcia de l&#8217;erupci\u00f3 del volc\u00e0 Cumbre vieja\u00a0 a la Palma. Ens han sorgit preguntes: on \u00e9s la Palma? Qu\u00e8 ha passat? Qu\u00e8 passar\u00e0?,&#8230; Hem buscat en un mapa on \u00e9s la Palma.Per poder entendre el qu\u00e8 ha passat, ens hem mirat l&#8217;InfoK. Una de les not\u00edcies que m\u00e9s ens ha [&hellip;]<\/p>\n","protected":false},"author":1,"featured_media":0,"comment_status":"open","ping_status":"closed","sticky":false,"template":"","format":"standard","meta":{"_bbp_topic_count":0,"_bbp_reply_count":0,"_bbp_total_topic_count":0,"_bbp_total_reply_count":0,"_bbp_voice_count":0,"_bbp_anonymous_reply_count":0,"_bbp_topic_count_hidden":0,"_bbp_reply_count_hidden":0,"_bbp_forum_subforum_count":0,"site-sidebar-layout":"default","site-content-layout":"","ast-site-content-layout":"","site-content-style":"default","site-sidebar-style":"default","ast-global-header-display":"","ast-banner-title-visibility":"","ast-main-header-display":"","ast-hfb-above-header-display":"","ast-hfb-below-header-display":"","ast-hfb-mobile-header-display":"","site-post-title":"","ast-breadcrumbs-content":"","ast-featured-img":"","footer-sml-layout":"","theme-transparent-header-meta":"","adv-header-id-meta":"","stick-header-meta":"","header-above-stick-meta":"","header-main-stick-meta":"","header-below-stick-meta":"","astra-migrate-meta-layouts":"default","ast-page-background-enabled":"default","ast-page-background-meta":{"desktop":{"background-color":"var(--ast-global-color-4)","background-image":"","background-repeat":"repeat","background-position":"center center","background-size":"auto","background-attachment":"scroll","background-type":"","background-media":"","overlay-type":"","overlay-color":"","overlay-opacity":"","overlay-gradient":""},"tablet":{"background-color":"","background-image":"","background-repeat":"repeat","background-position":"center center","background-size":"auto","background-attachment":"scroll","background-type":"","background-media":"","overlay-type":"","overlay-color":"","overlay-opacity":"","overlay-gradient":""},"mobile":{"background-color":"","background-image":"","background-repeat":"repeat","background-position":"center center","background-size":"auto","background-attachment":"scroll","background-type":"","background-media":"","overlay-type":"","overlay-color":"","overlay-opacity":"","overlay-gradient":""}},"ast-content-background-meta":{"desktop":{"background-color":"var(--ast-global-color-5)","background-image":"","background-repeat":"repeat","background-position":"center center","background-size":"auto","background-attachment":"scroll","background-type":"","background-media":"","overlay-type":"","overlay-color":"","overlay-opacity":"","overlay-gradient":""},"tablet":{"background-color":"var(--ast-global-color-5)","background-image":"","background-repeat":"repeat","background-position":"center center","background-size":"auto","background-attachment":"scroll","background-type":"","background-media":"","overlay-type":"","overlay-color":"","overlay-opacity":"","overlay-gradient":""},"mobile":{"background-color":"var(--ast-global-color-5)","background-image":"","background-repeat":"repeat","background-position":"center center","background-size":"auto","background-attachment":"scroll","background-type":"","background-media":"","overlay-type":"","overlay-color":"","overlay-opacity":"","overlay-gradient":""}},"footnotes":""},"categories":[176,11],"tags":[232],"class_list":["post-6798","post","type-post","status-publish","format-standard","hentry","category-21-22","category-prom14a","tag-experiencies"],"post_mailing_queue_ids":[],"_links":{"self":[{"href":"https:\/\/agora.xtec.cat\/escolametllers\/wp-json\/wp\/v2\/posts\/6798","targetHints":{"allow":["GET"]}}],"collection":[{"href":"https:\/\/agora.xtec.cat\/escolametllers\/wp-json\/wp\/v2\/posts"}],"about":[{"href":"https:\/\/agora.xtec.cat\/escolametllers\/wp-json\/wp\/v2\/types\/post"}],"author":[{"embeddable":true,"href":"https:\/\/agora.xtec.cat\/escolametllers\/wp-json\/wp\/v2\/users\/1"}],"replies":[{"embeddable":true,"href":"https:\/\/agora.xtec.cat\/escolametllers\/wp-json\/wp\/v2\/comments?post=6798"}],"version-history":[{"count":3,"href":"https:\/\/agora.xtec.cat\/escolametllers\/wp-json\/wp\/v2\/posts\/6798\/revisions"}],"predecessor-version":[{"id":7420,"href":"https:\/\/agora.xtec.cat\/escolametllers\/wp-json\/wp\/v2\/posts\/6798\/revisions\/7420"}],"wp:attachment":[{"href":"https:\/\/agora.xtec.cat\/escolametllers\/wp-json\/wp\/v2\/media?parent=6798"}],"wp:term":[{"taxonomy":"category","embeddable":true,"href":"https:\/\/agora.xtec.cat\/escolametllers\/wp-json\/wp\/v2\/categories?post=6798"},{"taxonomy":"post_tag","embeddable":true,"href":"https:\/\/agora.xtec.cat\/escolametllers\/wp-json\/wp\/v2\/tags?post=6798"}],"curies":[{"name":"wp","href":"https:\/\/api.w.org\/{rel}","templated":true}]}}