{"id":17248,"date":"2026-04-24T16:53:47","date_gmt":"2026-04-24T14:53:47","guid":{"rendered":"https:\/\/agora.xtec.cat\/escolametllers\/?p=17248"},"modified":"2026-04-24T17:05:55","modified_gmt":"2026-04-24T15:05:55","slug":"representacio-sant-jordi-i5","status":"publish","type":"post","link":"https:\/\/agora.xtec.cat\/escolametllers\/sn\/representacio-sant-jordi-i5\/","title":{"rendered":"REPRESENTACI\u00d3 SANT JORDI I5"},"content":{"rendered":"<p align=\"justify\"><span style=\"color: #000000;\"><span style=\"font-family: Lato, sans-serif;\"><span style=\"font-size: large;\">Els nens i les nenes d&#8217;I5 hem representat la llegenda de Sant Jordi per als companys i companyes de l\u2019escola i per a les nostres fam\u00edlies.<\/span><\/span><\/span><\/p>\n<p align=\"justify\"><span style=\"color: #000000;\"><span style=\"font-family: Lato, sans-serif;\"><span style=\"font-size: large;\">Ho hem preparat amb molta il\u00b7lusi\u00f3 i ganes, i dalt de l\u2019escenari hem pogut expressar-nos, compartir emocions i gaudir junts d\u2019un moment molt especial. Ha estat una experi\u00e8ncia fant\u00e0stica que ens ha ajudat a cr\u00e9ixer i a guanyar confian\u00e7a.<\/span><\/span><\/span><\/p>\n<p align=\"justify\">\u00a0<\/p>\n\n\n<figure class=\"wp-block-image size-large\"><a href=\"https:\/\/drive.google.com\/file\/d\/1f2RFhfGrQgpyFX7_J5JBorXI5hI5JrqO\/view?usp=sharing\"><img loading=\"lazy\" decoding=\"async\" width=\"1024\" height=\"576\" src=\"https:\/\/agora.xtec.cat\/escolametllers\/wp-content\/uploads\/usu1580\/2026\/04\/Foto-representacio-1024x576.png\" alt=\"\" class=\"wp-image-17251\" srcset=\"https:\/\/agora.xtec.cat\/escolametllers\/wp-content\/uploads\/usu1580\/2026\/04\/Foto-representacio-1024x576.png 1024w, https:\/\/agora.xtec.cat\/escolametllers\/wp-content\/uploads\/usu1580\/2026\/04\/Foto-representacio-300x169.png 300w, https:\/\/agora.xtec.cat\/escolametllers\/wp-content\/uploads\/usu1580\/2026\/04\/Foto-representacio-768x432.png 768w, https:\/\/agora.xtec.cat\/escolametllers\/wp-content\/uploads\/usu1580\/2026\/04\/Foto-representacio-1536x864.png 1536w, https:\/\/agora.xtec.cat\/escolametllers\/wp-content\/uploads\/usu1580\/2026\/04\/Foto-representacio.png 1920w\" sizes=\"auto, (max-width: 1024px) 100vw, 1024px\" \/><\/a><\/figure>\n\n\n\n<p><\/p>\n","protected":false},"excerpt":{"rendered":"<p>Els nens i les nenes d&#8217;I5 hem representat la llegenda de Sant Jordi per als companys i companyes de l\u2019escola i per a les nostres fam\u00edlies. Ho hem preparat amb molta il\u00b7lusi\u00f3 i ganes, i dalt de l\u2019escenari hem pogut expressar-nos, compartir emocions i gaudir junts d\u2019un moment molt especial. Ha estat una experi\u00e8ncia fant\u00e0stica [&hellip;]<\/p>\n","protected":false},"author":78,"featured_media":0,"comment_status":"open","ping_status":"open","sticky":false,"template":"","format":"standard","meta":{"_bbp_topic_count":0,"_bbp_reply_count":0,"_bbp_total_topic_count":0,"_bbp_total_reply_count":0,"_bbp_voice_count":0,"_bbp_anonymous_reply_count":0,"_bbp_topic_count_hidden":0,"_bbp_reply_count_hidden":0,"_bbp_forum_subforum_count":0,"site-sidebar-layout":"default","site-content-layout":"","ast-site-content-layout":"default","site-content-style":"default","site-sidebar-style":"default","ast-global-header-display":"","ast-banner-title-visibility":"","ast-main-header-display":"","ast-hfb-above-header-display":"","ast-hfb-below-header-display":"","ast-hfb-mobile-header-display":"","site-post-title":"","ast-breadcrumbs-content":"","ast-featured-img":"","footer-sml-layout":"","theme-transparent-header-meta":"","adv-header-id-meta":"","stick-header-meta":"","header-above-stick-meta":"","header-main-stick-meta":"","header-below-stick-meta":"","astra-migrate-meta-layouts":"set","ast-page-background-enabled":"default","ast-page-background-meta":{"desktop":{"background-color":"var(--ast-global-color-4)","background-image":"","background-repeat":"repeat","background-position":"center center","background-size":"auto","background-attachment":"scroll","background-type":"","background-media":"","overlay-type":"","overlay-color":"","overlay-opacity":"","overlay-gradient":""},"tablet":{"background-color":"","background-image":"","background-repeat":"repeat","background-position":"center center","background-size":"auto","background-attachment":"scroll","background-type":"","background-media":"","overlay-type":"","overlay-color":"","overlay-opacity":"","overlay-gradient":""},"mobile":{"background-color":"","background-image":"","background-repeat":"repeat","background-position":"center center","background-size":"auto","background-attachment":"scroll","background-type":"","background-media":"","overlay-type":"","overlay-color":"","overlay-opacity":"","overlay-gradient":""}},"ast-content-background-meta":{"desktop":{"background-color":"var(--ast-global-color-5)","background-image":"","background-repeat":"repeat","background-position":"center center","background-size":"auto","background-attachment":"scroll","background-type":"","background-media":"","overlay-type":"","overlay-color":"","overlay-opacity":"","overlay-gradient":""},"tablet":{"background-color":"var(--ast-global-color-5)","background-image":"","background-repeat":"repeat","background-position":"center center","background-size":"auto","background-attachment":"scroll","background-type":"","background-media":"","overlay-type":"","overlay-color":"","overlay-opacity":"","overlay-gradient":""},"mobile":{"background-color":"var(--ast-global-color-5)","background-image":"","background-repeat":"repeat","background-position":"center center","background-size":"auto","background-attachment":"scroll","background-type":"","background-media":"","overlay-type":"","overlay-color":"","overlay-opacity":"","overlay-gradient":""}},"footnotes":""},"categories":[452,2,453,454,1],"tags":[294],"class_list":["post-17248","post","type-post","status-publish","format-standard","hentry","category-curs-25-26","category-infantil","category-prom20a","category-prom20b","category-sn","tag-festes"],"post_mailing_queue_ids":[],"_links":{"self":[{"href":"https:\/\/agora.xtec.cat\/escolametllers\/wp-json\/wp\/v2\/posts\/17248","targetHints":{"allow":["GET"]}}],"collection":[{"href":"https:\/\/agora.xtec.cat\/escolametllers\/wp-json\/wp\/v2\/posts"}],"about":[{"href":"https:\/\/agora.xtec.cat\/escolametllers\/wp-json\/wp\/v2\/types\/post"}],"author":[{"embeddable":true,"href":"https:\/\/agora.xtec.cat\/escolametllers\/wp-json\/wp\/v2\/users\/78"}],"replies":[{"embeddable":true,"href":"https:\/\/agora.xtec.cat\/escolametllers\/wp-json\/wp\/v2\/comments?post=17248"}],"version-history":[{"count":3,"href":"https:\/\/agora.xtec.cat\/escolametllers\/wp-json\/wp\/v2\/posts\/17248\/revisions"}],"predecessor-version":[{"id":17254,"href":"https:\/\/agora.xtec.cat\/escolametllers\/wp-json\/wp\/v2\/posts\/17248\/revisions\/17254"}],"wp:attachment":[{"href":"https:\/\/agora.xtec.cat\/escolametllers\/wp-json\/wp\/v2\/media?parent=17248"}],"wp:term":[{"taxonomy":"category","embeddable":true,"href":"https:\/\/agora.xtec.cat\/escolametllers\/wp-json\/wp\/v2\/categories?post=17248"},{"taxonomy":"post_tag","embeddable":true,"href":"https:\/\/agora.xtec.cat\/escolametllers\/wp-json\/wp\/v2\/tags?post=17248"}],"curies":[{"name":"wp","href":"https:\/\/api.w.org\/{rel}","templated":true}]}}