{"id":17231,"date":"2026-04-16T17:07:25","date_gmt":"2026-04-16T15:07:25","guid":{"rendered":"https:\/\/agora.xtec.cat\/escolametllers\/?p=17231"},"modified":"2026-04-16T17:07:25","modified_gmt":"2026-04-16T15:07:25","slug":"treballem-van-gogh","status":"publish","type":"post","link":"https:\/\/agora.xtec.cat\/escolametllers\/primaria\/treballem-van-gogh\/","title":{"rendered":"TREBALLEM VAN GOGH"},"content":{"rendered":"<p>A la classe estem treballant la figura de Vincent van Gogh d\u2019una manera molt vivencial i adaptada als infants. Durant les \u00faltimes setmanes del segon trimestre, els nens i nenes han anat descobrint qui era aquest pintor, com vivia i com expressava les seves emocions a trav\u00e9s de l\u2019art.<br \/>\nHo han fet mitjan\u00e7ant diferents activitats din\u00e0miques i motivadores. Per exemple, v\u00eddeos sobre la seva vida per entendre millor la seva hist\u00f2ria i el seu estil. Tamb\u00e9 a trav\u00e9s d\u2019una gimcana del Van Gogh, on els infants han anat superant proves relacionades amb les seves obres.<br \/>\nA m\u00e9s, ens hem posat a la seva pell com a artistes i hem reprodu\u00eft algunes de les seves obres m\u00e9s conegudes, com els gira-sols, experimentant amb colors, formes i textures tal com ell feia.<br \/>\nTot aquest treball ens permet apropar l\u2019art als infants d\u2019una manera l\u00fadica, fomentant la creativitat, l\u2019observaci\u00f3 i l\u2019expressi\u00f3 art\u00edstica.<\/p>\n<p>Si voleu veure fotos, cliqueu el llibre.<\/p>\n<p><a href=\"https:\/\/drive.google.com\/drive\/folders\/1MHHeo0GLr8eljLSPTwtLLf59oa3L58x5?usp=drive_link\"><img loading=\"lazy\" decoding=\"async\" class=\"aligncenter size-thumbnail wp-image-17232\" src=\"https:\/\/agora.xtec.cat\/escolametllers\/wp-content\/uploads\/usu1580\/2026\/04\/van-gogh-150x150.jpg\" alt=\"\" width=\"150\" height=\"150\" \/><\/a><\/p>\n","protected":false},"excerpt":{"rendered":"<p>A la classe estem treballant la figura de Vincent van Gogh d\u2019una manera molt vivencial i adaptada als infants. Durant les \u00faltimes setmanes del segon trimestre, els nens i nenes han anat descobrint qui era aquest pintor, com vivia i com expressava les seves emocions a trav\u00e9s de l\u2019art. Ho han fet mitjan\u00e7ant diferents activitats [&hellip;]<\/p>\n","protected":false},"author":61,"featured_media":0,"comment_status":"closed","ping_status":"closed","sticky":false,"template":"","format":"standard","meta":{"_bbp_topic_count":0,"_bbp_reply_count":0,"_bbp_total_topic_count":0,"_bbp_total_reply_count":0,"_bbp_voice_count":0,"_bbp_anonymous_reply_count":0,"_bbp_topic_count_hidden":0,"_bbp_reply_count_hidden":0,"_bbp_forum_subforum_count":0,"site-sidebar-layout":"default","site-content-layout":"","ast-site-content-layout":"default","site-content-style":"default","site-sidebar-style":"default","ast-global-header-display":"","ast-banner-title-visibility":"","ast-main-header-display":"","ast-hfb-above-header-display":"","ast-hfb-below-header-display":"","ast-hfb-mobile-header-display":"","site-post-title":"","ast-breadcrumbs-content":"","ast-featured-img":"","footer-sml-layout":"","theme-transparent-header-meta":"","adv-header-id-meta":"","stick-header-meta":"","header-above-stick-meta":"","header-main-stick-meta":"","header-below-stick-meta":"","astra-migrate-meta-layouts":"set","ast-page-background-enabled":"default","ast-page-background-meta":{"desktop":{"background-color":"var(--ast-global-color-4)","background-image":"","background-repeat":"repeat","background-position":"center center","background-size":"auto","background-attachment":"scroll","background-type":"","background-media":"","overlay-type":"","overlay-color":"","overlay-opacity":"","overlay-gradient":""},"tablet":{"background-color":"","background-image":"","background-repeat":"repeat","background-position":"center center","background-size":"auto","background-attachment":"scroll","background-type":"","background-media":"","overlay-type":"","overlay-color":"","overlay-opacity":"","overlay-gradient":""},"mobile":{"background-color":"","background-image":"","background-repeat":"repeat","background-position":"center center","background-size":"auto","background-attachment":"scroll","background-type":"","background-media":"","overlay-type":"","overlay-color":"","overlay-opacity":"","overlay-gradient":""}},"ast-content-background-meta":{"desktop":{"background-color":"var(--ast-global-color-5)","background-image":"","background-repeat":"repeat","background-position":"center center","background-size":"auto","background-attachment":"scroll","background-type":"","background-media":"","overlay-type":"","overlay-color":"","overlay-opacity":"","overlay-gradient":""},"tablet":{"background-color":"var(--ast-global-color-5)","background-image":"","background-repeat":"repeat","background-position":"center center","background-size":"auto","background-attachment":"scroll","background-type":"","background-media":"","overlay-type":"","overlay-color":"","overlay-opacity":"","overlay-gradient":""},"mobile":{"background-color":"var(--ast-global-color-5)","background-image":"","background-repeat":"repeat","background-position":"center center","background-size":"auto","background-attachment":"scroll","background-type":"","background-media":"","overlay-type":"","overlay-color":"","overlay-opacity":"","overlay-gradient":""}},"footnotes":""},"categories":[452,5,410],"tags":[17,232],"class_list":["post-17231","post","type-post","status-publish","format-standard","hentry","category-curs-25-26","category-primaria","category-prom19b","tag-art","tag-experiencies"],"post_mailing_queue_ids":[],"_links":{"self":[{"href":"https:\/\/agora.xtec.cat\/escolametllers\/wp-json\/wp\/v2\/posts\/17231","targetHints":{"allow":["GET"]}}],"collection":[{"href":"https:\/\/agora.xtec.cat\/escolametllers\/wp-json\/wp\/v2\/posts"}],"about":[{"href":"https:\/\/agora.xtec.cat\/escolametllers\/wp-json\/wp\/v2\/types\/post"}],"author":[{"embeddable":true,"href":"https:\/\/agora.xtec.cat\/escolametllers\/wp-json\/wp\/v2\/users\/61"}],"replies":[{"embeddable":true,"href":"https:\/\/agora.xtec.cat\/escolametllers\/wp-json\/wp\/v2\/comments?post=17231"}],"version-history":[{"count":2,"href":"https:\/\/agora.xtec.cat\/escolametllers\/wp-json\/wp\/v2\/posts\/17231\/revisions"}],"predecessor-version":[{"id":17234,"href":"https:\/\/agora.xtec.cat\/escolametllers\/wp-json\/wp\/v2\/posts\/17231\/revisions\/17234"}],"wp:attachment":[{"href":"https:\/\/agora.xtec.cat\/escolametllers\/wp-json\/wp\/v2\/media?parent=17231"}],"wp:term":[{"taxonomy":"category","embeddable":true,"href":"https:\/\/agora.xtec.cat\/escolametllers\/wp-json\/wp\/v2\/categories?post=17231"},{"taxonomy":"post_tag","embeddable":true,"href":"https:\/\/agora.xtec.cat\/escolametllers\/wp-json\/wp\/v2\/tags?post=17231"}],"curies":[{"name":"wp","href":"https:\/\/api.w.org\/{rel}","templated":true}]}}