{"id":17180,"date":"2026-04-02T13:50:01","date_gmt":"2026-04-02T11:50:01","guid":{"rendered":"https:\/\/agora.xtec.cat\/escolametllers\/?p=17180"},"modified":"2026-04-02T13:50:02","modified_gmt":"2026-04-02T11:50:02","slug":"racons-de-llengua-2on-trimestre-2","status":"publish","type":"post","link":"https:\/\/agora.xtec.cat\/escolametllers\/infantil\/racons-de-llengua-2on-trimestre-2\/","title":{"rendered":"RACONS DE LLENGUA 2on TRIMESTRE"},"content":{"rendered":"<p style=\"text-align: left;\"><span style=\"color: #000000;\"><span style=\"font-family: Lato, sans-serif;\"><span style=\"font-size: large;\">Aquest trimestre, als racons de llengua, hem continuat treballant la consci\u00e8ncia fonol\u00f2gica a trav\u00e9s de propostes motivadores i vivencials que han afavorit la iniciaci\u00f3 a la lectura i a l\u2019escriptura espont\u00e0nia. <\/span><\/span><\/span><span style=\"color: #000000;\"><span style=\"font-family: Lato, sans-serif;\"><span style=\"font-size: large;\">Els infants han creat les seves pr\u00f2pies hist\u00f2ries, que despr\u00e9s han escrit i compartit oralment amb els companys i companyes de classe, potenciant aix\u00ed tant l\u2019expressi\u00f3 escrita com la comunicaci\u00f3 oral. <\/span><\/span><\/span><span style=\"color: #000000;\"><span style=\"font-family: Lato, sans-serif;\"><span style=\"font-size: large;\">A m\u00e9s, tamb\u00e9 hem aprofundit en el vocabulari relacionat amb l\u2019hivern i el de carnestoltes mitjan\u00e7ant diferents activitats significatives.<\/span><\/span><\/span><!--more--><\/p>\n<p><span style=\"color: #000000;\"><span style=\"font-family: Lato, sans-serif;\"><span style=\"font-size: large;\">A continuaci\u00f3, compartim amb vosaltres una selecci\u00f3 de fotografies d\u2019aquestes sessions:<\/span><\/span><\/span><a href=\"https:\/\/drive.google.com\/drive\/folders\/1V5LT6AYMNX16LrNyGVzPmxEDzP8vDWiz?usp=drive_link\"><img loading=\"lazy\" decoding=\"async\" class=\"wp-image-17181 aligncenter\" src=\"https:\/\/agora.xtec.cat\/escolametllers\/wp-content\/uploads\/usu1580\/2026\/04\/IMG_20260309_161437-1024x768.jpg\" alt=\"\" width=\"516\" height=\"387\" srcset=\"https:\/\/agora.xtec.cat\/escolametllers\/wp-content\/uploads\/usu1580\/2026\/04\/IMG_20260309_161437-1024x768.jpg 1024w, https:\/\/agora.xtec.cat\/escolametllers\/wp-content\/uploads\/usu1580\/2026\/04\/IMG_20260309_161437-300x225.jpg 300w, https:\/\/agora.xtec.cat\/escolametllers\/wp-content\/uploads\/usu1580\/2026\/04\/IMG_20260309_161437-768x576.jpg 768w, https:\/\/agora.xtec.cat\/escolametllers\/wp-content\/uploads\/usu1580\/2026\/04\/IMG_20260309_161437-1536x1152.jpg 1536w, https:\/\/agora.xtec.cat\/escolametllers\/wp-content\/uploads\/usu1580\/2026\/04\/IMG_20260309_161437-2048x1536.jpg 2048w\" sizes=\"auto, (max-width: 516px) 100vw, 516px\" \/><\/a><\/p>\n","protected":false},"excerpt":{"rendered":"<p>Aquest trimestre, als racons de llengua, hem continuat treballant la consci\u00e8ncia fonol\u00f2gica a trav\u00e9s de propostes motivadores i vivencials que han afavorit la iniciaci\u00f3 a la lectura i a l\u2019escriptura espont\u00e0nia. Els infants han creat les seves pr\u00f2pies hist\u00f2ries, que despr\u00e9s han escrit i compartit oralment amb els companys i companyes de classe, potenciant aix\u00ed [&hellip;]<\/p>\n","protected":false},"author":78,"featured_media":0,"comment_status":"closed","ping_status":"closed","sticky":false,"template":"","format":"standard","meta":{"_bbp_topic_count":0,"_bbp_reply_count":0,"_bbp_total_topic_count":0,"_bbp_total_reply_count":0,"_bbp_voice_count":0,"_bbp_anonymous_reply_count":0,"_bbp_topic_count_hidden":0,"_bbp_reply_count_hidden":0,"_bbp_forum_subforum_count":0,"site-sidebar-layout":"default","site-content-layout":"","ast-site-content-layout":"default","site-content-style":"default","site-sidebar-style":"default","ast-global-header-display":"","ast-banner-title-visibility":"","ast-main-header-display":"","ast-hfb-above-header-display":"","ast-hfb-below-header-display":"","ast-hfb-mobile-header-display":"","site-post-title":"","ast-breadcrumbs-content":"","ast-featured-img":"","footer-sml-layout":"","theme-transparent-header-meta":"","adv-header-id-meta":"","stick-header-meta":"","header-above-stick-meta":"","header-main-stick-meta":"","header-below-stick-meta":"","astra-migrate-meta-layouts":"set","ast-page-background-enabled":"default","ast-page-background-meta":{"desktop":{"background-color":"var(--ast-global-color-4)","background-image":"","background-repeat":"repeat","background-position":"center center","background-size":"auto","background-attachment":"scroll","background-type":"","background-media":"","overlay-type":"","overlay-color":"","overlay-opacity":"","overlay-gradient":""},"tablet":{"background-color":"","background-image":"","background-repeat":"repeat","background-position":"center center","background-size":"auto","background-attachment":"scroll","background-type":"","background-media":"","overlay-type":"","overlay-color":"","overlay-opacity":"","overlay-gradient":""},"mobile":{"background-color":"","background-image":"","background-repeat":"repeat","background-position":"center center","background-size":"auto","background-attachment":"scroll","background-type":"","background-media":"","overlay-type":"","overlay-color":"","overlay-opacity":"","overlay-gradient":""}},"ast-content-background-meta":{"desktop":{"background-color":"var(--ast-global-color-5)","background-image":"","background-repeat":"repeat","background-position":"center center","background-size":"auto","background-attachment":"scroll","background-type":"","background-media":"","overlay-type":"","overlay-color":"","overlay-opacity":"","overlay-gradient":""},"tablet":{"background-color":"var(--ast-global-color-5)","background-image":"","background-repeat":"repeat","background-position":"center center","background-size":"auto","background-attachment":"scroll","background-type":"","background-media":"","overlay-type":"","overlay-color":"","overlay-opacity":"","overlay-gradient":""},"mobile":{"background-color":"var(--ast-global-color-5)","background-image":"","background-repeat":"repeat","background-position":"center center","background-size":"auto","background-attachment":"scroll","background-type":"","background-media":"","overlay-type":"","overlay-color":"","overlay-opacity":"","overlay-gradient":""}},"footnotes":""},"categories":[452,2,453],"tags":[158],"class_list":["post-17180","post","type-post","status-publish","format-standard","hentry","category-curs-25-26","category-infantil","category-prom20a","tag-racons"],"post_mailing_queue_ids":[],"_links":{"self":[{"href":"https:\/\/agora.xtec.cat\/escolametllers\/wp-json\/wp\/v2\/posts\/17180","targetHints":{"allow":["GET"]}}],"collection":[{"href":"https:\/\/agora.xtec.cat\/escolametllers\/wp-json\/wp\/v2\/posts"}],"about":[{"href":"https:\/\/agora.xtec.cat\/escolametllers\/wp-json\/wp\/v2\/types\/post"}],"author":[{"embeddable":true,"href":"https:\/\/agora.xtec.cat\/escolametllers\/wp-json\/wp\/v2\/users\/78"}],"replies":[{"embeddable":true,"href":"https:\/\/agora.xtec.cat\/escolametllers\/wp-json\/wp\/v2\/comments?post=17180"}],"version-history":[{"count":2,"href":"https:\/\/agora.xtec.cat\/escolametllers\/wp-json\/wp\/v2\/posts\/17180\/revisions"}],"predecessor-version":[{"id":17183,"href":"https:\/\/agora.xtec.cat\/escolametllers\/wp-json\/wp\/v2\/posts\/17180\/revisions\/17183"}],"wp:attachment":[{"href":"https:\/\/agora.xtec.cat\/escolametllers\/wp-json\/wp\/v2\/media?parent=17180"}],"wp:term":[{"taxonomy":"category","embeddable":true,"href":"https:\/\/agora.xtec.cat\/escolametllers\/wp-json\/wp\/v2\/categories?post=17180"},{"taxonomy":"post_tag","embeddable":true,"href":"https:\/\/agora.xtec.cat\/escolametllers\/wp-json\/wp\/v2\/tags?post=17180"}],"curies":[{"name":"wp","href":"https:\/\/api.w.org\/{rel}","templated":true}]}}