{"id":16746,"date":"2026-01-28T13:23:16","date_gmt":"2026-01-28T12:23:16","guid":{"rendered":"https:\/\/agora.xtec.cat\/escolametllers\/?p=16746"},"modified":"2026-03-08T01:00:52","modified_gmt":"2026-03-08T00:00:52","slug":"batucada","status":"publish","type":"post","link":"https:\/\/agora.xtec.cat\/escolametllers\/sn\/batucada\/","title":{"rendered":"BATUCADA"},"content":{"rendered":"<p>A M\u00fasica els alumnes de Cicle mitj\u00e0 i Cicle superior han apr\u00e8s la t\u00e8cnica i han practiciat els ritmes per fer una batucada a l&#8217;escola. L&#8217;activitat s&#8217;engloba dins el bloc de conjunt instrumental, on han pogut compartir l&#8217;experi\u00e8ncia d&#8217;aprendre a tocar en grup. Ho hem fet partir de la m\u00faaica dels balls i danses tradicionals de Catalunya i can\u00e7ons d&#8217;arreu del m\u00f3n.<\/p>\n<figure id=\"attachment_16749\" aria-describedby=\"caption-attachment-16749\" style=\"width: 828px\" class=\"wp-caption alignnone\"><a href=\"https:\/\/agora.xtec.cat\/escolametllers\/wp-content\/uploads\/usu1580\/2026\/01\/IMG_8692.jpg\"><img loading=\"lazy\" decoding=\"async\" class=\"size-full wp-image-16749\" src=\"https:\/\/agora.xtec.cat\/escolametllers\/wp-content\/uploads\/usu1580\/2026\/01\/IMG_8692.jpg\" alt=\"\" width=\"828\" height=\"450\" srcset=\"https:\/\/agora.xtec.cat\/escolametllers\/wp-content\/uploads\/usu1580\/2026\/01\/IMG_8692.jpg 828w, https:\/\/agora.xtec.cat\/escolametllers\/wp-content\/uploads\/usu1580\/2026\/01\/IMG_8692-300x163.jpg 300w, https:\/\/agora.xtec.cat\/escolametllers\/wp-content\/uploads\/usu1580\/2026\/01\/IMG_8692-768x417.jpg 768w\" sizes=\"auto, (max-width: 828px) 100vw, 828px\" \/><\/a><figcaption id=\"caption-attachment-16749\" class=\"wp-caption-text\">Screenshot<\/figcaption><\/figure>\n<figure id=\"attachment_16753\" aria-describedby=\"caption-attachment-16753\" style=\"width: 828px\" class=\"wp-caption alignnone\"><a href=\"https:\/\/agora.xtec.cat\/escolametllers\/wp-content\/uploads\/usu1580\/2026\/01\/IMG_8692-1.jpg\"><img loading=\"lazy\" decoding=\"async\" class=\"size-large wp-image-16753\" src=\"https:\/\/agora.xtec.cat\/escolametllers\/wp-content\/uploads\/usu1580\/2026\/01\/IMG_8692-1.jpg\" alt=\"\" width=\"828\" height=\"450\" srcset=\"https:\/\/agora.xtec.cat\/escolametllers\/wp-content\/uploads\/usu1580\/2026\/01\/IMG_8692-1.jpg 828w, https:\/\/agora.xtec.cat\/escolametllers\/wp-content\/uploads\/usu1580\/2026\/01\/IMG_8692-1-300x163.jpg 300w, https:\/\/agora.xtec.cat\/escolametllers\/wp-content\/uploads\/usu1580\/2026\/01\/IMG_8692-1-768x417.jpg 768w\" sizes=\"auto, (max-width: 828px) 100vw, 828px\" \/><\/a><figcaption id=\"caption-attachment-16753\" class=\"wp-caption-text\">Screenshot<\/figcaption><\/figure>\n<p><a href=\"https:\/\/agora.xtec.cat\/escolametllers\/wp-content\/uploads\/usu1580\/2026\/01\/IMG_5197.jpg\"><img loading=\"lazy\" decoding=\"async\" class=\"alignnone size-large wp-image-16754\" src=\"https:\/\/agora.xtec.cat\/escolametllers\/wp-content\/uploads\/usu1580\/2026\/01\/IMG_5197-1024x682.jpg\" alt=\"\" width=\"1024\" height=\"682\" srcset=\"https:\/\/agora.xtec.cat\/escolametllers\/wp-content\/uploads\/usu1580\/2026\/01\/IMG_5197-1024x682.jpg 1024w, https:\/\/agora.xtec.cat\/escolametllers\/wp-content\/uploads\/usu1580\/2026\/01\/IMG_5197-300x200.jpg 300w, https:\/\/agora.xtec.cat\/escolametllers\/wp-content\/uploads\/usu1580\/2026\/01\/IMG_5197-768x512.jpg 768w, https:\/\/agora.xtec.cat\/escolametllers\/wp-content\/uploads\/usu1580\/2026\/01\/IMG_5197.jpg 1256w\" sizes=\"auto, (max-width: 1024px) 100vw, 1024px\" \/><\/a><\/p>\n<p>Finalment els alumnes han tocat al pati acompanyant les danses tradicionals de la Castanyada i el ball de la geganta dels Ametllers.<\/p>\n<p>Hem utilitzat diversos instruments de percussi\u00f3:<\/p>\n<ul>\n<li>La Bateria, el timbal, el tambor i la caixa.<\/li>\n<li>La pandereta, el &#8216;caj\u00f3n Flamenco&#8217;, entre d&#8217;altres instruments de percussi\u00f3.<\/li>\n<\/ul>\n","protected":false},"excerpt":{"rendered":"<p>A M\u00fasica els alumnes de Cicle mitj\u00e0 i Cicle superior han apr\u00e8s la t\u00e8cnica i han practiciat els ritmes per fer una batucada a l&#8217;escola. L&#8217;activitat s&#8217;engloba dins el bloc de conjunt instrumental, on han pogut compartir l&#8217;experi\u00e8ncia d&#8217;aprendre a tocar en grup. Ho hem fet partir de la m\u00faaica dels balls i danses tradicionals [&hellip;]<\/p>\n","protected":false},"author":122,"featured_media":0,"comment_status":"closed","ping_status":"open","sticky":false,"template":"","format":"standard","meta":{"_bbp_topic_count":0,"_bbp_reply_count":0,"_bbp_total_topic_count":0,"_bbp_total_reply_count":0,"_bbp_voice_count":0,"_bbp_anonymous_reply_count":0,"_bbp_topic_count_hidden":0,"_bbp_reply_count_hidden":0,"_bbp_forum_subforum_count":0,"site-sidebar-layout":"default","site-content-layout":"","ast-site-content-layout":"","site-content-style":"default","site-sidebar-style":"default","ast-global-header-display":"","ast-banner-title-visibility":"","ast-main-header-display":"","ast-hfb-above-header-display":"","ast-hfb-below-header-display":"","ast-hfb-mobile-header-display":"","site-post-title":"","ast-breadcrumbs-content":"","ast-featured-img":"","footer-sml-layout":"","theme-transparent-header-meta":"","adv-header-id-meta":"","stick-header-meta":"","header-above-stick-meta":"","header-main-stick-meta":"","header-below-stick-meta":"","astra-migrate-meta-layouts":"default","ast-page-background-enabled":"default","ast-page-background-meta":{"desktop":{"background-color":"var(--ast-global-color-4)","background-image":"","background-repeat":"repeat","background-position":"center center","background-size":"auto","background-attachment":"scroll","background-type":"","background-media":"","overlay-type":"","overlay-color":"","overlay-opacity":"","overlay-gradient":""},"tablet":{"background-color":"","background-image":"","background-repeat":"repeat","background-position":"center center","background-size":"auto","background-attachment":"scroll","background-type":"","background-media":"","overlay-type":"","overlay-color":"","overlay-opacity":"","overlay-gradient":""},"mobile":{"background-color":"","background-image":"","background-repeat":"repeat","background-position":"center center","background-size":"auto","background-attachment":"scroll","background-type":"","background-media":"","overlay-type":"","overlay-color":"","overlay-opacity":"","overlay-gradient":""}},"ast-content-background-meta":{"desktop":{"background-color":"var(--ast-global-color-5)","background-image":"","background-repeat":"repeat","background-position":"center center","background-size":"auto","background-attachment":"scroll","background-type":"","background-media":"","overlay-type":"","overlay-color":"","overlay-opacity":"","overlay-gradient":""},"tablet":{"background-color":"var(--ast-global-color-5)","background-image":"","background-repeat":"repeat","background-position":"center center","background-size":"auto","background-attachment":"scroll","background-type":"","background-media":"","overlay-type":"","overlay-color":"","overlay-opacity":"","overlay-gradient":""},"mobile":{"background-color":"var(--ast-global-color-5)","background-image":"","background-repeat":"repeat","background-position":"center center","background-size":"auto","background-attachment":"scroll","background-type":"","background-media":"","overlay-type":"","overlay-color":"","overlay-opacity":"","overlay-gradient":""}},"footnotes":""},"categories":[452,7,87,5,1],"tags":[],"class_list":["post-16746","post","type-post","status-publish","format-standard","hentry","category-curs-25-26","category-especialitats","category-musica","category-primaria","category-sn"],"post_mailing_queue_ids":[],"_links":{"self":[{"href":"https:\/\/agora.xtec.cat\/escolametllers\/wp-json\/wp\/v2\/posts\/16746","targetHints":{"allow":["GET"]}}],"collection":[{"href":"https:\/\/agora.xtec.cat\/escolametllers\/wp-json\/wp\/v2\/posts"}],"about":[{"href":"https:\/\/agora.xtec.cat\/escolametllers\/wp-json\/wp\/v2\/types\/post"}],"author":[{"embeddable":true,"href":"https:\/\/agora.xtec.cat\/escolametllers\/wp-json\/wp\/v2\/users\/122"}],"replies":[{"embeddable":true,"href":"https:\/\/agora.xtec.cat\/escolametllers\/wp-json\/wp\/v2\/comments?post=16746"}],"version-history":[{"count":3,"href":"https:\/\/agora.xtec.cat\/escolametllers\/wp-json\/wp\/v2\/posts\/16746\/revisions"}],"predecessor-version":[{"id":16755,"href":"https:\/\/agora.xtec.cat\/escolametllers\/wp-json\/wp\/v2\/posts\/16746\/revisions\/16755"}],"wp:attachment":[{"href":"https:\/\/agora.xtec.cat\/escolametllers\/wp-json\/wp\/v2\/media?parent=16746"}],"wp:term":[{"taxonomy":"category","embeddable":true,"href":"https:\/\/agora.xtec.cat\/escolametllers\/wp-json\/wp\/v2\/categories?post=16746"},{"taxonomy":"post_tag","embeddable":true,"href":"https:\/\/agora.xtec.cat\/escolametllers\/wp-json\/wp\/v2\/tags?post=16746"}],"curies":[{"name":"wp","href":"https:\/\/api.w.org\/{rel}","templated":true}]}}