{"id":16738,"date":"2026-01-08T00:00:33","date_gmt":"2026-01-07T23:00:33","guid":{"rendered":"https:\/\/agora.xtec.cat\/escolametllers\/?p=16738"},"modified":"2026-01-28T00:19:31","modified_gmt":"2026-01-27T23:19:31","slug":"dies-de-nadal-5","status":"publish","type":"post","link":"https:\/\/agora.xtec.cat\/escolametllers\/primaria\/prom19a\/dies-de-nadal-5\/","title":{"rendered":"DIES DE NADAL"},"content":{"rendered":"<p data-start=\"105\" data-end=\"527\">Els dies previs al Nadal s\u00f3n moments molt especials i plens de m\u00e0gia a l\u2019escola. Durant aquestes setmanes, l\u2019ambient nadalenc es fa present a la classe a trav\u00e9s de diferents activitats que vivim amb molta il\u00b7lusi\u00f3. Donem la benvinguda al ti\u00f3, que ens acompanya durant uns dies, preparem amb dedicaci\u00f3 el concert de Nadal i gaudim de la representaci\u00f3 dels Pastorets.<\/p>\n<p data-start=\"529\" data-end=\"844\">A m\u00e9s, ens aprenem i recitem el poema de Nadal i fem una bonica postal nadalenca. L&#8217;\u00faltim dia del trimestre hem fet un amic invisible molt especial. Cadasc\u00fa de nosaltres ha decorat un sobre i ha escrit un missatge per un company o companya amb esfor\u00e7 i estima. Ha sigut un moment preci\u00f3s, on cada nen i nena ha esperat amb il\u00b7lusi\u00f3 el seu missatge, nom\u00e9s cal veure les seves cares d&#8217;alegria! El trimestre tamb\u00e9 es tanca amb un dels moments m\u00e9s esperats i emocionants: l\u2019\u00faltim dia tots junts caguem el ti\u00f3 i compartim una estona de festa i alegria.<\/p>\n<p data-start=\"846\" data-end=\"1176\">A la tornada de les vacances de Nadal, ens hem endut una agradable sorpresa: els Reis d\u2019Orient han passat per l\u2019escola i han deixat uns regals a la classe, que hem rebut amb molta emoci\u00f3 i entusiasme. Sens dubte, s\u00f3n viv\u00e8ncies que contribueixen a crear records entranyables i a refor\u00e7ar el valor de compartir, celebrar i conviure.<\/p>\n<p data-start=\"846\" data-end=\"1176\"><a href=\"https:\/\/photos.app.goo.gl\/itamLQ41sdRQmDyM6\"><img loading=\"lazy\" decoding=\"async\" class=\" wp-image-16739 aligncenter\" src=\"https:\/\/agora.xtec.cat\/escolametllers\/wp-content\/uploads\/usu1580\/2026\/01\/Portada-Nadal.jpg\" alt=\"\" width=\"535\" height=\"401\" srcset=\"https:\/\/agora.xtec.cat\/escolametllers\/wp-content\/uploads\/usu1580\/2026\/01\/Portada-Nadal.jpg 640w, https:\/\/agora.xtec.cat\/escolametllers\/wp-content\/uploads\/usu1580\/2026\/01\/Portada-Nadal-300x225.jpg 300w, https:\/\/agora.xtec.cat\/escolametllers\/wp-content\/uploads\/usu1580\/2026\/01\/Portada-Nadal-200x150.jpg 200w\" sizes=\"auto, (max-width: 535px) 100vw, 535px\" \/><\/a><\/p>\n","protected":false},"excerpt":{"rendered":"<p>Els dies previs al Nadal s\u00f3n moments molt especials i plens de m\u00e0gia a l\u2019escola. Durant aquestes setmanes, l\u2019ambient nadalenc es fa present a la classe a trav\u00e9s de diferents activitats que vivim amb molta il\u00b7lusi\u00f3. Donem la benvinguda al ti\u00f3, que ens acompanya durant uns dies, preparem amb dedicaci\u00f3 el concert de Nadal i [&hellip;]<\/p>\n","protected":false},"author":50,"featured_media":0,"comment_status":"open","ping_status":"open","sticky":false,"template":"","format":"standard","meta":{"_bbp_topic_count":0,"_bbp_reply_count":0,"_bbp_total_topic_count":0,"_bbp_total_reply_count":0,"_bbp_voice_count":0,"_bbp_anonymous_reply_count":0,"_bbp_topic_count_hidden":0,"_bbp_reply_count_hidden":0,"_bbp_forum_subforum_count":0,"site-sidebar-layout":"default","site-content-layout":"","ast-site-content-layout":"","site-content-style":"default","site-sidebar-style":"default","ast-global-header-display":"","ast-banner-title-visibility":"","ast-main-header-display":"","ast-hfb-above-header-display":"","ast-hfb-below-header-display":"","ast-hfb-mobile-header-display":"","site-post-title":"","ast-breadcrumbs-content":"","ast-featured-img":"","footer-sml-layout":"","theme-transparent-header-meta":"","adv-header-id-meta":"","stick-header-meta":"","header-above-stick-meta":"","header-main-stick-meta":"","header-below-stick-meta":"","astra-migrate-meta-layouts":"default","ast-page-background-enabled":"default","ast-page-background-meta":{"desktop":{"background-color":"var(--ast-global-color-4)","background-image":"","background-repeat":"repeat","background-position":"center center","background-size":"auto","background-attachment":"scroll","background-type":"","background-media":"","overlay-type":"","overlay-color":"","overlay-opacity":"","overlay-gradient":""},"tablet":{"background-color":"","background-image":"","background-repeat":"repeat","background-position":"center center","background-size":"auto","background-attachment":"scroll","background-type":"","background-media":"","overlay-type":"","overlay-color":"","overlay-opacity":"","overlay-gradient":""},"mobile":{"background-color":"","background-image":"","background-repeat":"repeat","background-position":"center center","background-size":"auto","background-attachment":"scroll","background-type":"","background-media":"","overlay-type":"","overlay-color":"","overlay-opacity":"","overlay-gradient":""}},"ast-content-background-meta":{"desktop":{"background-color":"var(--ast-global-color-5)","background-image":"","background-repeat":"repeat","background-position":"center center","background-size":"auto","background-attachment":"scroll","background-type":"","background-media":"","overlay-type":"","overlay-color":"","overlay-opacity":"","overlay-gradient":""},"tablet":{"background-color":"var(--ast-global-color-5)","background-image":"","background-repeat":"repeat","background-position":"center center","background-size":"auto","background-attachment":"scroll","background-type":"","background-media":"","overlay-type":"","overlay-color":"","overlay-opacity":"","overlay-gradient":""},"mobile":{"background-color":"var(--ast-global-color-5)","background-image":"","background-repeat":"repeat","background-position":"center center","background-size":"auto","background-attachment":"scroll","background-type":"","background-media":"","overlay-type":"","overlay-color":"","overlay-opacity":"","overlay-gradient":""}},"footnotes":""},"categories":[452,409],"tags":[173],"class_list":["post-16738","post","type-post","status-publish","format-standard","hentry","category-curs-25-26","category-prom19a","tag-nadal"],"post_mailing_queue_ids":[],"_links":{"self":[{"href":"https:\/\/agora.xtec.cat\/escolametllers\/wp-json\/wp\/v2\/posts\/16738","targetHints":{"allow":["GET"]}}],"collection":[{"href":"https:\/\/agora.xtec.cat\/escolametllers\/wp-json\/wp\/v2\/posts"}],"about":[{"href":"https:\/\/agora.xtec.cat\/escolametllers\/wp-json\/wp\/v2\/types\/post"}],"author":[{"embeddable":true,"href":"https:\/\/agora.xtec.cat\/escolametllers\/wp-json\/wp\/v2\/users\/50"}],"replies":[{"embeddable":true,"href":"https:\/\/agora.xtec.cat\/escolametllers\/wp-json\/wp\/v2\/comments?post=16738"}],"version-history":[{"count":3,"href":"https:\/\/agora.xtec.cat\/escolametllers\/wp-json\/wp\/v2\/posts\/16738\/revisions"}],"predecessor-version":[{"id":16742,"href":"https:\/\/agora.xtec.cat\/escolametllers\/wp-json\/wp\/v2\/posts\/16738\/revisions\/16742"}],"wp:attachment":[{"href":"https:\/\/agora.xtec.cat\/escolametllers\/wp-json\/wp\/v2\/media?parent=16738"}],"wp:term":[{"taxonomy":"category","embeddable":true,"href":"https:\/\/agora.xtec.cat\/escolametllers\/wp-json\/wp\/v2\/categories?post=16738"},{"taxonomy":"post_tag","embeddable":true,"href":"https:\/\/agora.xtec.cat\/escolametllers\/wp-json\/wp\/v2\/tags?post=16738"}],"curies":[{"name":"wp","href":"https:\/\/api.w.org\/{rel}","templated":true}]}}