{"id":16736,"date":"2025-12-10T23:48:59","date_gmt":"2025-12-10T22:48:59","guid":{"rendered":"https:\/\/agora.xtec.cat\/escolametllers\/?p=16736"},"modified":"2026-01-27T23:54:34","modified_gmt":"2026-01-27T22:54:34","slug":"activitats-de-plastica","status":"publish","type":"post","link":"https:\/\/agora.xtec.cat\/escolametllers\/primaria\/prom19a\/activitats-de-plastica\/","title":{"rendered":"ACTIVITATS DE PL\u00c0STICA"},"content":{"rendered":"<p data-start=\"122\" data-end=\"459\">Les tardes dels dimecres, a la classe de Primer, les dediquem al treball de la pl\u00e0stica com a espai d\u2019aprenentatge, expressi\u00f3 i creativitat. Durant aquestes sessions, els infants tenen l\u2019oportunitat d\u2019experimentar amb diverses t\u00e8cniques art\u00edstiques, com ara el dibuix, la pintura, el collage o el treball amb diferents materials i textures.<\/p>\n<p data-start=\"461\" data-end=\"798\">A trav\u00e9s de les activitats pl\u00e0stiques, es fomenta la imaginaci\u00f3, la creativitat i la capacitat d\u2019expressar emocions i idees, alhora que es desenvolupen habilitats motrius fines, l\u2019atenci\u00f3 i la const\u00e0ncia. Tamb\u00e9 es treballa el respecte pels materials, l\u2019organitzaci\u00f3 de l\u2019espai i el valor del proc\u00e9s creatiu, m\u00e9s enll\u00e0 del resultat final.<\/p>\n<p style=\"text-align: center;\" data-start=\"461\" data-end=\"798\"><a href=\"https:\/\/photos.app.goo.gl\/qeMdXW5AZBGLF3tUA\"><img loading=\"lazy\" decoding=\"async\" class=\"alignnone  wp-image-16734\" src=\"https:\/\/agora.xtec.cat\/escolametllers\/wp-content\/uploads\/usu1580\/2026\/01\/Portada-plastica-1r-tri.jpg\" alt=\"\" width=\"373\" height=\"497\" srcset=\"https:\/\/agora.xtec.cat\/escolametllers\/wp-content\/uploads\/usu1580\/2026\/01\/Portada-plastica-1r-tri.jpg 480w, https:\/\/agora.xtec.cat\/escolametllers\/wp-content\/uploads\/usu1580\/2026\/01\/Portada-plastica-1r-tri-225x300.jpg 225w\" sizes=\"auto, (max-width: 373px) 100vw, 373px\" \/><\/a><\/p>\n","protected":false},"excerpt":{"rendered":"<p>Les tardes dels dimecres, a la classe de Primer, les dediquem al treball de la pl\u00e0stica com a espai d\u2019aprenentatge, expressi\u00f3 i creativitat. Durant aquestes sessions, els infants tenen l\u2019oportunitat d\u2019experimentar amb diverses t\u00e8cniques art\u00edstiques, com ara el dibuix, la pintura, el collage o el treball amb diferents materials i textures. A trav\u00e9s de les [&hellip;]<\/p>\n","protected":false},"author":50,"featured_media":0,"comment_status":"open","ping_status":"open","sticky":false,"template":"","format":"standard","meta":{"_bbp_topic_count":0,"_bbp_reply_count":0,"_bbp_total_topic_count":0,"_bbp_total_reply_count":0,"_bbp_voice_count":0,"_bbp_anonymous_reply_count":0,"_bbp_topic_count_hidden":0,"_bbp_reply_count_hidden":0,"_bbp_forum_subforum_count":0,"site-sidebar-layout":"default","site-content-layout":"","ast-site-content-layout":"","site-content-style":"default","site-sidebar-style":"default","ast-global-header-display":"","ast-banner-title-visibility":"","ast-main-header-display":"","ast-hfb-above-header-display":"","ast-hfb-below-header-display":"","ast-hfb-mobile-header-display":"","site-post-title":"","ast-breadcrumbs-content":"","ast-featured-img":"","footer-sml-layout":"","theme-transparent-header-meta":"","adv-header-id-meta":"","stick-header-meta":"","header-above-stick-meta":"","header-main-stick-meta":"","header-below-stick-meta":"","astra-migrate-meta-layouts":"default","ast-page-background-enabled":"default","ast-page-background-meta":{"desktop":{"background-color":"var(--ast-global-color-4)","background-image":"","background-repeat":"repeat","background-position":"center center","background-size":"auto","background-attachment":"scroll","background-type":"","background-media":"","overlay-type":"","overlay-color":"","overlay-opacity":"","overlay-gradient":""},"tablet":{"background-color":"","background-image":"","background-repeat":"repeat","background-position":"center center","background-size":"auto","background-attachment":"scroll","background-type":"","background-media":"","overlay-type":"","overlay-color":"","overlay-opacity":"","overlay-gradient":""},"mobile":{"background-color":"","background-image":"","background-repeat":"repeat","background-position":"center center","background-size":"auto","background-attachment":"scroll","background-type":"","background-media":"","overlay-type":"","overlay-color":"","overlay-opacity":"","overlay-gradient":""}},"ast-content-background-meta":{"desktop":{"background-color":"var(--ast-global-color-5)","background-image":"","background-repeat":"repeat","background-position":"center center","background-size":"auto","background-attachment":"scroll","background-type":"","background-media":"","overlay-type":"","overlay-color":"","overlay-opacity":"","overlay-gradient":""},"tablet":{"background-color":"var(--ast-global-color-5)","background-image":"","background-repeat":"repeat","background-position":"center center","background-size":"auto","background-attachment":"scroll","background-type":"","background-media":"","overlay-type":"","overlay-color":"","overlay-opacity":"","overlay-gradient":""},"mobile":{"background-color":"var(--ast-global-color-5)","background-image":"","background-repeat":"repeat","background-position":"center center","background-size":"auto","background-attachment":"scroll","background-type":"","background-media":"","overlay-type":"","overlay-color":"","overlay-opacity":"","overlay-gradient":""}},"footnotes":""},"categories":[452,409],"tags":[17],"class_list":["post-16736","post","type-post","status-publish","format-standard","hentry","category-curs-25-26","category-prom19a","tag-art"],"post_mailing_queue_ids":[],"_links":{"self":[{"href":"https:\/\/agora.xtec.cat\/escolametllers\/wp-json\/wp\/v2\/posts\/16736","targetHints":{"allow":["GET"]}}],"collection":[{"href":"https:\/\/agora.xtec.cat\/escolametllers\/wp-json\/wp\/v2\/posts"}],"about":[{"href":"https:\/\/agora.xtec.cat\/escolametllers\/wp-json\/wp\/v2\/types\/post"}],"author":[{"embeddable":true,"href":"https:\/\/agora.xtec.cat\/escolametllers\/wp-json\/wp\/v2\/users\/50"}],"replies":[{"embeddable":true,"href":"https:\/\/agora.xtec.cat\/escolametllers\/wp-json\/wp\/v2\/comments?post=16736"}],"version-history":[{"count":1,"href":"https:\/\/agora.xtec.cat\/escolametllers\/wp-json\/wp\/v2\/posts\/16736\/revisions"}],"predecessor-version":[{"id":16737,"href":"https:\/\/agora.xtec.cat\/escolametllers\/wp-json\/wp\/v2\/posts\/16736\/revisions\/16737"}],"wp:attachment":[{"href":"https:\/\/agora.xtec.cat\/escolametllers\/wp-json\/wp\/v2\/media?parent=16736"}],"wp:term":[{"taxonomy":"category","embeddable":true,"href":"https:\/\/agora.xtec.cat\/escolametllers\/wp-json\/wp\/v2\/categories?post=16736"},{"taxonomy":"post_tag","embeddable":true,"href":"https:\/\/agora.xtec.cat\/escolametllers\/wp-json\/wp\/v2\/tags?post=16736"}],"curies":[{"name":"wp","href":"https:\/\/api.w.org\/{rel}","templated":true}]}}