{"id":16716,"date":"2025-11-28T10:09:56","date_gmt":"2025-11-28T09:09:56","guid":{"rendered":"https:\/\/agora.xtec.cat\/escolametllers\/?p=16716"},"modified":"2026-01-27T12:08:26","modified_gmt":"2026-01-27T11:08:26","slug":"padrins-de-lectura-10","status":"publish","type":"post","link":"https:\/\/agora.xtec.cat\/escolametllers\/primaria\/padrins-de-lectura-10\/","title":{"rendered":"PADRINS DE LECTURA"},"content":{"rendered":"<p>El projecte de PADRINS DE LECTURA que tenim a l&#8217;escola i que portem a terme quinzenalment entre els nens i nenes de primer i quart \u00e9s una de les eines pedag\u00f2giques m\u00e9s potents per crear comunitat a la nostra escola. No nom\u00e9s es tracta de passar una bona estona\u00a0 i llegir amb altres nens que no s\u00f3n de la nostra classe, sin\u00f3 de construir vincles emocionals que faciliten l&#8217;aprenentatge de la lectoescriptura. En aquest espai de conviv\u00e8ncia, que tant pot ser l&#8217;aula, com el pati, com la biblioteca&#8230;, el llibre es converteix en el pont per connectar dues generacions de l&#8217;escola.<\/p>\n<p><a href=\"https:\/\/photos.app.goo.gl\/bMAMzoST2AV6FzSr7\"><img loading=\"lazy\" decoding=\"async\" class=\"aligncenter wp-image-16718\" src=\"https:\/\/agora.xtec.cat\/escolametllers\/wp-content\/uploads\/usu1580\/2026\/01\/WhatsApp-Image-2026-01-25-at-09.41.08-225x300.jpeg\" alt=\"\" width=\"220\" height=\"293\" srcset=\"https:\/\/agora.xtec.cat\/escolametllers\/wp-content\/uploads\/usu1580\/2026\/01\/WhatsApp-Image-2026-01-25-at-09.41.08-225x300.jpeg 225w, https:\/\/agora.xtec.cat\/escolametllers\/wp-content\/uploads\/usu1580\/2026\/01\/WhatsApp-Image-2026-01-25-at-09.41.08-768x1024.jpeg 768w, https:\/\/agora.xtec.cat\/escolametllers\/wp-content\/uploads\/usu1580\/2026\/01\/WhatsApp-Image-2026-01-25-at-09.41.08-1152x1536.jpeg 1152w, https:\/\/agora.xtec.cat\/escolametllers\/wp-content\/uploads\/usu1580\/2026\/01\/WhatsApp-Image-2026-01-25-at-09.41.08.jpeg 1500w\" sizes=\"auto, (max-width: 220px) 100vw, 220px\" \/><\/a><\/p>\n<p style=\"text-align: center;\"><strong>COMPARTIM LECTURES, COMPARTIM EXPERI\u00c8NCIES, COMPARTIM ESTONES. <\/strong><\/p>\n<p style=\"text-align: center;\"><strong>COMPARTIM APRENENTATGE!!<\/strong><\/p>\n","protected":false},"excerpt":{"rendered":"<p>El projecte de PADRINS DE LECTURA que tenim a l&#8217;escola i que portem a terme quinzenalment entre els nens i nenes de primer i quart \u00e9s una de les eines pedag\u00f2giques m\u00e9s potents per crear comunitat a la nostra escola. No nom\u00e9s es tracta de passar una bona estona\u00a0 i llegir amb altres nens que [&hellip;]<\/p>\n","protected":false},"author":61,"featured_media":0,"comment_status":"open","ping_status":"open","sticky":false,"template":"","format":"standard","meta":{"_bbp_topic_count":0,"_bbp_reply_count":0,"_bbp_total_topic_count":0,"_bbp_total_reply_count":0,"_bbp_voice_count":0,"_bbp_anonymous_reply_count":0,"_bbp_topic_count_hidden":0,"_bbp_reply_count_hidden":0,"_bbp_forum_subforum_count":0,"site-sidebar-layout":"default","site-content-layout":"","ast-site-content-layout":"","site-content-style":"default","site-sidebar-style":"default","ast-global-header-display":"","ast-banner-title-visibility":"","ast-main-header-display":"","ast-hfb-above-header-display":"","ast-hfb-below-header-display":"","ast-hfb-mobile-header-display":"","site-post-title":"","ast-breadcrumbs-content":"","ast-featured-img":"","footer-sml-layout":"","theme-transparent-header-meta":"","adv-header-id-meta":"","stick-header-meta":"","header-above-stick-meta":"","header-main-stick-meta":"","header-below-stick-meta":"","astra-migrate-meta-layouts":"default","ast-page-background-enabled":"default","ast-page-background-meta":{"desktop":{"background-color":"var(--ast-global-color-4)","background-image":"","background-repeat":"repeat","background-position":"center center","background-size":"auto","background-attachment":"scroll","background-type":"","background-media":"","overlay-type":"","overlay-color":"","overlay-opacity":"","overlay-gradient":""},"tablet":{"background-color":"","background-image":"","background-repeat":"repeat","background-position":"center center","background-size":"auto","background-attachment":"scroll","background-type":"","background-media":"","overlay-type":"","overlay-color":"","overlay-opacity":"","overlay-gradient":""},"mobile":{"background-color":"","background-image":"","background-repeat":"repeat","background-position":"center center","background-size":"auto","background-attachment":"scroll","background-type":"","background-media":"","overlay-type":"","overlay-color":"","overlay-opacity":"","overlay-gradient":""}},"ast-content-background-meta":{"desktop":{"background-color":"var(--ast-global-color-5)","background-image":"","background-repeat":"repeat","background-position":"center center","background-size":"auto","background-attachment":"scroll","background-type":"","background-media":"","overlay-type":"","overlay-color":"","overlay-opacity":"","overlay-gradient":""},"tablet":{"background-color":"var(--ast-global-color-5)","background-image":"","background-repeat":"repeat","background-position":"center center","background-size":"auto","background-attachment":"scroll","background-type":"","background-media":"","overlay-type":"","overlay-color":"","overlay-opacity":"","overlay-gradient":""},"mobile":{"background-color":"var(--ast-global-color-5)","background-image":"","background-repeat":"repeat","background-position":"center center","background-size":"auto","background-attachment":"scroll","background-type":"","background-media":"","overlay-type":"","overlay-color":"","overlay-opacity":"","overlay-gradient":""}},"footnotes":""},"categories":[452,5,410],"tags":[303,212,386],"class_list":["post-16716","post","type-post","status-publish","format-standard","hentry","category-curs-25-26","category-primaria","category-prom19b","tag-lectura","tag-llengua","tag-padrins"],"post_mailing_queue_ids":[],"_links":{"self":[{"href":"https:\/\/agora.xtec.cat\/escolametllers\/wp-json\/wp\/v2\/posts\/16716","targetHints":{"allow":["GET"]}}],"collection":[{"href":"https:\/\/agora.xtec.cat\/escolametllers\/wp-json\/wp\/v2\/posts"}],"about":[{"href":"https:\/\/agora.xtec.cat\/escolametllers\/wp-json\/wp\/v2\/types\/post"}],"author":[{"embeddable":true,"href":"https:\/\/agora.xtec.cat\/escolametllers\/wp-json\/wp\/v2\/users\/61"}],"replies":[{"embeddable":true,"href":"https:\/\/agora.xtec.cat\/escolametllers\/wp-json\/wp\/v2\/comments?post=16716"}],"version-history":[{"count":6,"href":"https:\/\/agora.xtec.cat\/escolametllers\/wp-json\/wp\/v2\/posts\/16716\/revisions"}],"predecessor-version":[{"id":16724,"href":"https:\/\/agora.xtec.cat\/escolametllers\/wp-json\/wp\/v2\/posts\/16716\/revisions\/16724"}],"wp:attachment":[{"href":"https:\/\/agora.xtec.cat\/escolametllers\/wp-json\/wp\/v2\/media?parent=16716"}],"wp:term":[{"taxonomy":"category","embeddable":true,"href":"https:\/\/agora.xtec.cat\/escolametllers\/wp-json\/wp\/v2\/categories?post=16716"},{"taxonomy":"post_tag","embeddable":true,"href":"https:\/\/agora.xtec.cat\/escolametllers\/wp-json\/wp\/v2\/tags?post=16716"}],"curies":[{"name":"wp","href":"https:\/\/api.w.org\/{rel}","templated":true}]}}