{"id":16662,"date":"2025-12-19T12:08:21","date_gmt":"2025-12-19T11:08:21","guid":{"rendered":"https:\/\/agora.xtec.cat\/escolametllers\/?p=16662"},"modified":"2026-01-08T16:22:15","modified_gmt":"2026-01-08T15:22:15","slug":"tan-diferents-som-de-les-orques","status":"publish","type":"post","link":"https:\/\/agora.xtec.cat\/escolametllers\/primaria\/tan-diferents-som-de-les-orques\/","title":{"rendered":"TAN DIFERENTS SOM DE LES ORQUES?"},"content":{"rendered":"<p><a href=\"https:\/\/photos.app.goo.gl\/uN2Nm4gUZV19hea5A\"><img loading=\"lazy\" decoding=\"async\" class=\"wp-image-16663 aligncenter\" src=\"https:\/\/agora.xtec.cat\/escolametllers\/wp-content\/uploads\/usu1580\/2026\/01\/PROJECTE.jpg\" alt=\"\" width=\"275\" height=\"366\" srcset=\"https:\/\/agora.xtec.cat\/escolametllers\/wp-content\/uploads\/usu1580\/2026\/01\/PROJECTE.jpg 668w, https:\/\/agora.xtec.cat\/escolametllers\/wp-content\/uploads\/usu1580\/2026\/01\/PROJECTE-225x300.jpg 225w\" sizes=\"auto, (max-width: 275px) 100vw, 275px\" \/><\/a><\/p>\n<p style=\"text-align: justify;\" data-start=\"190\" data-end=\"492\">A partir del nom de la classe, vam iniciar el projecte que va n\u00e9ixer de la curiositat i l\u2019inter\u00e8s dels infants. Per comen\u00e7ar, vam visualitzar dos v\u00eddeos i vam llegir diferents llibres informatius, que ens van ajudar a fer-nos una primera idea sobre el tema i a despertar noves preguntes.<\/p>\n<p style=\"text-align: justify;\" data-start=\"494\" data-end=\"1047\">A mesura que avan\u00e7\u00e0vem, els infants van comen\u00e7ar a formular subpreguntes relacionades sobretot amb el cos de les orques i la comparaci\u00f3 amb el cos hum\u00e0: si tenen venes i sang, quanta sang tenen i quanta en tenim nosaltres; per a qu\u00e8 serveix el cor; quants ossos tenen i quants en tenim les persones;<\/p>\n<p style=\"text-align: justify;\" data-start=\"1049\" data-end=\"1411\">Aquestes preguntes, entre d&#8217;altres, s\u00f3n el motor del projecte, afavorint l\u2019observaci\u00f3, el pensament cr\u00edtic, el llenguatge i la construcci\u00f3 de nous aprenentatges a partir de la comparaci\u00f3, la investigaci\u00f3 i el di\u00e0leg compartit.<\/p>\n<p data-start=\"1049\" data-end=\"1411\">SEGUIM!<\/p>\n","protected":false},"excerpt":{"rendered":"<p>A partir del nom de la classe, vam iniciar el projecte que va n\u00e9ixer de la curiositat i l\u2019inter\u00e8s dels infants. Per comen\u00e7ar, vam visualitzar dos v\u00eddeos i vam llegir diferents llibres informatius, que ens van ajudar a fer-nos una primera idea sobre el tema i a despertar noves preguntes. A mesura que avan\u00e7\u00e0vem, els [&hellip;]<\/p>\n","protected":false},"author":55,"featured_media":0,"comment_status":"open","ping_status":"open","sticky":false,"template":"","format":"standard","meta":{"_bbp_topic_count":0,"_bbp_reply_count":0,"_bbp_total_topic_count":0,"_bbp_total_reply_count":0,"_bbp_voice_count":0,"_bbp_anonymous_reply_count":0,"_bbp_topic_count_hidden":0,"_bbp_reply_count_hidden":0,"_bbp_forum_subforum_count":0,"site-sidebar-layout":"default","site-content-layout":"","ast-site-content-layout":"","site-content-style":"default","site-sidebar-style":"default","ast-global-header-display":"","ast-banner-title-visibility":"","ast-main-header-display":"","ast-hfb-above-header-display":"","ast-hfb-below-header-display":"","ast-hfb-mobile-header-display":"","site-post-title":"","ast-breadcrumbs-content":"","ast-featured-img":"","footer-sml-layout":"","theme-transparent-header-meta":"","adv-header-id-meta":"","stick-header-meta":"","header-above-stick-meta":"","header-main-stick-meta":"","header-below-stick-meta":"","astra-migrate-meta-layouts":"default","ast-page-background-enabled":"default","ast-page-background-meta":{"desktop":{"background-color":"var(--ast-global-color-4)","background-image":"","background-repeat":"repeat","background-position":"center center","background-size":"auto","background-attachment":"scroll","background-type":"","background-media":"","overlay-type":"","overlay-color":"","overlay-opacity":"","overlay-gradient":""},"tablet":{"background-color":"","background-image":"","background-repeat":"repeat","background-position":"center center","background-size":"auto","background-attachment":"scroll","background-type":"","background-media":"","overlay-type":"","overlay-color":"","overlay-opacity":"","overlay-gradient":""},"mobile":{"background-color":"","background-image":"","background-repeat":"repeat","background-position":"center center","background-size":"auto","background-attachment":"scroll","background-type":"","background-media":"","overlay-type":"","overlay-color":"","overlay-opacity":"","overlay-gradient":""}},"ast-content-background-meta":{"desktop":{"background-color":"var(--ast-global-color-5)","background-image":"","background-repeat":"repeat","background-position":"center center","background-size":"auto","background-attachment":"scroll","background-type":"","background-media":"","overlay-type":"","overlay-color":"","overlay-opacity":"","overlay-gradient":""},"tablet":{"background-color":"var(--ast-global-color-5)","background-image":"","background-repeat":"repeat","background-position":"center center","background-size":"auto","background-attachment":"scroll","background-type":"","background-media":"","overlay-type":"","overlay-color":"","overlay-opacity":"","overlay-gradient":""},"mobile":{"background-color":"var(--ast-global-color-5)","background-image":"","background-repeat":"repeat","background-position":"center center","background-size":"auto","background-attachment":"scroll","background-type":"","background-media":"","overlay-type":"","overlay-color":"","overlay-opacity":"","overlay-gradient":""}},"footnotes":""},"categories":[452,5,351],"tags":[204],"class_list":["post-16662","post","type-post","status-publish","format-standard","hentry","category-curs-25-26","category-primaria","category-prom18","tag-projectes"],"post_mailing_queue_ids":[],"_links":{"self":[{"href":"https:\/\/agora.xtec.cat\/escolametllers\/wp-json\/wp\/v2\/posts\/16662","targetHints":{"allow":["GET"]}}],"collection":[{"href":"https:\/\/agora.xtec.cat\/escolametllers\/wp-json\/wp\/v2\/posts"}],"about":[{"href":"https:\/\/agora.xtec.cat\/escolametllers\/wp-json\/wp\/v2\/types\/post"}],"author":[{"embeddable":true,"href":"https:\/\/agora.xtec.cat\/escolametllers\/wp-json\/wp\/v2\/users\/55"}],"replies":[{"embeddable":true,"href":"https:\/\/agora.xtec.cat\/escolametllers\/wp-json\/wp\/v2\/comments?post=16662"}],"version-history":[{"count":6,"href":"https:\/\/agora.xtec.cat\/escolametllers\/wp-json\/wp\/v2\/posts\/16662\/revisions"}],"predecessor-version":[{"id":16670,"href":"https:\/\/agora.xtec.cat\/escolametllers\/wp-json\/wp\/v2\/posts\/16662\/revisions\/16670"}],"wp:attachment":[{"href":"https:\/\/agora.xtec.cat\/escolametllers\/wp-json\/wp\/v2\/media?parent=16662"}],"wp:term":[{"taxonomy":"category","embeddable":true,"href":"https:\/\/agora.xtec.cat\/escolametllers\/wp-json\/wp\/v2\/categories?post=16662"},{"taxonomy":"post_tag","embeddable":true,"href":"https:\/\/agora.xtec.cat\/escolametllers\/wp-json\/wp\/v2\/tags?post=16662"}],"curies":[{"name":"wp","href":"https:\/\/api.w.org\/{rel}","templated":true}]}}