{"id":16653,"date":"2026-01-08T12:00:17","date_gmt":"2026-01-08T11:00:17","guid":{"rendered":"https:\/\/agora.xtec.cat\/escolametllers\/?p=16653"},"modified":"2026-01-14T12:32:21","modified_gmt":"2026-01-14T11:32:21","slug":"arriba-el-tio","status":"publish","type":"post","link":"https:\/\/agora.xtec.cat\/escolametllers\/primaria\/arriba-el-tio\/","title":{"rendered":"QUAN ARRIBA EL TI\u00d3, ARRIBA LA M\u00c0GIA"},"content":{"rendered":"<p style=\"text-align: justify;\" data-start=\"117\" data-end=\"366\">La darrera setmana abans de les vacances va ser molt especial per als infants. Vam anar a buscar el ti\u00f3 i, entre tots i totes, en vam tenir molta cura: el vam abrigar perqu\u00e8 no pass\u00e9s fred i cada dia li vam portar menjar perqu\u00e8 estigu\u00e9s ben content.<\/p>\n<p style=\"text-align: justify;\" data-start=\"619\" data-end=\"893\">Vam compartir moments molt bonics cantant nadales i aprenent el poema de Nadal. Finalment, amb molta il\u00b7lusi\u00f3 i nervis, vam fer cagar el ti\u00f3, que ens va portar un esmorzar de Nadal que vam gaudir plegats. Les neules i els torrons de xocolata van ser els grans protagonistes!<\/p>\n<p data-start=\"895\" data-end=\"971\">Avui quan hem arribat a l&#8217;escola ens hem trobat una gran sorpresa a la classe, havien passat els reis per la classe per deixar-nos algun regalet per la classe!<\/p>\n<p><a href=\"https:\/\/photos.app.goo.gl\/mwGBzruRZtyeNnnh9\"><img loading=\"lazy\" decoding=\"async\" class=\"alignnone wp-image-16654\" src=\"https:\/\/agora.xtec.cat\/escolametllers\/wp-content\/uploads\/usu1580\/2026\/01\/NADAL-1024x768.jpg\" alt=\"\" width=\"577\" height=\"433\" srcset=\"https:\/\/agora.xtec.cat\/escolametllers\/wp-content\/uploads\/usu1580\/2026\/01\/NADAL-1024x768.jpg 1024w, https:\/\/agora.xtec.cat\/escolametllers\/wp-content\/uploads\/usu1580\/2026\/01\/NADAL-300x225.jpg 300w, https:\/\/agora.xtec.cat\/escolametllers\/wp-content\/uploads\/usu1580\/2026\/01\/NADAL-768x576.jpg 768w, https:\/\/agora.xtec.cat\/escolametllers\/wp-content\/uploads\/usu1580\/2026\/01\/NADAL-200x150.jpg 200w, https:\/\/agora.xtec.cat\/escolametllers\/wp-content\/uploads\/usu1580\/2026\/01\/NADAL.jpg 1187w\" sizes=\"auto, (max-width: 577px) 100vw, 577px\" \/><\/a><\/p>\n","protected":false},"excerpt":{"rendered":"<p>La darrera setmana abans de les vacances va ser molt especial per als infants. Vam anar a buscar el ti\u00f3 i, entre tots i totes, en vam tenir molta cura: el vam abrigar perqu\u00e8 no pass\u00e9s fred i cada dia li vam portar menjar perqu\u00e8 estigu\u00e9s ben content. Vam compartir moments molt bonics cantant nadales [&hellip;]<\/p>\n","protected":false},"author":55,"featured_media":0,"comment_status":"open","ping_status":"open","sticky":false,"template":"","format":"standard","meta":{"_bbp_topic_count":0,"_bbp_reply_count":0,"_bbp_total_topic_count":0,"_bbp_total_reply_count":0,"_bbp_voice_count":0,"_bbp_anonymous_reply_count":0,"_bbp_topic_count_hidden":0,"_bbp_reply_count_hidden":0,"_bbp_forum_subforum_count":0,"site-sidebar-layout":"default","site-content-layout":"","ast-site-content-layout":"","site-content-style":"default","site-sidebar-style":"default","ast-global-header-display":"","ast-banner-title-visibility":"","ast-main-header-display":"","ast-hfb-above-header-display":"","ast-hfb-below-header-display":"","ast-hfb-mobile-header-display":"","site-post-title":"","ast-breadcrumbs-content":"","ast-featured-img":"","footer-sml-layout":"","theme-transparent-header-meta":"","adv-header-id-meta":"","stick-header-meta":"","header-above-stick-meta":"","header-main-stick-meta":"","header-below-stick-meta":"","astra-migrate-meta-layouts":"default","ast-page-background-enabled":"default","ast-page-background-meta":{"desktop":{"background-color":"var(--ast-global-color-4)","background-image":"","background-repeat":"repeat","background-position":"center center","background-size":"auto","background-attachment":"scroll","background-type":"","background-media":"","overlay-type":"","overlay-color":"","overlay-opacity":"","overlay-gradient":""},"tablet":{"background-color":"","background-image":"","background-repeat":"repeat","background-position":"center center","background-size":"auto","background-attachment":"scroll","background-type":"","background-media":"","overlay-type":"","overlay-color":"","overlay-opacity":"","overlay-gradient":""},"mobile":{"background-color":"","background-image":"","background-repeat":"repeat","background-position":"center center","background-size":"auto","background-attachment":"scroll","background-type":"","background-media":"","overlay-type":"","overlay-color":"","overlay-opacity":"","overlay-gradient":""}},"ast-content-background-meta":{"desktop":{"background-color":"var(--ast-global-color-5)","background-image":"","background-repeat":"repeat","background-position":"center center","background-size":"auto","background-attachment":"scroll","background-type":"","background-media":"","overlay-type":"","overlay-color":"","overlay-opacity":"","overlay-gradient":""},"tablet":{"background-color":"var(--ast-global-color-5)","background-image":"","background-repeat":"repeat","background-position":"center center","background-size":"auto","background-attachment":"scroll","background-type":"","background-media":"","overlay-type":"","overlay-color":"","overlay-opacity":"","overlay-gradient":""},"mobile":{"background-color":"var(--ast-global-color-5)","background-image":"","background-repeat":"repeat","background-position":"center center","background-size":"auto","background-attachment":"scroll","background-type":"","background-media":"","overlay-type":"","overlay-color":"","overlay-opacity":"","overlay-gradient":""}},"footnotes":""},"categories":[452,5,351],"tags":[90,173],"class_list":["post-16653","post","type-post","status-publish","format-standard","hentry","category-curs-25-26","category-primaria","category-prom18","tag-musica","tag-nadal"],"post_mailing_queue_ids":[],"_links":{"self":[{"href":"https:\/\/agora.xtec.cat\/escolametllers\/wp-json\/wp\/v2\/posts\/16653","targetHints":{"allow":["GET"]}}],"collection":[{"href":"https:\/\/agora.xtec.cat\/escolametllers\/wp-json\/wp\/v2\/posts"}],"about":[{"href":"https:\/\/agora.xtec.cat\/escolametllers\/wp-json\/wp\/v2\/types\/post"}],"author":[{"embeddable":true,"href":"https:\/\/agora.xtec.cat\/escolametllers\/wp-json\/wp\/v2\/users\/55"}],"replies":[{"embeddable":true,"href":"https:\/\/agora.xtec.cat\/escolametllers\/wp-json\/wp\/v2\/comments?post=16653"}],"version-history":[{"count":6,"href":"https:\/\/agora.xtec.cat\/escolametllers\/wp-json\/wp\/v2\/posts\/16653\/revisions"}],"predecessor-version":[{"id":16707,"href":"https:\/\/agora.xtec.cat\/escolametllers\/wp-json\/wp\/v2\/posts\/16653\/revisions\/16707"}],"wp:attachment":[{"href":"https:\/\/agora.xtec.cat\/escolametllers\/wp-json\/wp\/v2\/media?parent=16653"}],"wp:term":[{"taxonomy":"category","embeddable":true,"href":"https:\/\/agora.xtec.cat\/escolametllers\/wp-json\/wp\/v2\/categories?post=16653"},{"taxonomy":"post_tag","embeddable":true,"href":"https:\/\/agora.xtec.cat\/escolametllers\/wp-json\/wp\/v2\/tags?post=16653"}],"curies":[{"name":"wp","href":"https:\/\/api.w.org\/{rel}","templated":true}]}}