{"id":16647,"date":"2026-01-08T13:00:10","date_gmt":"2026-01-08T12:00:10","guid":{"rendered":"https:\/\/agora.xtec.cat\/escolametllers\/?p=16647"},"modified":"2026-03-08T22:41:46","modified_gmt":"2026-03-08T21:41:46","slug":"aixi-vam-viure-el-nadal-a-lescola","status":"publish","type":"post","link":"https:\/\/agora.xtec.cat\/escolametllers\/primaria\/prom14b\/aixi-vam-viure-el-nadal-a-lescola\/","title":{"rendered":"AIX\u00cd VAM VIURE EL NADAL A L\u2019ESCOLA!"},"content":{"rendered":"<p><span style=\"font-weight: 400;\">Els darrers dies abans de les vacances de Nadal van ser molt especials. Vam gaudir plegats d\u2019activitats que ens van permetre tancar el primer trimestre amb m\u00e0gia i alegria.<\/span><\/p>\n<p><span style=\"font-weight: 400;\">Com ja \u00e9s tradici\u00f3, vam celebrar la nostra Cantada de Nadales al gimn\u00e0s de l\u2019escola i vam preparar la nostra postal de Nadal, on vam incloure el poema que hav\u00edem estat treballant. Va ser molt emotiu poder-lo llegir i compartir amb la resta de companys i companyes de classe.<\/span><\/p>\n<p><span style=\"font-weight: 400;\">Un dels reptes m\u00e9s grans d&#8217;aquest trimestre va ser la preparaci\u00f3 dels Pastorets. Amb molt d&#8217;esfor\u00e7 i il\u00b7lusi\u00f3, vam assajar i representar l\u2019obra davant de tota l\u2019escola i de les fam\u00edlies. Va ser una experi\u00e8ncia fant\u00e0stica pujar a l&#8217;escenari i veure el fruit de la nostra feina!<\/span><\/p>\n<p><span style=\"font-weight: 400;\">Finalment, abans de marxar de vacances, vam dedicar un espai de calma per reflexionar sobre tot el que hem viscut durant aquest primer trimestre. Vam posar en com\u00fa els aprenentatges, els reptes superats i els bons moments compartits al llarg d&#8217;aquests mesos.<\/span><\/p>\n<p><span style=\"font-weight: 400;\">Bon inici de 2n trimestre i feli\u00e7 2026!<\/span><\/p>\n<p>A continuaci\u00f3 teniu algunes imatges de l&#8217;obra dels Pastorets i d&#8217;aquests dies de Nadal a l&#8217;escola.<\/p>\n<p><a href=\"https:\/\/drive.google.com\/drive\/folders\/1hG1DcOi4zghFSpyV5PgwD2wRKwXLWahw?usp=drive_link\"><img loading=\"lazy\" decoding=\"async\" class=\"alignnone size-large wp-image-16648\" src=\"https:\/\/agora.xtec.cat\/escolametllers\/wp-content\/uploads\/usu1580\/2026\/01\/IMG_7397-1024x683.jpg\" alt=\"\" width=\"1024\" height=\"683\" srcset=\"https:\/\/agora.xtec.cat\/escolametllers\/wp-content\/uploads\/usu1580\/2026\/01\/IMG_7397-1024x683.jpg 1024w, https:\/\/agora.xtec.cat\/escolametllers\/wp-content\/uploads\/usu1580\/2026\/01\/IMG_7397-300x200.jpg 300w, https:\/\/agora.xtec.cat\/escolametllers\/wp-content\/uploads\/usu1580\/2026\/01\/IMG_7397-768x512.jpg 768w, https:\/\/agora.xtec.cat\/escolametllers\/wp-content\/uploads\/usu1580\/2026\/01\/IMG_7397-1536x1024.jpg 1536w, https:\/\/agora.xtec.cat\/escolametllers\/wp-content\/uploads\/usu1580\/2026\/01\/IMG_7397-2048x1365.jpg 2048w\" sizes=\"auto, (max-width: 1024px) 100vw, 1024px\" \/><\/a><\/p>\n<p><a href=\"https:\/\/photos.app.goo.gl\/PCkaSLh52oHULpfk7\"><img loading=\"lazy\" decoding=\"async\" class=\"alignnone size-large wp-image-16649\" src=\"https:\/\/agora.xtec.cat\/escolametllers\/wp-content\/uploads\/usu1580\/2026\/01\/Pastorets_Assaig-30-1024x768.jpg\" alt=\"\" width=\"1024\" height=\"768\" srcset=\"https:\/\/agora.xtec.cat\/escolametllers\/wp-content\/uploads\/usu1580\/2026\/01\/Pastorets_Assaig-30-1024x768.jpg 1024w, https:\/\/agora.xtec.cat\/escolametllers\/wp-content\/uploads\/usu1580\/2026\/01\/Pastorets_Assaig-30-300x225.jpg 300w, https:\/\/agora.xtec.cat\/escolametllers\/wp-content\/uploads\/usu1580\/2026\/01\/Pastorets_Assaig-30-768x576.jpg 768w, https:\/\/agora.xtec.cat\/escolametllers\/wp-content\/uploads\/usu1580\/2026\/01\/Pastorets_Assaig-30-1536x1152.jpg 1536w, https:\/\/agora.xtec.cat\/escolametllers\/wp-content\/uploads\/usu1580\/2026\/01\/Pastorets_Assaig-30-2048x1536.jpg 2048w, https:\/\/agora.xtec.cat\/escolametllers\/wp-content\/uploads\/usu1580\/2026\/01\/Pastorets_Assaig-30-200x150.jpg 200w\" sizes=\"auto, (max-width: 1024px) 100vw, 1024px\" \/><\/a><\/p>\n","protected":false},"excerpt":{"rendered":"<p>Els darrers dies abans de les vacances de Nadal van ser molt especials. Vam gaudir plegats d\u2019activitats que ens van permetre tancar el primer trimestre amb m\u00e0gia i alegria. Com ja \u00e9s tradici\u00f3, vam celebrar la nostra Cantada de Nadales al gimn\u00e0s de l\u2019escola i vam preparar la nostra postal de Nadal, on vam incloure [&hellip;]<\/p>\n","protected":false},"author":104,"featured_media":0,"comment_status":"open","ping_status":"open","sticky":false,"template":"","format":"standard","meta":{"_bbp_topic_count":0,"_bbp_reply_count":0,"_bbp_total_topic_count":0,"_bbp_total_reply_count":0,"_bbp_voice_count":0,"_bbp_anonymous_reply_count":0,"_bbp_topic_count_hidden":0,"_bbp_reply_count_hidden":0,"_bbp_forum_subforum_count":0,"site-sidebar-layout":"default","site-content-layout":"","ast-site-content-layout":"default","site-content-style":"default","site-sidebar-style":"default","ast-global-header-display":"","ast-banner-title-visibility":"","ast-main-header-display":"","ast-hfb-above-header-display":"","ast-hfb-below-header-display":"","ast-hfb-mobile-header-display":"","site-post-title":"","ast-breadcrumbs-content":"","ast-featured-img":"","footer-sml-layout":"","theme-transparent-header-meta":"","adv-header-id-meta":"","stick-header-meta":"","header-above-stick-meta":"","header-main-stick-meta":"","header-below-stick-meta":"","astra-migrate-meta-layouts":"set","ast-page-background-enabled":"default","ast-page-background-meta":{"desktop":{"background-color":"var(--ast-global-color-4)","background-image":"","background-repeat":"repeat","background-position":"center center","background-size":"auto","background-attachment":"scroll","background-type":"","background-media":"","overlay-type":"","overlay-color":"","overlay-opacity":"","overlay-gradient":""},"tablet":{"background-color":"","background-image":"","background-repeat":"repeat","background-position":"center center","background-size":"auto","background-attachment":"scroll","background-type":"","background-media":"","overlay-type":"","overlay-color":"","overlay-opacity":"","overlay-gradient":""},"mobile":{"background-color":"","background-image":"","background-repeat":"repeat","background-position":"center center","background-size":"auto","background-attachment":"scroll","background-type":"","background-media":"","overlay-type":"","overlay-color":"","overlay-opacity":"","overlay-gradient":""}},"ast-content-background-meta":{"desktop":{"background-color":"var(--ast-global-color-5)","background-image":"","background-repeat":"repeat","background-position":"center center","background-size":"auto","background-attachment":"scroll","background-type":"","background-media":"","overlay-type":"","overlay-color":"","overlay-opacity":"","overlay-gradient":""},"tablet":{"background-color":"var(--ast-global-color-5)","background-image":"","background-repeat":"repeat","background-position":"center center","background-size":"auto","background-attachment":"scroll","background-type":"","background-media":"","overlay-type":"","overlay-color":"","overlay-opacity":"","overlay-gradient":""},"mobile":{"background-color":"var(--ast-global-color-5)","background-image":"","background-repeat":"repeat","background-position":"center center","background-size":"auto","background-attachment":"scroll","background-type":"","background-media":"","overlay-type":"","overlay-color":"","overlay-opacity":"","overlay-gradient":""}},"footnotes":""},"categories":[452,74],"tags":[173,458],"class_list":["post-16647","post","type-post","status-publish","format-standard","hentry","category-curs-25-26","category-prom14b","tag-nadal","tag-pastorets"],"post_mailing_queue_ids":[],"_links":{"self":[{"href":"https:\/\/agora.xtec.cat\/escolametllers\/wp-json\/wp\/v2\/posts\/16647","targetHints":{"allow":["GET"]}}],"collection":[{"href":"https:\/\/agora.xtec.cat\/escolametllers\/wp-json\/wp\/v2\/posts"}],"about":[{"href":"https:\/\/agora.xtec.cat\/escolametllers\/wp-json\/wp\/v2\/types\/post"}],"author":[{"embeddable":true,"href":"https:\/\/agora.xtec.cat\/escolametllers\/wp-json\/wp\/v2\/users\/104"}],"replies":[{"embeddable":true,"href":"https:\/\/agora.xtec.cat\/escolametllers\/wp-json\/wp\/v2\/comments?post=16647"}],"version-history":[{"count":3,"href":"https:\/\/agora.xtec.cat\/escolametllers\/wp-json\/wp\/v2\/posts\/16647\/revisions"}],"predecessor-version":[{"id":17039,"href":"https:\/\/agora.xtec.cat\/escolametllers\/wp-json\/wp\/v2\/posts\/16647\/revisions\/17039"}],"wp:attachment":[{"href":"https:\/\/agora.xtec.cat\/escolametllers\/wp-json\/wp\/v2\/media?parent=16647"}],"wp:term":[{"taxonomy":"category","embeddable":true,"href":"https:\/\/agora.xtec.cat\/escolametllers\/wp-json\/wp\/v2\/categories?post=16647"},{"taxonomy":"post_tag","embeddable":true,"href":"https:\/\/agora.xtec.cat\/escolametllers\/wp-json\/wp\/v2\/tags?post=16647"}],"curies":[{"name":"wp","href":"https:\/\/api.w.org\/{rel}","templated":true}]}}