{"id":16434,"date":"2025-12-10T18:12:10","date_gmt":"2025-12-10T17:12:10","guid":{"rendered":"https:\/\/agora.xtec.cat\/escolametllers\/?p=16434"},"modified":"2025-12-10T18:12:10","modified_gmt":"2025-12-10T17:12:10","slug":"musica-1r-trimestre-2","status":"publish","type":"post","link":"https:\/\/agora.xtec.cat\/escolametllers\/infantil\/musica-1r-trimestre-2\/","title":{"rendered":"M\u00daSICA 1R TRIMESTRE"},"content":{"rendered":"<p>Fer m\u00fasica al cicle d&#8217;Infantil permet als infants expressar-se i comunicar-se a trav\u00e9s d&#8217;un llenguatge diferent, ple de ritme, sons i emocions. La m\u00fasica els ajuda a concentrar-se, a recordar, a ampliar vocabulari i a connectar amb els altres d&#8217;una manera l\u00fadica i natural. La gran majoria d&#8217;infants esperen amb il\u00b7lusi\u00f3 &#8220;l&#8217;hora de fer m\u00fasica&#8221;, doncs el fet de cantar, ballar i tocar instruments els permet gaudir de moments distesos i plaents, i alhora desenvolupen la creativitat, la coordinaci\u00f3 corporal i l&#8217;escolta.<\/p>\n<p>Aquest trimestre hem apr\u00e8s diferents can\u00e7ons i danses, hem tocat instruments que tenim a l&#8217;escola, hem parlat de diferents conceptes musicals (fort\/fluix, r\u00e0pid\/lent&#8230;), hem celebrat el Dia de la M\u00fasica i hem apr\u00e8s les Nadales del dia del concert.<\/p>\n<p>Us convidem a gaudir d&#8217;un recull de fotos d&#8217;algunes de les activitats fetes&#8230;<\/p>\n<p><a href=\"https:\/\/photos.app.goo.gl\/ny2AvDsmW25LQBce8\"><img loading=\"lazy\" decoding=\"async\" class=\" wp-image-16466\" src=\"https:\/\/agora.xtec.cat\/escolametllers\/wp-content\/uploads\/usu1580\/2025\/11\/IMG_20251127_152929-1024x768.jpg\" alt=\"\" width=\"738\" height=\"554\" srcset=\"https:\/\/agora.xtec.cat\/escolametllers\/wp-content\/uploads\/usu1580\/2025\/11\/IMG_20251127_152929-1024x768.jpg 1024w, https:\/\/agora.xtec.cat\/escolametllers\/wp-content\/uploads\/usu1580\/2025\/11\/IMG_20251127_152929-300x225.jpg 300w, https:\/\/agora.xtec.cat\/escolametllers\/wp-content\/uploads\/usu1580\/2025\/11\/IMG_20251127_152929-768x576.jpg 768w, https:\/\/agora.xtec.cat\/escolametllers\/wp-content\/uploads\/usu1580\/2025\/11\/IMG_20251127_152929-1536x1152.jpg 1536w, https:\/\/agora.xtec.cat\/escolametllers\/wp-content\/uploads\/usu1580\/2025\/11\/IMG_20251127_152929-2048x1536.jpg 2048w, https:\/\/agora.xtec.cat\/escolametllers\/wp-content\/uploads\/usu1580\/2025\/11\/IMG_20251127_152929-200x150.jpg 200w\" sizes=\"auto, (max-width: 738px) 100vw, 738px\" \/><\/a><\/p>\n","protected":false},"excerpt":{"rendered":"<p>Fer m\u00fasica al cicle d&#8217;Infantil permet als infants expressar-se i comunicar-se a trav\u00e9s d&#8217;un llenguatge diferent, ple de ritme, sons i emocions. La m\u00fasica els ajuda a concentrar-se, a recordar, a ampliar vocabulari i a connectar amb els altres d&#8217;una manera l\u00fadica i natural. La gran majoria d&#8217;infants esperen amb il\u00b7lusi\u00f3 &#8220;l&#8217;hora de fer m\u00fasica&#8221;, [&hellip;]<\/p>\n","protected":false},"author":59,"featured_media":0,"comment_status":"open","ping_status":"open","sticky":false,"template":"","format":"standard","meta":{"_bbp_topic_count":0,"_bbp_reply_count":0,"_bbp_total_topic_count":0,"_bbp_total_reply_count":0,"_bbp_voice_count":0,"_bbp_anonymous_reply_count":0,"_bbp_topic_count_hidden":0,"_bbp_reply_count_hidden":0,"_bbp_forum_subforum_count":0,"site-sidebar-layout":"default","site-content-layout":"","ast-site-content-layout":"","site-content-style":"default","site-sidebar-style":"default","ast-global-header-display":"","ast-banner-title-visibility":"","ast-main-header-display":"","ast-hfb-above-header-display":"","ast-hfb-below-header-display":"","ast-hfb-mobile-header-display":"","site-post-title":"","ast-breadcrumbs-content":"","ast-featured-img":"","footer-sml-layout":"","theme-transparent-header-meta":"","adv-header-id-meta":"","stick-header-meta":"","header-above-stick-meta":"","header-main-stick-meta":"","header-below-stick-meta":"","astra-migrate-meta-layouts":"default","ast-page-background-enabled":"default","ast-page-background-meta":{"desktop":{"background-color":"var(--ast-global-color-4)","background-image":"","background-repeat":"repeat","background-position":"center center","background-size":"auto","background-attachment":"scroll","background-type":"","background-media":"","overlay-type":"","overlay-color":"","overlay-opacity":"","overlay-gradient":""},"tablet":{"background-color":"","background-image":"","background-repeat":"repeat","background-position":"center center","background-size":"auto","background-attachment":"scroll","background-type":"","background-media":"","overlay-type":"","overlay-color":"","overlay-opacity":"","overlay-gradient":""},"mobile":{"background-color":"","background-image":"","background-repeat":"repeat","background-position":"center center","background-size":"auto","background-attachment":"scroll","background-type":"","background-media":"","overlay-type":"","overlay-color":"","overlay-opacity":"","overlay-gradient":""}},"ast-content-background-meta":{"desktop":{"background-color":"var(--ast-global-color-5)","background-image":"","background-repeat":"repeat","background-position":"center center","background-size":"auto","background-attachment":"scroll","background-type":"","background-media":"","overlay-type":"","overlay-color":"","overlay-opacity":"","overlay-gradient":""},"tablet":{"background-color":"var(--ast-global-color-5)","background-image":"","background-repeat":"repeat","background-position":"center center","background-size":"auto","background-attachment":"scroll","background-type":"","background-media":"","overlay-type":"","overlay-color":"","overlay-opacity":"","overlay-gradient":""},"mobile":{"background-color":"var(--ast-global-color-5)","background-image":"","background-repeat":"repeat","background-position":"center center","background-size":"auto","background-attachment":"scroll","background-type":"","background-media":"","overlay-type":"","overlay-color":"","overlay-opacity":"","overlay-gradient":""}},"footnotes":""},"categories":[452,280,2],"tags":[90],"class_list":["post-16434","post","type-post","status-publish","format-standard","hentry","category-curs-25-26","category-eib","category-infantil","tag-musica"],"post_mailing_queue_ids":[],"_links":{"self":[{"href":"https:\/\/agora.xtec.cat\/escolametllers\/wp-json\/wp\/v2\/posts\/16434","targetHints":{"allow":["GET"]}}],"collection":[{"href":"https:\/\/agora.xtec.cat\/escolametllers\/wp-json\/wp\/v2\/posts"}],"about":[{"href":"https:\/\/agora.xtec.cat\/escolametllers\/wp-json\/wp\/v2\/types\/post"}],"author":[{"embeddable":true,"href":"https:\/\/agora.xtec.cat\/escolametllers\/wp-json\/wp\/v2\/users\/59"}],"replies":[{"embeddable":true,"href":"https:\/\/agora.xtec.cat\/escolametllers\/wp-json\/wp\/v2\/comments?post=16434"}],"version-history":[{"count":3,"href":"https:\/\/agora.xtec.cat\/escolametllers\/wp-json\/wp\/v2\/posts\/16434\/revisions"}],"predecessor-version":[{"id":16468,"href":"https:\/\/agora.xtec.cat\/escolametllers\/wp-json\/wp\/v2\/posts\/16434\/revisions\/16468"}],"wp:attachment":[{"href":"https:\/\/agora.xtec.cat\/escolametllers\/wp-json\/wp\/v2\/media?parent=16434"}],"wp:term":[{"taxonomy":"category","embeddable":true,"href":"https:\/\/agora.xtec.cat\/escolametllers\/wp-json\/wp\/v2\/categories?post=16434"},{"taxonomy":"post_tag","embeddable":true,"href":"https:\/\/agora.xtec.cat\/escolametllers\/wp-json\/wp\/v2\/tags?post=16434"}],"curies":[{"name":"wp","href":"https:\/\/api.w.org\/{rel}","templated":true}]}}