{"id":16418,"date":"2025-11-13T11:36:32","date_gmt":"2025-11-13T10:36:32","guid":{"rendered":"https:\/\/agora.xtec.cat\/escolametllers\/?p=16418"},"modified":"2025-11-13T11:36:32","modified_gmt":"2025-11-13T10:36:32","slug":"festa-de-la-castanyada-4","status":"publish","type":"post","link":"https:\/\/agora.xtec.cat\/escolametllers\/infantil\/festa-de-la-castanyada-4\/","title":{"rendered":"FESTA DE LA CASTANYADA"},"content":{"rendered":"<p>Hola fam\u00edlies!<\/p>\n<p>Hem tingut unes setmanes molt emocionants i plenes d&#8217;activitat, ja que primer vam donar la benvinguda a la tardor i al cap d&#8217;unes setmanes a la castanyada!<\/p>\n<p>Al llarg d&#8217;aquests dies hem pogut escoltar contes de la castanyera, observar i experimentar amb elements de la tardor, aprendre can\u00e7ons i danses, descobrir com es torren les castanyes per\u00f2&#8230; el moment que m\u00e9s il\u00b7lusi\u00f3 ens va fer va ser la visita de la castanyera! Ens va explicar amb detall la seva hist\u00f2ria i ens va preparar un joc en qu\u00e8 hav\u00edem de buscar castanyes amagades per la nostra classe. Va ser molt divertit! Despr\u00e9s les vam portar a un grup de fam\u00edlies que ens van explicar com les torrarien. A la tarda, vam fer una gran festa, on vam cantar i ballar amb tots els nens i nenes de l&#8217;escola, vam veure ballar la geganta vestida de castanyera i vam menjar les castanyes que hav\u00edem trobat al mat\u00ed. Ens va encantar poder viure tantes experi\u00e8ncies i compartir aquests moments especials amb els companys i companyes.<\/p>\n<p>Si cliqueu l&#8217;enlla\u00e7, podreu veure alguns dels moments m\u00e9s m\u00e0gics que hem viscut durant aquests dies.<\/p>\n<p><a href=\"https:\/\/photos.app.goo.gl\/ehVwSkPVir84qHmT7\"><img loading=\"lazy\" decoding=\"async\" class=\" wp-image-16419\" src=\"https:\/\/agora.xtec.cat\/escolametllers\/wp-content\/uploads\/usu1580\/2025\/11\/IMG_20251028_152126-1024x768.jpg\" alt=\"\" width=\"792\" height=\"594\" srcset=\"https:\/\/agora.xtec.cat\/escolametllers\/wp-content\/uploads\/usu1580\/2025\/11\/IMG_20251028_152126-1024x768.jpg 1024w, https:\/\/agora.xtec.cat\/escolametllers\/wp-content\/uploads\/usu1580\/2025\/11\/IMG_20251028_152126-300x225.jpg 300w, https:\/\/agora.xtec.cat\/escolametllers\/wp-content\/uploads\/usu1580\/2025\/11\/IMG_20251028_152126-768x576.jpg 768w, https:\/\/agora.xtec.cat\/escolametllers\/wp-content\/uploads\/usu1580\/2025\/11\/IMG_20251028_152126-1536x1152.jpg 1536w, https:\/\/agora.xtec.cat\/escolametllers\/wp-content\/uploads\/usu1580\/2025\/11\/IMG_20251028_152126-2048x1536.jpg 2048w, https:\/\/agora.xtec.cat\/escolametllers\/wp-content\/uploads\/usu1580\/2025\/11\/IMG_20251028_152126-200x150.jpg 200w\" sizes=\"auto, (max-width: 792px) 100vw, 792px\" \/><\/a><\/p>\n","protected":false},"excerpt":{"rendered":"<p>Hola fam\u00edlies! Hem tingut unes setmanes molt emocionants i plenes d&#8217;activitat, ja que primer vam donar la benvinguda a la tardor i al cap d&#8217;unes setmanes a la castanyada! Al llarg d&#8217;aquests dies hem pogut escoltar contes de la castanyera, observar i experimentar amb elements de la tardor, aprendre can\u00e7ons i danses, descobrir com es [&hellip;]<\/p>\n","protected":false},"author":46,"featured_media":0,"comment_status":"open","ping_status":"open","sticky":false,"template":"","format":"standard","meta":{"_bbp_topic_count":0,"_bbp_reply_count":0,"_bbp_total_topic_count":0,"_bbp_total_reply_count":0,"_bbp_voice_count":0,"_bbp_anonymous_reply_count":0,"_bbp_topic_count_hidden":0,"_bbp_reply_count_hidden":0,"_bbp_forum_subforum_count":0,"site-sidebar-layout":"default","site-content-layout":"","ast-site-content-layout":"","site-content-style":"default","site-sidebar-style":"default","ast-global-header-display":"","ast-banner-title-visibility":"","ast-main-header-display":"","ast-hfb-above-header-display":"","ast-hfb-below-header-display":"","ast-hfb-mobile-header-display":"","site-post-title":"","ast-breadcrumbs-content":"","ast-featured-img":"","footer-sml-layout":"","theme-transparent-header-meta":"","adv-header-id-meta":"","stick-header-meta":"","header-above-stick-meta":"","header-main-stick-meta":"","header-below-stick-meta":"","astra-migrate-meta-layouts":"default","ast-page-background-enabled":"default","ast-page-background-meta":{"desktop":{"background-color":"var(--ast-global-color-4)","background-image":"","background-repeat":"repeat","background-position":"center center","background-size":"auto","background-attachment":"scroll","background-type":"","background-media":"","overlay-type":"","overlay-color":"","overlay-opacity":"","overlay-gradient":""},"tablet":{"background-color":"","background-image":"","background-repeat":"repeat","background-position":"center center","background-size":"auto","background-attachment":"scroll","background-type":"","background-media":"","overlay-type":"","overlay-color":"","overlay-opacity":"","overlay-gradient":""},"mobile":{"background-color":"","background-image":"","background-repeat":"repeat","background-position":"center center","background-size":"auto","background-attachment":"scroll","background-type":"","background-media":"","overlay-type":"","overlay-color":"","overlay-opacity":"","overlay-gradient":""}},"ast-content-background-meta":{"desktop":{"background-color":"var(--ast-global-color-5)","background-image":"","background-repeat":"repeat","background-position":"center center","background-size":"auto","background-attachment":"scroll","background-type":"","background-media":"","overlay-type":"","overlay-color":"","overlay-opacity":"","overlay-gradient":""},"tablet":{"background-color":"var(--ast-global-color-5)","background-image":"","background-repeat":"repeat","background-position":"center center","background-size":"auto","background-attachment":"scroll","background-type":"","background-media":"","overlay-type":"","overlay-color":"","overlay-opacity":"","overlay-gradient":""},"mobile":{"background-color":"var(--ast-global-color-5)","background-image":"","background-repeat":"repeat","background-position":"center center","background-size":"auto","background-attachment":"scroll","background-type":"","background-media":"","overlay-type":"","overlay-color":"","overlay-opacity":"","overlay-gradient":""}},"footnotes":""},"categories":[452,280,2],"tags":[195],"class_list":["post-16418","post","type-post","status-publish","format-standard","hentry","category-curs-25-26","category-eib","category-infantil","tag-castanyada"],"post_mailing_queue_ids":[],"_links":{"self":[{"href":"https:\/\/agora.xtec.cat\/escolametllers\/wp-json\/wp\/v2\/posts\/16418","targetHints":{"allow":["GET"]}}],"collection":[{"href":"https:\/\/agora.xtec.cat\/escolametllers\/wp-json\/wp\/v2\/posts"}],"about":[{"href":"https:\/\/agora.xtec.cat\/escolametllers\/wp-json\/wp\/v2\/types\/post"}],"author":[{"embeddable":true,"href":"https:\/\/agora.xtec.cat\/escolametllers\/wp-json\/wp\/v2\/users\/46"}],"replies":[{"embeddable":true,"href":"https:\/\/agora.xtec.cat\/escolametllers\/wp-json\/wp\/v2\/comments?post=16418"}],"version-history":[{"count":2,"href":"https:\/\/agora.xtec.cat\/escolametllers\/wp-json\/wp\/v2\/posts\/16418\/revisions"}],"predecessor-version":[{"id":16421,"href":"https:\/\/agora.xtec.cat\/escolametllers\/wp-json\/wp\/v2\/posts\/16418\/revisions\/16421"}],"wp:attachment":[{"href":"https:\/\/agora.xtec.cat\/escolametllers\/wp-json\/wp\/v2\/media?parent=16418"}],"wp:term":[{"taxonomy":"category","embeddable":true,"href":"https:\/\/agora.xtec.cat\/escolametllers\/wp-json\/wp\/v2\/categories?post=16418"},{"taxonomy":"post_tag","embeddable":true,"href":"https:\/\/agora.xtec.cat\/escolametllers\/wp-json\/wp\/v2\/tags?post=16418"}],"curies":[{"name":"wp","href":"https:\/\/api.w.org\/{rel}","templated":true}]}}