{"id":16366,"date":"2025-10-30T13:14:17","date_gmt":"2025-10-30T12:14:17","guid":{"rendered":"https:\/\/agora.xtec.cat\/escolametllers\/?p=16366"},"modified":"2025-11-05T09:53:55","modified_gmt":"2025-11-05T08:53:55","slug":"aniversaris-agost-setembre-i5","status":"publish","type":"post","link":"https:\/\/agora.xtec.cat\/escolametllers\/infantil\/aniversaris-agost-setembre-i5\/","title":{"rendered":"ANIVERSARIS AGOST-SETEMBRE I5"},"content":{"rendered":"<p class=\"western\" style=\"text-align: left;\"><span style=\"color: #444444;\"><span style=\"font-family: Open Sans, Arial;\"><span style=\"font-size: medium;\">Hola fam\u00edlies,<\/span><\/span><\/span><\/p>\n<p class=\"western\"><span style=\"color: #444444;\"><span style=\"font-family: Open Sans, Arial;\"><span style=\"font-size: medium;\">Hem comen\u00e7at aquests primers dies de curs celebrant els aniversaris del mes d\u2019Agost i Setembre. Han estat dies molt especials i plens d\u2019alegries, on cada festa ha estat \u00fanica. <\/span><\/span><\/span><span style=\"color: #444444;\"><span style=\"font-family: Open Sans, Arial;\"><span style=\"font-size: medium;\">Durant les celebracions, hem incorporat el\u00a0<\/span><\/span><\/span><strong><span style=\"color: #444444;\"><span style=\"font-family: Open Sans, Arial;\"><span style=\"font-size: medium;\"><b>ritual de les voltes al sol,<\/b><\/span><\/span><\/span><\/strong><span style=\"color: #444444;\"><span style=\"font-family: Open Sans, Arial;\"><span style=\"font-size: medium;\">\u00a0inspirat en la pedagogia de Maria Montessori. <\/span><\/span><\/span><\/p>\n<p class=\"western\"><span style=\"color: #444444;\"><span style=\"font-family: Open Sans, Arial;\"><span style=\"font-size: medium;\">En aquest ritual, amb un nin representem el recorregut dels mesos, simbolitzant el pas d\u2019un any de la seva vida per cada volta. \u00c9s una manera bonica i significativa d\u2019explicar als infants el concepte del pas del temps i celebrar el seu creixement i les seves experi\u00e8ncies, ja que ens expliquen qu<\/span><\/span><\/span><span style=\"color: #444444;\"><span style=\"font-family: Open Sans, Arial;\"><span style=\"font-size: medium;\">\u00e8<\/span><\/span><\/span><span style=\"color: #444444;\"><span style=\"font-family: Open Sans, Arial;\"><span style=\"font-size: medium;\"> els agradava fer o qu<\/span><\/span><\/span><span style=\"color: #444444;\"><span style=\"font-family: Open Sans, Arial;\"><span style=\"font-size: medium;\">\u00e8<\/span><\/span><\/span><span style=\"color: #444444;\"><span style=\"font-family: Open Sans, Arial;\"><span style=\"font-size: medium;\"> han apr\u00e8s a cada volta. A m\u00e9s a m\u00e9s, hem cantat can\u00e7ons, hem bufat l\u2019espelma tot demanant un desig i hem gaudit de moments que fomenten la conviv\u00e8ncia i el respecte dins del grup. Si cliqueu la imatge trobareu algunes fotos d\u2019aquests moments:<\/span><\/span><\/span><\/p>\n<p><a href=\"https:\/\/photos.app.goo.gl\/1GY5cxgXZUrzuNMx6\"><img loading=\"lazy\" decoding=\"async\" class=\"wp-image-16367 aligncenter\" src=\"https:\/\/agora.xtec.cat\/escolametllers\/wp-content\/uploads\/usu1580\/2025\/10\/IMG_20250930_104453-1024x768.jpg\" alt=\"\" width=\"436\" height=\"327\" srcset=\"https:\/\/agora.xtec.cat\/escolametllers\/wp-content\/uploads\/usu1580\/2025\/10\/IMG_20250930_104453-1024x768.jpg 1024w, https:\/\/agora.xtec.cat\/escolametllers\/wp-content\/uploads\/usu1580\/2025\/10\/IMG_20250930_104453-300x225.jpg 300w, https:\/\/agora.xtec.cat\/escolametllers\/wp-content\/uploads\/usu1580\/2025\/10\/IMG_20250930_104453-768x576.jpg 768w, https:\/\/agora.xtec.cat\/escolametllers\/wp-content\/uploads\/usu1580\/2025\/10\/IMG_20250930_104453-1536x1152.jpg 1536w, https:\/\/agora.xtec.cat\/escolametllers\/wp-content\/uploads\/usu1580\/2025\/10\/IMG_20250930_104453-2048x1536.jpg 2048w, https:\/\/agora.xtec.cat\/escolametllers\/wp-content\/uploads\/usu1580\/2025\/10\/IMG_20250930_104453-200x150.jpg 200w\" sizes=\"auto, (max-width: 436px) 100vw, 436px\" \/><\/a><\/p>\n","protected":false},"excerpt":{"rendered":"<p>Hola fam\u00edlies, Hem comen\u00e7at aquests primers dies de curs celebrant els aniversaris del mes d\u2019Agost i Setembre. Han estat dies molt especials i plens d\u2019alegries, on cada festa ha estat \u00fanica. Durant les celebracions, hem incorporat el\u00a0ritual de les voltes al sol,\u00a0inspirat en la pedagogia de Maria Montessori. En aquest ritual, amb un nin representem [&hellip;]<\/p>\n","protected":false},"author":78,"featured_media":0,"comment_status":"open","ping_status":"open","sticky":false,"template":"","format":"standard","meta":{"_bbp_topic_count":0,"_bbp_reply_count":0,"_bbp_total_topic_count":0,"_bbp_total_reply_count":0,"_bbp_voice_count":0,"_bbp_anonymous_reply_count":0,"_bbp_topic_count_hidden":0,"_bbp_reply_count_hidden":0,"_bbp_forum_subforum_count":0,"site-sidebar-layout":"default","site-content-layout":"","ast-site-content-layout":"","site-content-style":"default","site-sidebar-style":"default","ast-global-header-display":"","ast-banner-title-visibility":"","ast-main-header-display":"","ast-hfb-above-header-display":"","ast-hfb-below-header-display":"","ast-hfb-mobile-header-display":"","site-post-title":"","ast-breadcrumbs-content":"","ast-featured-img":"","footer-sml-layout":"","theme-transparent-header-meta":"","adv-header-id-meta":"","stick-header-meta":"","header-above-stick-meta":"","header-main-stick-meta":"","header-below-stick-meta":"","astra-migrate-meta-layouts":"default","ast-page-background-enabled":"default","ast-page-background-meta":{"desktop":{"background-color":"var(--ast-global-color-4)","background-image":"","background-repeat":"repeat","background-position":"center center","background-size":"auto","background-attachment":"scroll","background-type":"","background-media":"","overlay-type":"","overlay-color":"","overlay-opacity":"","overlay-gradient":""},"tablet":{"background-color":"","background-image":"","background-repeat":"repeat","background-position":"center center","background-size":"auto","background-attachment":"scroll","background-type":"","background-media":"","overlay-type":"","overlay-color":"","overlay-opacity":"","overlay-gradient":""},"mobile":{"background-color":"","background-image":"","background-repeat":"repeat","background-position":"center center","background-size":"auto","background-attachment":"scroll","background-type":"","background-media":"","overlay-type":"","overlay-color":"","overlay-opacity":"","overlay-gradient":""}},"ast-content-background-meta":{"desktop":{"background-color":"var(--ast-global-color-5)","background-image":"","background-repeat":"repeat","background-position":"center center","background-size":"auto","background-attachment":"scroll","background-type":"","background-media":"","overlay-type":"","overlay-color":"","overlay-opacity":"","overlay-gradient":""},"tablet":{"background-color":"var(--ast-global-color-5)","background-image":"","background-repeat":"repeat","background-position":"center center","background-size":"auto","background-attachment":"scroll","background-type":"","background-media":"","overlay-type":"","overlay-color":"","overlay-opacity":"","overlay-gradient":""},"mobile":{"background-color":"var(--ast-global-color-5)","background-image":"","background-repeat":"repeat","background-position":"center center","background-size":"auto","background-attachment":"scroll","background-type":"","background-media":"","overlay-type":"","overlay-color":"","overlay-opacity":"","overlay-gradient":""}},"footnotes":""},"categories":[452,2,453,454],"tags":[215],"class_list":["post-16366","post","type-post","status-publish","format-standard","hentry","category-curs-25-26","category-infantil","category-prom20a","category-prom20b","tag-aniversaris"],"post_mailing_queue_ids":[],"_links":{"self":[{"href":"https:\/\/agora.xtec.cat\/escolametllers\/wp-json\/wp\/v2\/posts\/16366","targetHints":{"allow":["GET"]}}],"collection":[{"href":"https:\/\/agora.xtec.cat\/escolametllers\/wp-json\/wp\/v2\/posts"}],"about":[{"href":"https:\/\/agora.xtec.cat\/escolametllers\/wp-json\/wp\/v2\/types\/post"}],"author":[{"embeddable":true,"href":"https:\/\/agora.xtec.cat\/escolametllers\/wp-json\/wp\/v2\/users\/78"}],"replies":[{"embeddable":true,"href":"https:\/\/agora.xtec.cat\/escolametllers\/wp-json\/wp\/v2\/comments?post=16366"}],"version-history":[{"count":3,"href":"https:\/\/agora.xtec.cat\/escolametllers\/wp-json\/wp\/v2\/posts\/16366\/revisions"}],"predecessor-version":[{"id":16386,"href":"https:\/\/agora.xtec.cat\/escolametllers\/wp-json\/wp\/v2\/posts\/16366\/revisions\/16386"}],"wp:attachment":[{"href":"https:\/\/agora.xtec.cat\/escolametllers\/wp-json\/wp\/v2\/media?parent=16366"}],"wp:term":[{"taxonomy":"category","embeddable":true,"href":"https:\/\/agora.xtec.cat\/escolametllers\/wp-json\/wp\/v2\/categories?post=16366"},{"taxonomy":"post_tag","embeddable":true,"href":"https:\/\/agora.xtec.cat\/escolametllers\/wp-json\/wp\/v2\/tags?post=16366"}],"curies":[{"name":"wp","href":"https:\/\/api.w.org\/{rel}","templated":true}]}}