{"id":16351,"date":"2025-10-26T13:22:26","date_gmt":"2025-10-26T12:22:26","guid":{"rendered":"https:\/\/agora.xtec.cat\/escolametllers\/?p=16351"},"modified":"2025-10-26T13:22:26","modified_gmt":"2025-10-26T12:22:26","slug":"sortida-al-museu-martitim","status":"publish","type":"post","link":"https:\/\/agora.xtec.cat\/escolametllers\/primaria\/sortida-al-museu-martitim\/","title":{"rendered":"SORTIDA AL MUSEU MART\u00cdTIM"},"content":{"rendered":"<p>El dia 22 els i les alumnes de 1r i 2n vam gaudir d\u2019una jornada molt especial al Museu Mar\u00edtim de Barcelona. Va ser un dia ple de descobertes, emocions i aprenentatges relacionats amb el mar i la seva hist\u00f2ria.<\/p>\n<p>Vam participar en tres activitats que ens van encantar:<br \/>\n\u2022 Una visita guiada pel museu, on vam con\u00e8ixer vaixells antics i curiositats del m\u00f3n mar\u00edtim.<br \/>\n\u2022 Un emocionant viatge al fons del mar amb el Batiscaf, una experi\u00e8ncia virtual que ens va permetre endinsar-nos entre posid\u00f2nies i animals marins.<br \/>\n\u2022 I, finalment, la visita al vaixell Santa Eul\u00e0lia, amarrat al Moll de la Fusta, on vam poder descobrir un veler hist\u00f2ric.<\/p>\n<p>Va ser una sortida molt bonica i completa, plena de moments per recordar.<\/p>\n<p>Ens ho vam passar d\u2019all\u00f2 m\u00e9s b\u00e9 aprenent i compartint aquesta experi\u00e8ncia amb els companys i companyes!<\/p>\n<p><a href=\"https:\/\/photos.app.goo.gl\/uKNRsiouN97R81UM9\"><img loading=\"lazy\" decoding=\"async\" class=\"aligncenter size-medium wp-image-16352\" src=\"https:\/\/agora.xtec.cat\/escolametllers\/wp-content\/uploads\/usu1580\/2025\/10\/WhatsApp-Image-2025-10-26-at-12.39.28-225x300.jpeg\" alt=\"\" width=\"225\" height=\"300\" srcset=\"https:\/\/agora.xtec.cat\/escolametllers\/wp-content\/uploads\/usu1580\/2025\/10\/WhatsApp-Image-2025-10-26-at-12.39.28-225x300.jpeg 225w, https:\/\/agora.xtec.cat\/escolametllers\/wp-content\/uploads\/usu1580\/2025\/10\/WhatsApp-Image-2025-10-26-at-12.39.28-768x1024.jpeg 768w, https:\/\/agora.xtec.cat\/escolametllers\/wp-content\/uploads\/usu1580\/2025\/10\/WhatsApp-Image-2025-10-26-at-12.39.28-1152x1536.jpeg 1152w, https:\/\/agora.xtec.cat\/escolametllers\/wp-content\/uploads\/usu1580\/2025\/10\/WhatsApp-Image-2025-10-26-at-12.39.28.jpeg 1500w\" sizes=\"auto, (max-width: 225px) 100vw, 225px\" \/><\/a><\/p>\n","protected":false},"excerpt":{"rendered":"<p>El dia 22 els i les alumnes de 1r i 2n vam gaudir d\u2019una jornada molt especial al Museu Mar\u00edtim de Barcelona. Va ser un dia ple de descobertes, emocions i aprenentatges relacionats amb el mar i la seva hist\u00f2ria. Vam participar en tres activitats que ens van encantar: \u2022 Una visita guiada pel museu, [&hellip;]<\/p>\n","protected":false},"author":61,"featured_media":0,"comment_status":"open","ping_status":"open","sticky":false,"template":"","format":"standard","meta":{"_bbp_topic_count":0,"_bbp_reply_count":0,"_bbp_total_topic_count":0,"_bbp_total_reply_count":0,"_bbp_voice_count":0,"_bbp_anonymous_reply_count":0,"_bbp_topic_count_hidden":0,"_bbp_reply_count_hidden":0,"_bbp_forum_subforum_count":0,"site-sidebar-layout":"default","site-content-layout":"","ast-site-content-layout":"","site-content-style":"default","site-sidebar-style":"default","ast-global-header-display":"","ast-banner-title-visibility":"","ast-main-header-display":"","ast-hfb-above-header-display":"","ast-hfb-below-header-display":"","ast-hfb-mobile-header-display":"","site-post-title":"","ast-breadcrumbs-content":"","ast-featured-img":"","footer-sml-layout":"","theme-transparent-header-meta":"","adv-header-id-meta":"","stick-header-meta":"","header-above-stick-meta":"","header-main-stick-meta":"","header-below-stick-meta":"","astra-migrate-meta-layouts":"default","ast-page-background-enabled":"default","ast-page-background-meta":{"desktop":{"background-color":"var(--ast-global-color-4)","background-image":"","background-repeat":"repeat","background-position":"center center","background-size":"auto","background-attachment":"scroll","background-type":"","background-media":"","overlay-type":"","overlay-color":"","overlay-opacity":"","overlay-gradient":""},"tablet":{"background-color":"","background-image":"","background-repeat":"repeat","background-position":"center center","background-size":"auto","background-attachment":"scroll","background-type":"","background-media":"","overlay-type":"","overlay-color":"","overlay-opacity":"","overlay-gradient":""},"mobile":{"background-color":"","background-image":"","background-repeat":"repeat","background-position":"center center","background-size":"auto","background-attachment":"scroll","background-type":"","background-media":"","overlay-type":"","overlay-color":"","overlay-opacity":"","overlay-gradient":""}},"ast-content-background-meta":{"desktop":{"background-color":"var(--ast-global-color-5)","background-image":"","background-repeat":"repeat","background-position":"center center","background-size":"auto","background-attachment":"scroll","background-type":"","background-media":"","overlay-type":"","overlay-color":"","overlay-opacity":"","overlay-gradient":""},"tablet":{"background-color":"var(--ast-global-color-5)","background-image":"","background-repeat":"repeat","background-position":"center center","background-size":"auto","background-attachment":"scroll","background-type":"","background-media":"","overlay-type":"","overlay-color":"","overlay-opacity":"","overlay-gradient":""},"mobile":{"background-color":"var(--ast-global-color-5)","background-image":"","background-repeat":"repeat","background-position":"center center","background-size":"auto","background-attachment":"scroll","background-type":"","background-media":"","overlay-type":"","overlay-color":"","overlay-opacity":"","overlay-gradient":""}},"footnotes":""},"categories":[452,5,410],"tags":[16],"class_list":["post-16351","post","type-post","status-publish","format-standard","hentry","category-curs-25-26","category-primaria","category-prom19b","tag-sortides"],"post_mailing_queue_ids":[],"_links":{"self":[{"href":"https:\/\/agora.xtec.cat\/escolametllers\/wp-json\/wp\/v2\/posts\/16351","targetHints":{"allow":["GET"]}}],"collection":[{"href":"https:\/\/agora.xtec.cat\/escolametllers\/wp-json\/wp\/v2\/posts"}],"about":[{"href":"https:\/\/agora.xtec.cat\/escolametllers\/wp-json\/wp\/v2\/types\/post"}],"author":[{"embeddable":true,"href":"https:\/\/agora.xtec.cat\/escolametllers\/wp-json\/wp\/v2\/users\/61"}],"replies":[{"embeddable":true,"href":"https:\/\/agora.xtec.cat\/escolametllers\/wp-json\/wp\/v2\/comments?post=16351"}],"version-history":[{"count":1,"href":"https:\/\/agora.xtec.cat\/escolametllers\/wp-json\/wp\/v2\/posts\/16351\/revisions"}],"predecessor-version":[{"id":16353,"href":"https:\/\/agora.xtec.cat\/escolametllers\/wp-json\/wp\/v2\/posts\/16351\/revisions\/16353"}],"wp:attachment":[{"href":"https:\/\/agora.xtec.cat\/escolametllers\/wp-json\/wp\/v2\/media?parent=16351"}],"wp:term":[{"taxonomy":"category","embeddable":true,"href":"https:\/\/agora.xtec.cat\/escolametllers\/wp-json\/wp\/v2\/categories?post=16351"},{"taxonomy":"post_tag","embeddable":true,"href":"https:\/\/agora.xtec.cat\/escolametllers\/wp-json\/wp\/v2\/tags?post=16351"}],"curies":[{"name":"wp","href":"https:\/\/api.w.org\/{rel}","templated":true}]}}