{"id":16311,"date":"2025-09-20T00:04:04","date_gmt":"2025-09-19T22:04:04","guid":{"rendered":"https:\/\/agora.xtec.cat\/escolametllers\/?p=16311"},"modified":"2025-10-20T00:18:19","modified_gmt":"2025-10-19T22:18:19","slug":"els-primers-dies-dels-dofins","status":"publish","type":"post","link":"https:\/\/agora.xtec.cat\/escolametllers\/primaria\/prom19a\/els-primers-dies-dels-dofins\/","title":{"rendered":"ELS PRIMERS DIES DELS DOFINS !"},"content":{"rendered":"<p>Els primers dies de primer de prim\u00e0ria han estat molt especials i plens d\u2019emocions. Al principi, tots i totes est\u00e0vem una mica nerviosos i amb ganes de saber com seria aquesta nova etapa. Hem conegut la nostra nova mestra i ens hem retrobat amb els companys i companyes. Aquest curs seguint l&#8217;eix tem\u00e0tic de l&#8217;escola, serem la classe dels DOFINS!<\/p>\n<p>A poc a poc, hem anat descobrint la nostra aula, els racons de treball i les noves rutines. Ja som m\u00e9s grans, i aix\u00f2 vol dir que tenim m\u00e9s responsabilitats: portar b\u00e9 la motxilla, preparar el material, escoltar amb atenci\u00f3 i ajudar-nos els uns als altres.<\/p>\n<p>Hem fet jocs per con\u00e8ixer-nos millor, hem cantat can\u00e7ons, hem explicat com ha estat l\u2019estiu i hem comen\u00e7at a fer activitats de lectura, d\u2019escriptura i de matem\u00e0tiques. Tamb\u00e9 hem apr\u00e8s les normes de la classe i com mantenir un bon ambient entre tots i totes.<\/p>\n<p>Tot i que les primeres setmanes han passat molt r\u00e0pid, ens sentim contents i orgullosos de comen\u00e7ar aquesta nova aventura. Primer de prim\u00e0ria ser\u00e0 un any ple d\u2019aprenentatges, amistats i moments inoblidables!<\/p>\n<p>&nbsp;<\/p>\n<p><a href=\"https:\/\/photos.app.goo.gl\/xsfVranqwPCDJE4C9\"><img loading=\"lazy\" decoding=\"async\" class=\"wp-image-16312 aligncenter\" src=\"https:\/\/agora.xtec.cat\/escolametllers\/wp-content\/uploads\/usu1580\/2025\/10\/1760908316095.jpg\" alt=\"\" width=\"438\" height=\"329\" srcset=\"https:\/\/agora.xtec.cat\/escolametllers\/wp-content\/uploads\/usu1580\/2025\/10\/1760908316095.jpg 640w, https:\/\/agora.xtec.cat\/escolametllers\/wp-content\/uploads\/usu1580\/2025\/10\/1760908316095-300x225.jpg 300w, https:\/\/agora.xtec.cat\/escolametllers\/wp-content\/uploads\/usu1580\/2025\/10\/1760908316095-200x150.jpg 200w\" sizes=\"auto, (max-width: 438px) 100vw, 438px\" \/><\/a><\/p>\n","protected":false},"excerpt":{"rendered":"<p>Els primers dies de primer de prim\u00e0ria han estat molt especials i plens d\u2019emocions. Al principi, tots i totes est\u00e0vem una mica nerviosos i amb ganes de saber com seria aquesta nova etapa. Hem conegut la nostra nova mestra i ens hem retrobat amb els companys i companyes. Aquest curs seguint l&#8217;eix tem\u00e0tic de l&#8217;escola, [&hellip;]<\/p>\n","protected":false},"author":50,"featured_media":0,"comment_status":"open","ping_status":"open","sticky":false,"template":"","format":"standard","meta":{"_bbp_topic_count":0,"_bbp_reply_count":0,"_bbp_total_topic_count":0,"_bbp_total_reply_count":0,"_bbp_voice_count":0,"_bbp_anonymous_reply_count":0,"_bbp_topic_count_hidden":0,"_bbp_reply_count_hidden":0,"_bbp_forum_subforum_count":0,"site-sidebar-layout":"default","site-content-layout":"","ast-site-content-layout":"","site-content-style":"default","site-sidebar-style":"default","ast-global-header-display":"","ast-banner-title-visibility":"","ast-main-header-display":"","ast-hfb-above-header-display":"","ast-hfb-below-header-display":"","ast-hfb-mobile-header-display":"","site-post-title":"","ast-breadcrumbs-content":"","ast-featured-img":"","footer-sml-layout":"","theme-transparent-header-meta":"","adv-header-id-meta":"","stick-header-meta":"","header-above-stick-meta":"","header-main-stick-meta":"","header-below-stick-meta":"","astra-migrate-meta-layouts":"default","ast-page-background-enabled":"default","ast-page-background-meta":{"desktop":{"background-color":"var(--ast-global-color-4)","background-image":"","background-repeat":"repeat","background-position":"center center","background-size":"auto","background-attachment":"scroll","background-type":"","background-media":"","overlay-type":"","overlay-color":"","overlay-opacity":"","overlay-gradient":""},"tablet":{"background-color":"","background-image":"","background-repeat":"repeat","background-position":"center center","background-size":"auto","background-attachment":"scroll","background-type":"","background-media":"","overlay-type":"","overlay-color":"","overlay-opacity":"","overlay-gradient":""},"mobile":{"background-color":"","background-image":"","background-repeat":"repeat","background-position":"center center","background-size":"auto","background-attachment":"scroll","background-type":"","background-media":"","overlay-type":"","overlay-color":"","overlay-opacity":"","overlay-gradient":""}},"ast-content-background-meta":{"desktop":{"background-color":"var(--ast-global-color-5)","background-image":"","background-repeat":"repeat","background-position":"center center","background-size":"auto","background-attachment":"scroll","background-type":"","background-media":"","overlay-type":"","overlay-color":"","overlay-opacity":"","overlay-gradient":""},"tablet":{"background-color":"var(--ast-global-color-5)","background-image":"","background-repeat":"repeat","background-position":"center center","background-size":"auto","background-attachment":"scroll","background-type":"","background-media":"","overlay-type":"","overlay-color":"","overlay-opacity":"","overlay-gradient":""},"mobile":{"background-color":"var(--ast-global-color-5)","background-image":"","background-repeat":"repeat","background-position":"center center","background-size":"auto","background-attachment":"scroll","background-type":"","background-media":"","overlay-type":"","overlay-color":"","overlay-opacity":"","overlay-gradient":""}},"footnotes":""},"categories":[452,409],"tags":[179],"class_list":["post-16311","post","type-post","status-publish","format-standard","hentry","category-curs-25-26","category-prom19a","tag-primers-dies"],"post_mailing_queue_ids":[],"_links":{"self":[{"href":"https:\/\/agora.xtec.cat\/escolametllers\/wp-json\/wp\/v2\/posts\/16311","targetHints":{"allow":["GET"]}}],"collection":[{"href":"https:\/\/agora.xtec.cat\/escolametllers\/wp-json\/wp\/v2\/posts"}],"about":[{"href":"https:\/\/agora.xtec.cat\/escolametllers\/wp-json\/wp\/v2\/types\/post"}],"author":[{"embeddable":true,"href":"https:\/\/agora.xtec.cat\/escolametllers\/wp-json\/wp\/v2\/users\/50"}],"replies":[{"embeddable":true,"href":"https:\/\/agora.xtec.cat\/escolametllers\/wp-json\/wp\/v2\/comments?post=16311"}],"version-history":[{"count":1,"href":"https:\/\/agora.xtec.cat\/escolametllers\/wp-json\/wp\/v2\/posts\/16311\/revisions"}],"predecessor-version":[{"id":16313,"href":"https:\/\/agora.xtec.cat\/escolametllers\/wp-json\/wp\/v2\/posts\/16311\/revisions\/16313"}],"wp:attachment":[{"href":"https:\/\/agora.xtec.cat\/escolametllers\/wp-json\/wp\/v2\/media?parent=16311"}],"wp:term":[{"taxonomy":"category","embeddable":true,"href":"https:\/\/agora.xtec.cat\/escolametllers\/wp-json\/wp\/v2\/categories?post=16311"},{"taxonomy":"post_tag","embeddable":true,"href":"https:\/\/agora.xtec.cat\/escolametllers\/wp-json\/wp\/v2\/tags?post=16311"}],"curies":[{"name":"wp","href":"https:\/\/api.w.org\/{rel}","templated":true}]}}