{"id":16232,"date":"2025-10-06T08:42:12","date_gmt":"2025-10-06T06:42:12","guid":{"rendered":"https:\/\/agora.xtec.cat\/escolametllers\/?p=16232"},"modified":"2025-10-06T08:42:12","modified_gmt":"2025-10-06T06:42:12","slug":"ja-fem-sise-2","status":"publish","type":"post","link":"https:\/\/agora.xtec.cat\/escolametllers\/primaria\/prom14a\/ja-fem-sise-2\/","title":{"rendered":"JA FEM SIS\u00c8"},"content":{"rendered":"<p><a href=\"https:\/\/photos.app.goo.gl\/kSVA1hQYF5ydbMZ8A\"><br \/>\n<img loading=\"lazy\" decoding=\"async\" class=\"wp-image-16237 aligncenter\" src=\"https:\/\/agora.xtec.cat\/escolametllers\/wp-content\/uploads\/usu1580\/2025\/10\/IMG20250908101457-2-1024x462.jpg\" alt=\"\" width=\"924\" height=\"417\" srcset=\"https:\/\/agora.xtec.cat\/escolametllers\/wp-content\/uploads\/usu1580\/2025\/10\/IMG20250908101457-2-1024x462.jpg 1024w, https:\/\/agora.xtec.cat\/escolametllers\/wp-content\/uploads\/usu1580\/2025\/10\/IMG20250908101457-2-300x135.jpg 300w, https:\/\/agora.xtec.cat\/escolametllers\/wp-content\/uploads\/usu1580\/2025\/10\/IMG20250908101457-2-768x346.jpg 768w, https:\/\/agora.xtec.cat\/escolametllers\/wp-content\/uploads\/usu1580\/2025\/10\/IMG20250908101457-2-1536x693.jpg 1536w, https:\/\/agora.xtec.cat\/escolametllers\/wp-content\/uploads\/usu1580\/2025\/10\/IMG20250908101457-2-2048x924.jpg 2048w\" sizes=\"auto, (max-width: 924px) 100vw, 924px\" \/><\/a><\/p>\n<p><span style=\"font-weight: 400;\">JA FEM SIS\u00c8!<\/span><\/p>\n<p><span style=\"font-weight: 400;\">Benvinguts i benvingudes a aquest nou curs! Ja fem sis\u00e8!<\/span><\/p>\n<p><span style=\"font-weight: 400;\">Durant aquestes primeres setmanes, hem treballat l\u2019eix tem\u00e0tic d\u2019aquest curs a l\u2019escola: &#8220;El fons mar\u00ed!&#8221; i hem comen\u00e7at a iniciar-nos en el nostre projecte.<\/span><\/p>\n<p><span style=\"font-weight: 400;\">Tamb\u00e9, aquests primers dies del curs, hem estat organitzant l\u2019aula i establint les nostres rutines i compromisos de conviv\u00e8ncia. Hem assignat els c\u00e0rrecs i hem compartit qu\u00e8 esperem d\u2019aquest nou curs.<\/span><\/p>\n<p><span style=\"font-weight: 400;\">A trav\u00e9s de din\u00e0miques i activitats de cohesi\u00f3 reforcem el treball en equip i aprenem a cuidar les relacions i a construir un bon clima de grup.<\/span><\/p>\n<p><span style=\"font-weight: 400;\">A m\u00e9s, hem gaudit d\u2019una sortida d\u2019entorn a les Torres de Fals, una experi\u00e8ncia que ens ha ajudat a con\u00e8ixer-nos millor i a comen\u00e7ar el curs amb il\u00b7lusi\u00f3.<\/span><\/p>\n<p><span style=\"font-weight: 400;\">Compartim amb vosaltres algunes imatges que reflecteixen tot el que hem viscut aquestes primeres setmanes.<\/span><\/p>\n<p><span style=\"font-weight: 400;\">I ja tenim nom per a la nostra classe: KRAKENS<\/span><\/p>\n<p>&nbsp;<\/p>\n","protected":false},"excerpt":{"rendered":"<p>JA FEM SIS\u00c8! Benvinguts i benvingudes a aquest nou curs! Ja fem sis\u00e8! Durant aquestes primeres setmanes, hem treballat l\u2019eix tem\u00e0tic d\u2019aquest curs a l\u2019escola: &#8220;El fons mar\u00ed!&#8221; i hem comen\u00e7at a iniciar-nos en el nostre projecte. Tamb\u00e9, aquests primers dies del curs, hem estat organitzant l\u2019aula i establint les nostres rutines i compromisos de [&hellip;]<\/p>\n","protected":false},"author":107,"featured_media":0,"comment_status":"open","ping_status":"open","sticky":false,"template":"","format":"standard","meta":{"_bbp_topic_count":0,"_bbp_reply_count":0,"_bbp_total_topic_count":0,"_bbp_total_reply_count":0,"_bbp_voice_count":0,"_bbp_anonymous_reply_count":0,"_bbp_topic_count_hidden":0,"_bbp_reply_count_hidden":0,"_bbp_forum_subforum_count":0,"site-sidebar-layout":"default","site-content-layout":"","ast-site-content-layout":"","site-content-style":"default","site-sidebar-style":"default","ast-global-header-display":"","ast-banner-title-visibility":"","ast-main-header-display":"","ast-hfb-above-header-display":"","ast-hfb-below-header-display":"","ast-hfb-mobile-header-display":"","site-post-title":"","ast-breadcrumbs-content":"","ast-featured-img":"","footer-sml-layout":"","theme-transparent-header-meta":"","adv-header-id-meta":"","stick-header-meta":"","header-above-stick-meta":"","header-main-stick-meta":"","header-below-stick-meta":"","astra-migrate-meta-layouts":"default","ast-page-background-enabled":"default","ast-page-background-meta":{"desktop":{"background-color":"var(--ast-global-color-4)","background-image":"","background-repeat":"repeat","background-position":"center center","background-size":"auto","background-attachment":"scroll","background-type":"","background-media":"","overlay-type":"","overlay-color":"","overlay-opacity":"","overlay-gradient":""},"tablet":{"background-color":"","background-image":"","background-repeat":"repeat","background-position":"center center","background-size":"auto","background-attachment":"scroll","background-type":"","background-media":"","overlay-type":"","overlay-color":"","overlay-opacity":"","overlay-gradient":""},"mobile":{"background-color":"","background-image":"","background-repeat":"repeat","background-position":"center center","background-size":"auto","background-attachment":"scroll","background-type":"","background-media":"","overlay-type":"","overlay-color":"","overlay-opacity":"","overlay-gradient":""}},"ast-content-background-meta":{"desktop":{"background-color":"var(--ast-global-color-5)","background-image":"","background-repeat":"repeat","background-position":"center center","background-size":"auto","background-attachment":"scroll","background-type":"","background-media":"","overlay-type":"","overlay-color":"","overlay-opacity":"","overlay-gradient":""},"tablet":{"background-color":"var(--ast-global-color-5)","background-image":"","background-repeat":"repeat","background-position":"center center","background-size":"auto","background-attachment":"scroll","background-type":"","background-media":"","overlay-type":"","overlay-color":"","overlay-opacity":"","overlay-gradient":""},"mobile":{"background-color":"var(--ast-global-color-5)","background-image":"","background-repeat":"repeat","background-position":"center center","background-size":"auto","background-attachment":"scroll","background-type":"","background-media":"","overlay-type":"","overlay-color":"","overlay-opacity":"","overlay-gradient":""}},"footnotes":""},"categories":[452,11],"tags":[179],"class_list":["post-16232","post","type-post","status-publish","format-standard","hentry","category-curs-25-26","category-prom14a","tag-primers-dies"],"post_mailing_queue_ids":[],"_links":{"self":[{"href":"https:\/\/agora.xtec.cat\/escolametllers\/wp-json\/wp\/v2\/posts\/16232","targetHints":{"allow":["GET"]}}],"collection":[{"href":"https:\/\/agora.xtec.cat\/escolametllers\/wp-json\/wp\/v2\/posts"}],"about":[{"href":"https:\/\/agora.xtec.cat\/escolametllers\/wp-json\/wp\/v2\/types\/post"}],"author":[{"embeddable":true,"href":"https:\/\/agora.xtec.cat\/escolametllers\/wp-json\/wp\/v2\/users\/107"}],"replies":[{"embeddable":true,"href":"https:\/\/agora.xtec.cat\/escolametllers\/wp-json\/wp\/v2\/comments?post=16232"}],"version-history":[{"count":2,"href":"https:\/\/agora.xtec.cat\/escolametllers\/wp-json\/wp\/v2\/posts\/16232\/revisions"}],"predecessor-version":[{"id":16239,"href":"https:\/\/agora.xtec.cat\/escolametllers\/wp-json\/wp\/v2\/posts\/16232\/revisions\/16239"}],"wp:attachment":[{"href":"https:\/\/agora.xtec.cat\/escolametllers\/wp-json\/wp\/v2\/media?parent=16232"}],"wp:term":[{"taxonomy":"category","embeddable":true,"href":"https:\/\/agora.xtec.cat\/escolametllers\/wp-json\/wp\/v2\/categories?post=16232"},{"taxonomy":"post_tag","embeddable":true,"href":"https:\/\/agora.xtec.cat\/escolametllers\/wp-json\/wp\/v2\/tags?post=16232"}],"curies":[{"name":"wp","href":"https:\/\/api.w.org\/{rel}","templated":true}]}}