{"id":16228,"date":"2025-10-06T17:00:51","date_gmt":"2025-10-06T15:00:51","guid":{"rendered":"https:\/\/agora.xtec.cat\/escolametllers\/?p=16228"},"modified":"2025-10-06T06:38:54","modified_gmt":"2025-10-06T04:38:54","slug":"ja-fem-sise","status":"publish","type":"post","link":"https:\/\/agora.xtec.cat\/escolametllers\/primaria\/prom14b\/ja-fem-sise\/","title":{"rendered":"JA FEM SIS\u00c8!"},"content":{"rendered":"<p><span style=\"font-weight: 400;\">Benvinguts i benvingudes a aquest nou curs! Ja fem sis\u00e8!<\/span><\/p>\n<p><span style=\"font-weight: 400;\">Durant aquestes primeres setmanes, hem treballat l\u2019eix tem\u00e0tic d\u2019aquest curs a l\u2019escola: &#8220;El fons mar\u00ed!&#8221; i hem comen\u00e7at a iniciar-nos en el nostre projecte.<\/span><\/p>\n<p><span style=\"font-weight: 400;\">Tamb\u00e9, aquests primers dies del curs, hem estat organitzant l\u2019aula i establint les nostres rutines i compromisos de conviv\u00e8ncia. Hem assignat els c\u00e0rrecs i hem compartit qu\u00e8 esperem d\u2019aquest nou curs.<\/span><\/p>\n<p><span style=\"font-weight: 400;\">A trav\u00e9s de din\u00e0miques i activitats de cohesi\u00f3 reforcem el treball en equip i aprenem a cuidar les relacions i a construir un bon clima de grup.<\/span><\/p>\n<p><span style=\"font-weight: 400;\">A m\u00e9s, hem gaudit d\u2019una sortida d\u2019entorn a les Torres de Fals, una experi\u00e8ncia que ens ha ajudat a con\u00e8ixer-nos millor i a comen\u00e7ar el curs amb il\u00b7lusi\u00f3.<\/span><\/p>\n<p><span style=\"font-weight: 400;\">Compartim amb vosaltres algunes imatges que reflecteixen tot el que hem viscut aquestes primeres setmanes.<\/span><\/p>\n<p><span style=\"font-weight: 400;\">I ja tenim nom per a la nostra classe: DRACS BLAUS!<\/span><a href=\"https:\/\/photos.app.goo.gl\/s1AhV2YjcSPzN5f7A\"><img loading=\"lazy\" decoding=\"async\" class=\"alignnone size-large wp-image-16229\" src=\"https:\/\/agora.xtec.cat\/escolametllers\/wp-content\/uploads\/usu1580\/2025\/10\/6EB-1-1-1024x768.jpg\" alt=\"\" width=\"1024\" height=\"768\" srcset=\"https:\/\/agora.xtec.cat\/escolametllers\/wp-content\/uploads\/usu1580\/2025\/10\/6EB-1-1-1024x768.jpg 1024w, https:\/\/agora.xtec.cat\/escolametllers\/wp-content\/uploads\/usu1580\/2025\/10\/6EB-1-1-300x225.jpg 300w, https:\/\/agora.xtec.cat\/escolametllers\/wp-content\/uploads\/usu1580\/2025\/10\/6EB-1-1-768x576.jpg 768w, https:\/\/agora.xtec.cat\/escolametllers\/wp-content\/uploads\/usu1580\/2025\/10\/6EB-1-1-1536x1152.jpg 1536w, https:\/\/agora.xtec.cat\/escolametllers\/wp-content\/uploads\/usu1580\/2025\/10\/6EB-1-1-2048x1536.jpg 2048w, https:\/\/agora.xtec.cat\/escolametllers\/wp-content\/uploads\/usu1580\/2025\/10\/6EB-1-1-200x150.jpg 200w\" sizes=\"auto, (max-width: 1024px) 100vw, 1024px\" \/><\/a><\/p>\n","protected":false},"excerpt":{"rendered":"<p>Benvinguts i benvingudes a aquest nou curs! Ja fem sis\u00e8! Durant aquestes primeres setmanes, hem treballat l\u2019eix tem\u00e0tic d\u2019aquest curs a l\u2019escola: &#8220;El fons mar\u00ed!&#8221; i hem comen\u00e7at a iniciar-nos en el nostre projecte. Tamb\u00e9, aquests primers dies del curs, hem estat organitzant l\u2019aula i establint les nostres rutines i compromisos de conviv\u00e8ncia. Hem assignat [&hellip;]<\/p>\n","protected":false},"author":104,"featured_media":0,"comment_status":"open","ping_status":"open","sticky":false,"template":"","format":"standard","meta":{"_bbp_topic_count":0,"_bbp_reply_count":0,"_bbp_total_topic_count":0,"_bbp_total_reply_count":0,"_bbp_voice_count":0,"_bbp_anonymous_reply_count":0,"_bbp_topic_count_hidden":0,"_bbp_reply_count_hidden":0,"_bbp_forum_subforum_count":0,"site-sidebar-layout":"default","site-content-layout":"","ast-site-content-layout":"","site-content-style":"default","site-sidebar-style":"default","ast-global-header-display":"","ast-banner-title-visibility":"","ast-main-header-display":"","ast-hfb-above-header-display":"","ast-hfb-below-header-display":"","ast-hfb-mobile-header-display":"","site-post-title":"","ast-breadcrumbs-content":"","ast-featured-img":"","footer-sml-layout":"","theme-transparent-header-meta":"","adv-header-id-meta":"","stick-header-meta":"","header-above-stick-meta":"","header-main-stick-meta":"","header-below-stick-meta":"","astra-migrate-meta-layouts":"default","ast-page-background-enabled":"default","ast-page-background-meta":{"desktop":{"background-color":"var(--ast-global-color-4)","background-image":"","background-repeat":"repeat","background-position":"center center","background-size":"auto","background-attachment":"scroll","background-type":"","background-media":"","overlay-type":"","overlay-color":"","overlay-opacity":"","overlay-gradient":""},"tablet":{"background-color":"","background-image":"","background-repeat":"repeat","background-position":"center center","background-size":"auto","background-attachment":"scroll","background-type":"","background-media":"","overlay-type":"","overlay-color":"","overlay-opacity":"","overlay-gradient":""},"mobile":{"background-color":"","background-image":"","background-repeat":"repeat","background-position":"center center","background-size":"auto","background-attachment":"scroll","background-type":"","background-media":"","overlay-type":"","overlay-color":"","overlay-opacity":"","overlay-gradient":""}},"ast-content-background-meta":{"desktop":{"background-color":"var(--ast-global-color-5)","background-image":"","background-repeat":"repeat","background-position":"center center","background-size":"auto","background-attachment":"scroll","background-type":"","background-media":"","overlay-type":"","overlay-color":"","overlay-opacity":"","overlay-gradient":""},"tablet":{"background-color":"var(--ast-global-color-5)","background-image":"","background-repeat":"repeat","background-position":"center center","background-size":"auto","background-attachment":"scroll","background-type":"","background-media":"","overlay-type":"","overlay-color":"","overlay-opacity":"","overlay-gradient":""},"mobile":{"background-color":"var(--ast-global-color-5)","background-image":"","background-repeat":"repeat","background-position":"center center","background-size":"auto","background-attachment":"scroll","background-type":"","background-media":"","overlay-type":"","overlay-color":"","overlay-opacity":"","overlay-gradient":""}},"footnotes":""},"categories":[452,74],"tags":[281,191,179],"class_list":["post-16228","post","type-post","status-publish","format-standard","hentry","category-curs-25-26","category-prom14b","tag-benvinguda","tag-entorn","tag-primers-dies"],"post_mailing_queue_ids":[],"_links":{"self":[{"href":"https:\/\/agora.xtec.cat\/escolametllers\/wp-json\/wp\/v2\/posts\/16228","targetHints":{"allow":["GET"]}}],"collection":[{"href":"https:\/\/agora.xtec.cat\/escolametllers\/wp-json\/wp\/v2\/posts"}],"about":[{"href":"https:\/\/agora.xtec.cat\/escolametllers\/wp-json\/wp\/v2\/types\/post"}],"author":[{"embeddable":true,"href":"https:\/\/agora.xtec.cat\/escolametllers\/wp-json\/wp\/v2\/users\/104"}],"replies":[{"embeddable":true,"href":"https:\/\/agora.xtec.cat\/escolametllers\/wp-json\/wp\/v2\/comments?post=16228"}],"version-history":[{"count":2,"href":"https:\/\/agora.xtec.cat\/escolametllers\/wp-json\/wp\/v2\/posts\/16228\/revisions"}],"predecessor-version":[{"id":16231,"href":"https:\/\/agora.xtec.cat\/escolametllers\/wp-json\/wp\/v2\/posts\/16228\/revisions\/16231"}],"wp:attachment":[{"href":"https:\/\/agora.xtec.cat\/escolametllers\/wp-json\/wp\/v2\/media?parent=16228"}],"wp:term":[{"taxonomy":"category","embeddable":true,"href":"https:\/\/agora.xtec.cat\/escolametllers\/wp-json\/wp\/v2\/categories?post=16228"},{"taxonomy":"post_tag","embeddable":true,"href":"https:\/\/agora.xtec.cat\/escolametllers\/wp-json\/wp\/v2\/tags?post=16228"}],"curies":[{"name":"wp","href":"https:\/\/api.w.org\/{rel}","templated":true}]}}