{"id":16201,"date":"2025-09-28T17:21:26","date_gmt":"2025-09-28T15:21:26","guid":{"rendered":"https:\/\/agora.xtec.cat\/escolametllers\/?p=16201"},"modified":"2025-10-09T18:53:46","modified_gmt":"2025-10-09T16:53:46","slug":"els-primers-dies-a-lescola-2","status":"publish","type":"post","link":"https:\/\/agora.xtec.cat\/escolametllers\/infantil\/els-primers-dies-a-lescola-2\/","title":{"rendered":"ELS PRIMERS DIES A L&#8217;ESCOLA"},"content":{"rendered":"<p class=\"cvGsUA direction-ltr align-center para-style-body\" style=\"text-align: center;\"><span class=\"a_GcMg font-feature-liga-off font-feature-clig-off font-feature-calt-off text-decoration-none text-strikethrough-none\">Durant els primers dies els nens i nenes d&#8217;I3-I4 han estat compartint moments de coneixen\u00e7a entre ells i elles. Era la primera vegada pels d&#8217;I3, una nova escola, nous companys i companyes, noves mestres i nous espais.\u00a0 <\/span><\/p>\n<p class=\"cvGsUA direction-ltr align-center para-style-body\" style=\"text-align: center;\"><span class=\"a_GcMg font-feature-liga-off font-feature-clig-off font-feature-calt-off text-decoration-none text-strikethrough-none\">Han estat dies plens de novetats per als m\u00e9s petits, per\u00f2 els m\u00e9s grans els han acompanyat en les rutines per donar-los seguretat i acompanyament emocional. <\/span><\/p>\n<p class=\"cvGsUA direction-ltr align-center para-style-body\" style=\"text-align: center;\"><span class=\"a_GcMg font-feature-liga-off font-feature-clig-off font-feature-calt-off text-decoration-none text-strikethrough-none\">Aquest acompanyament est\u00e0 permetent que els m\u00e9s xics es trobin cada cop m\u00e9s tranquils, agafant m\u00e9s confian\u00e7a i seguretat en ells mateixos.<\/span><\/p>\n<p><a href=\"https:\/\/photos.app.goo.gl\/SHehEEmY9ppn7ffe7\"><img loading=\"lazy\" decoding=\"async\" class=\"alignnone size-large wp-image-16202\" src=\"https:\/\/agora.xtec.cat\/escolametllers\/wp-content\/uploads\/usu1580\/2025\/09\/IMG-20250918-WA0008-1-1024x771.jpg\" alt=\"\" width=\"1024\" height=\"771\" srcset=\"https:\/\/agora.xtec.cat\/escolametllers\/wp-content\/uploads\/usu1580\/2025\/09\/IMG-20250918-WA0008-1-1024x771.jpg 1024w, https:\/\/agora.xtec.cat\/escolametllers\/wp-content\/uploads\/usu1580\/2025\/09\/IMG-20250918-WA0008-1-300x226.jpg 300w, https:\/\/agora.xtec.cat\/escolametllers\/wp-content\/uploads\/usu1580\/2025\/09\/IMG-20250918-WA0008-1-768x578.jpg 768w, https:\/\/agora.xtec.cat\/escolametllers\/wp-content\/uploads\/usu1580\/2025\/09\/IMG-20250918-WA0008-1-1536x1157.jpg 1536w, https:\/\/agora.xtec.cat\/escolametllers\/wp-content\/uploads\/usu1580\/2025\/09\/IMG-20250918-WA0008-1-200x150.jpg 200w, https:\/\/agora.xtec.cat\/escolametllers\/wp-content\/uploads\/usu1580\/2025\/09\/IMG-20250918-WA0008-1.jpg 2040w\" sizes=\"auto, (max-width: 1024px) 100vw, 1024px\" \/><\/a><\/p>\n","protected":false},"excerpt":{"rendered":"<p>Durant els primers dies els nens i nenes d&#8217;I3-I4 han estat compartint moments de coneixen\u00e7a entre ells i elles. Era la primera vegada pels d&#8217;I3, una nova escola, nous companys i companyes, noves mestres i nous espais.\u00a0 Han estat dies plens de novetats per als m\u00e9s petits, per\u00f2 els m\u00e9s grans els han acompanyat en [&hellip;]<\/p>\n","protected":false},"author":46,"featured_media":0,"comment_status":"open","ping_status":"open","sticky":false,"template":"","format":"standard","meta":{"_bbp_topic_count":0,"_bbp_reply_count":0,"_bbp_total_topic_count":0,"_bbp_total_reply_count":0,"_bbp_voice_count":0,"_bbp_anonymous_reply_count":0,"_bbp_topic_count_hidden":0,"_bbp_reply_count_hidden":0,"_bbp_forum_subforum_count":0,"site-sidebar-layout":"default","site-content-layout":"","ast-site-content-layout":"","site-content-style":"default","site-sidebar-style":"default","ast-global-header-display":"","ast-banner-title-visibility":"","ast-main-header-display":"","ast-hfb-above-header-display":"","ast-hfb-below-header-display":"","ast-hfb-mobile-header-display":"","site-post-title":"","ast-breadcrumbs-content":"","ast-featured-img":"","footer-sml-layout":"","theme-transparent-header-meta":"","adv-header-id-meta":"","stick-header-meta":"","header-above-stick-meta":"","header-main-stick-meta":"","header-below-stick-meta":"","astra-migrate-meta-layouts":"default","ast-page-background-enabled":"default","ast-page-background-meta":{"desktop":{"background-color":"var(--ast-global-color-4)","background-image":"","background-repeat":"repeat","background-position":"center center","background-size":"auto","background-attachment":"scroll","background-type":"","background-media":"","overlay-type":"","overlay-color":"","overlay-opacity":"","overlay-gradient":""},"tablet":{"background-color":"","background-image":"","background-repeat":"repeat","background-position":"center center","background-size":"auto","background-attachment":"scroll","background-type":"","background-media":"","overlay-type":"","overlay-color":"","overlay-opacity":"","overlay-gradient":""},"mobile":{"background-color":"","background-image":"","background-repeat":"repeat","background-position":"center center","background-size":"auto","background-attachment":"scroll","background-type":"","background-media":"","overlay-type":"","overlay-color":"","overlay-opacity":"","overlay-gradient":""}},"ast-content-background-meta":{"desktop":{"background-color":"var(--ast-global-color-5)","background-image":"","background-repeat":"repeat","background-position":"center center","background-size":"auto","background-attachment":"scroll","background-type":"","background-media":"","overlay-type":"","overlay-color":"","overlay-opacity":"","overlay-gradient":""},"tablet":{"background-color":"var(--ast-global-color-5)","background-image":"","background-repeat":"repeat","background-position":"center center","background-size":"auto","background-attachment":"scroll","background-type":"","background-media":"","overlay-type":"","overlay-color":"","overlay-opacity":"","overlay-gradient":""},"mobile":{"background-color":"var(--ast-global-color-5)","background-image":"","background-repeat":"repeat","background-position":"center center","background-size":"auto","background-attachment":"scroll","background-type":"","background-media":"","overlay-type":"","overlay-color":"","overlay-opacity":"","overlay-gradient":""}},"footnotes":""},"categories":[452,280,2],"tags":[179],"class_list":["post-16201","post","type-post","status-publish","format-standard","hentry","category-curs-25-26","category-eib","category-infantil","tag-primers-dies"],"post_mailing_queue_ids":[],"_links":{"self":[{"href":"https:\/\/agora.xtec.cat\/escolametllers\/wp-json\/wp\/v2\/posts\/16201","targetHints":{"allow":["GET"]}}],"collection":[{"href":"https:\/\/agora.xtec.cat\/escolametllers\/wp-json\/wp\/v2\/posts"}],"about":[{"href":"https:\/\/agora.xtec.cat\/escolametllers\/wp-json\/wp\/v2\/types\/post"}],"author":[{"embeddable":true,"href":"https:\/\/agora.xtec.cat\/escolametllers\/wp-json\/wp\/v2\/users\/46"}],"replies":[{"embeddable":true,"href":"https:\/\/agora.xtec.cat\/escolametllers\/wp-json\/wp\/v2\/comments?post=16201"}],"version-history":[{"count":3,"href":"https:\/\/agora.xtec.cat\/escolametllers\/wp-json\/wp\/v2\/posts\/16201\/revisions"}],"predecessor-version":[{"id":16248,"href":"https:\/\/agora.xtec.cat\/escolametllers\/wp-json\/wp\/v2\/posts\/16201\/revisions\/16248"}],"wp:attachment":[{"href":"https:\/\/agora.xtec.cat\/escolametllers\/wp-json\/wp\/v2\/media?parent=16201"}],"wp:term":[{"taxonomy":"category","embeddable":true,"href":"https:\/\/agora.xtec.cat\/escolametllers\/wp-json\/wp\/v2\/categories?post=16201"},{"taxonomy":"post_tag","embeddable":true,"href":"https:\/\/agora.xtec.cat\/escolametllers\/wp-json\/wp\/v2\/tags?post=16201"}],"curies":[{"name":"wp","href":"https:\/\/api.w.org\/{rel}","templated":true}]}}