{"id":15803,"date":"2025-06-17T16:38:32","date_gmt":"2025-06-17T14:38:32","guid":{"rendered":"https:\/\/agora.xtec.cat\/escolametllers\/?p=15803"},"modified":"2025-06-19T21:28:48","modified_gmt":"2025-06-19T19:28:48","slug":"exposicio-oral-2","status":"publish","type":"post","link":"https:\/\/agora.xtec.cat\/escolametllers\/infantil\/eib\/exposicio-oral-2\/","title":{"rendered":"EXPOSICIONS ORALS"},"content":{"rendered":"<p>L&#8217;exposici\u00f3 oral \u00e9s la comunicaci\u00f3 i l\u2019exposici\u00f3 que fa un infant, sobre un tema que ha preparat, a la resta de la classe. Els infants d&#8217;EI3 expliquen als seus companys i companyes com s\u00f3n, qu\u00e8 els agrada, quines persones formen la seva fam\u00edlia,&#8230; Els infants d&#8217;EI4 es preparen un conte i l&#8217;expliquen a la resta d&#8217;infants.<\/p>\n<p>Per qu\u00e8 fem exposicions orals a l&#8217;escola?<\/p>\n<p>Pensar una feina, fer-la i comunicar-la davant d\u2019altres persones s\u00f3n activitats molt freq\u00fcents a la nostra societat. Cada vegada es valora m\u00e9s que una persona sigui capa\u00e7 de parlar en p\u00fablic per exposar un tema, defensar una opini\u00f3, fer una pregunta interessant, \u2026 Per tant, en la societat de la informaci\u00f3, comunicar es converteix en una de les compet\u00e8ncies b\u00e0siques per al desenvolupament de les persones, i creiem que a l\u2019escola \u00e9s un bon lloc per practicar-la. \u00c9s per aquest motiu que intentem fomentar situacions en les quals els infants hagin d\u2019expressar i explicar als altres coses que saben i\/o que han apr\u00e8s.<a href=\"https:\/\/photos.app.goo.gl\/5hPxA1tni1wsRHG1A\"><img loading=\"lazy\" decoding=\"async\" class=\" wp-image-15945 aligncenter\" src=\"https:\/\/agora.xtec.cat\/escolametllers\/wp-content\/uploads\/usu1580\/2025\/06\/foto2-300x227.jpg\" alt=\"\" width=\"247\" height=\"187\" srcset=\"https:\/\/agora.xtec.cat\/escolametllers\/wp-content\/uploads\/usu1580\/2025\/06\/foto2-300x227.jpg 300w, https:\/\/agora.xtec.cat\/escolametllers\/wp-content\/uploads\/usu1580\/2025\/06\/foto2-1024x774.jpg 1024w, https:\/\/agora.xtec.cat\/escolametllers\/wp-content\/uploads\/usu1580\/2025\/06\/foto2-768x581.jpg 768w, https:\/\/agora.xtec.cat\/escolametllers\/wp-content\/uploads\/usu1580\/2025\/06\/foto2-200x150.jpg 200w, https:\/\/agora.xtec.cat\/escolametllers\/wp-content\/uploads\/usu1580\/2025\/06\/foto2.jpg 1300w\" sizes=\"auto, (max-width: 247px) 100vw, 247px\" \/><\/a><\/p>\n","protected":false},"excerpt":{"rendered":"<p>L&#8217;exposici\u00f3 oral \u00e9s la comunicaci\u00f3 i l\u2019exposici\u00f3 que fa un infant, sobre un tema que ha preparat, a la resta de la classe. Els infants d&#8217;EI3 expliquen als seus companys i companyes com s\u00f3n, qu\u00e8 els agrada, quines persones formen la seva fam\u00edlia,&#8230; Els infants d&#8217;EI4 es preparen un conte i l&#8217;expliquen a la resta [&hellip;]<\/p>\n","protected":false},"author":1,"featured_media":0,"comment_status":"open","ping_status":"open","sticky":false,"template":"","format":"standard","meta":{"_bbp_topic_count":0,"_bbp_reply_count":0,"_bbp_total_topic_count":0,"_bbp_total_reply_count":0,"_bbp_voice_count":0,"_bbp_anonymous_reply_count":0,"_bbp_topic_count_hidden":0,"_bbp_reply_count_hidden":0,"_bbp_forum_subforum_count":0,"site-sidebar-layout":"default","site-content-layout":"","ast-site-content-layout":"","site-content-style":"default","site-sidebar-style":"default","ast-global-header-display":"","ast-banner-title-visibility":"","ast-main-header-display":"","ast-hfb-above-header-display":"","ast-hfb-below-header-display":"","ast-hfb-mobile-header-display":"","site-post-title":"","ast-breadcrumbs-content":"","ast-featured-img":"","footer-sml-layout":"","theme-transparent-header-meta":"","adv-header-id-meta":"","stick-header-meta":"","header-above-stick-meta":"","header-main-stick-meta":"","header-below-stick-meta":"","astra-migrate-meta-layouts":"default","ast-page-background-enabled":"default","ast-page-background-meta":{"desktop":{"background-color":"var(--ast-global-color-4)","background-image":"","background-repeat":"repeat","background-position":"center center","background-size":"auto","background-attachment":"scroll","background-type":"","background-media":"","overlay-type":"","overlay-color":"","overlay-opacity":"","overlay-gradient":""},"tablet":{"background-color":"","background-image":"","background-repeat":"repeat","background-position":"center center","background-size":"auto","background-attachment":"scroll","background-type":"","background-media":"","overlay-type":"","overlay-color":"","overlay-opacity":"","overlay-gradient":""},"mobile":{"background-color":"","background-image":"","background-repeat":"repeat","background-position":"center center","background-size":"auto","background-attachment":"scroll","background-type":"","background-media":"","overlay-type":"","overlay-color":"","overlay-opacity":"","overlay-gradient":""}},"ast-content-background-meta":{"desktop":{"background-color":"var(--ast-global-color-5)","background-image":"","background-repeat":"repeat","background-position":"center center","background-size":"auto","background-attachment":"scroll","background-type":"","background-media":"","overlay-type":"","overlay-color":"","overlay-opacity":"","overlay-gradient":""},"tablet":{"background-color":"var(--ast-global-color-5)","background-image":"","background-repeat":"repeat","background-position":"center center","background-size":"auto","background-attachment":"scroll","background-type":"","background-media":"","overlay-type":"","overlay-color":"","overlay-opacity":"","overlay-gradient":""},"mobile":{"background-color":"var(--ast-global-color-5)","background-image":"","background-repeat":"repeat","background-position":"center center","background-size":"auto","background-attachment":"scroll","background-type":"","background-media":"","overlay-type":"","overlay-color":"","overlay-opacity":"","overlay-gradient":""}},"footnotes":""},"categories":[411,280],"tags":[212],"class_list":["post-15803","post","type-post","status-publish","format-standard","hentry","category-24-25","category-eib","tag-llengua"],"post_mailing_queue_ids":[],"_links":{"self":[{"href":"https:\/\/agora.xtec.cat\/escolametllers\/wp-json\/wp\/v2\/posts\/15803","targetHints":{"allow":["GET"]}}],"collection":[{"href":"https:\/\/agora.xtec.cat\/escolametllers\/wp-json\/wp\/v2\/posts"}],"about":[{"href":"https:\/\/agora.xtec.cat\/escolametllers\/wp-json\/wp\/v2\/types\/post"}],"author":[{"embeddable":true,"href":"https:\/\/agora.xtec.cat\/escolametllers\/wp-json\/wp\/v2\/users\/1"}],"replies":[{"embeddable":true,"href":"https:\/\/agora.xtec.cat\/escolametllers\/wp-json\/wp\/v2\/comments?post=15803"}],"version-history":[{"count":4,"href":"https:\/\/agora.xtec.cat\/escolametllers\/wp-json\/wp\/v2\/posts\/15803\/revisions"}],"predecessor-version":[{"id":15968,"href":"https:\/\/agora.xtec.cat\/escolametllers\/wp-json\/wp\/v2\/posts\/15803\/revisions\/15968"}],"wp:attachment":[{"href":"https:\/\/agora.xtec.cat\/escolametllers\/wp-json\/wp\/v2\/media?parent=15803"}],"wp:term":[{"taxonomy":"category","embeddable":true,"href":"https:\/\/agora.xtec.cat\/escolametllers\/wp-json\/wp\/v2\/categories?post=15803"},{"taxonomy":"post_tag","embeddable":true,"href":"https:\/\/agora.xtec.cat\/escolametllers\/wp-json\/wp\/v2\/tags?post=15803"}],"curies":[{"name":"wp","href":"https:\/\/api.w.org\/{rel}","templated":true}]}}