{"id":15787,"date":"2025-06-01T20:07:00","date_gmt":"2025-06-01T18:07:00","guid":{"rendered":"https:\/\/agora.xtec.cat\/escolametllers\/?p=15787"},"modified":"2025-06-01T20:07:00","modified_gmt":"2025-06-01T18:07:00","slug":"ei5-psicomotricitat-3r-trimestre","status":"publish","type":"post","link":"https:\/\/agora.xtec.cat\/escolametllers\/infantil\/ei5-psicomotricitat-3r-trimestre\/","title":{"rendered":"EI5- Psicomotricitat 3r trimestre"},"content":{"rendered":"<p>Creixem jugant amb el cos i les emocions. Durant aquest trimestre hem continuat potenciant el desenvolupament global dels infants a trav\u00e9s del joc i el moviment. Hem treballat diferents habilitats motrius b\u00e0siques (c\u00f3rrer, saltar, grimpar, rodolar, llan\u00e7ar&#8230;), hem fet circuits, i hem apr\u00e8s jocs nous. Despr\u00e9s arriba el moment de la calma ( ens fem massatges, escoltem el silenci dins el paracaigudes, practiquem diferents postures de ioga, compartim en el moment de rotllana&#8230;)<\/p>\n<p><a href=\"https:\/\/photos.app.goo.gl\/4SvRXP4eyDfhyvyS8\"><img loading=\"lazy\" decoding=\"async\" class=\"wp-image-15788 aligncenter\" src=\"https:\/\/agora.xtec.cat\/escolametllers\/wp-content\/uploads\/usu1580\/2025\/06\/WhatsApp-Image-2025-06-01-at-16.45.17-2-1024x879.jpeg\" alt=\"\" width=\"651\" height=\"559\" srcset=\"https:\/\/agora.xtec.cat\/escolametllers\/wp-content\/uploads\/usu1580\/2025\/06\/WhatsApp-Image-2025-06-01-at-16.45.17-2-1024x879.jpeg 1024w, https:\/\/agora.xtec.cat\/escolametllers\/wp-content\/uploads\/usu1580\/2025\/06\/WhatsApp-Image-2025-06-01-at-16.45.17-2-300x257.jpeg 300w, https:\/\/agora.xtec.cat\/escolametllers\/wp-content\/uploads\/usu1580\/2025\/06\/WhatsApp-Image-2025-06-01-at-16.45.17-2-768x659.jpeg 768w, https:\/\/agora.xtec.cat\/escolametllers\/wp-content\/uploads\/usu1580\/2025\/06\/WhatsApp-Image-2025-06-01-at-16.45.17-2-1536x1318.jpeg 1536w, https:\/\/agora.xtec.cat\/escolametllers\/wp-content\/uploads\/usu1580\/2025\/06\/WhatsApp-Image-2025-06-01-at-16.45.17-2.jpeg 2048w\" sizes=\"auto, (max-width: 651px) 100vw, 651px\" \/><\/a><\/p>\n","protected":false},"excerpt":{"rendered":"<p>Creixem jugant amb el cos i les emocions. Durant aquest trimestre hem continuat potenciant el desenvolupament global dels infants a trav\u00e9s del joc i el moviment. Hem treballat diferents habilitats motrius b\u00e0siques (c\u00f3rrer, saltar, grimpar, rodolar, llan\u00e7ar&#8230;), hem fet circuits, i hem apr\u00e8s jocs nous. Despr\u00e9s arriba el moment de la calma ( ens fem [&hellip;]<\/p>\n","protected":false},"author":64,"featured_media":0,"comment_status":"open","ping_status":"closed","sticky":false,"template":"","format":"standard","meta":{"_bbp_topic_count":0,"_bbp_reply_count":0,"_bbp_total_topic_count":0,"_bbp_total_reply_count":0,"_bbp_voice_count":0,"_bbp_anonymous_reply_count":0,"_bbp_topic_count_hidden":0,"_bbp_reply_count_hidden":0,"_bbp_forum_subforum_count":0,"site-sidebar-layout":"default","site-content-layout":"","ast-site-content-layout":"","site-content-style":"default","site-sidebar-style":"default","ast-global-header-display":"","ast-banner-title-visibility":"","ast-main-header-display":"","ast-hfb-above-header-display":"","ast-hfb-below-header-display":"","ast-hfb-mobile-header-display":"","site-post-title":"","ast-breadcrumbs-content":"","ast-featured-img":"","footer-sml-layout":"","theme-transparent-header-meta":"","adv-header-id-meta":"","stick-header-meta":"","header-above-stick-meta":"","header-main-stick-meta":"","header-below-stick-meta":"","astra-migrate-meta-layouts":"default","ast-page-background-enabled":"default","ast-page-background-meta":{"desktop":{"background-color":"var(--ast-global-color-4)","background-image":"","background-repeat":"repeat","background-position":"center center","background-size":"auto","background-attachment":"scroll","background-type":"","background-media":"","overlay-type":"","overlay-color":"","overlay-opacity":"","overlay-gradient":""},"tablet":{"background-color":"","background-image":"","background-repeat":"repeat","background-position":"center center","background-size":"auto","background-attachment":"scroll","background-type":"","background-media":"","overlay-type":"","overlay-color":"","overlay-opacity":"","overlay-gradient":""},"mobile":{"background-color":"","background-image":"","background-repeat":"repeat","background-position":"center center","background-size":"auto","background-attachment":"scroll","background-type":"","background-media":"","overlay-type":"","overlay-color":"","overlay-opacity":"","overlay-gradient":""}},"ast-content-background-meta":{"desktop":{"background-color":"var(--ast-global-color-5)","background-image":"","background-repeat":"repeat","background-position":"center center","background-size":"auto","background-attachment":"scroll","background-type":"","background-media":"","overlay-type":"","overlay-color":"","overlay-opacity":"","overlay-gradient":""},"tablet":{"background-color":"var(--ast-global-color-5)","background-image":"","background-repeat":"repeat","background-position":"center center","background-size":"auto","background-attachment":"scroll","background-type":"","background-media":"","overlay-type":"","overlay-color":"","overlay-opacity":"","overlay-gradient":""},"mobile":{"background-color":"var(--ast-global-color-5)","background-image":"","background-repeat":"repeat","background-position":"center center","background-size":"auto","background-attachment":"scroll","background-type":"","background-media":"","overlay-type":"","overlay-color":"","overlay-opacity":"","overlay-gradient":""}},"footnotes":""},"categories":[411,86,2,409,410],"tags":[18],"class_list":["post-15787","post","type-post","status-publish","format-standard","hentry","category-24-25","category-educacio-fisica","category-infantil","category-prom19a","category-prom19b","tag-psicomotricitat"],"post_mailing_queue_ids":[],"_links":{"self":[{"href":"https:\/\/agora.xtec.cat\/escolametllers\/wp-json\/wp\/v2\/posts\/15787","targetHints":{"allow":["GET"]}}],"collection":[{"href":"https:\/\/agora.xtec.cat\/escolametllers\/wp-json\/wp\/v2\/posts"}],"about":[{"href":"https:\/\/agora.xtec.cat\/escolametllers\/wp-json\/wp\/v2\/types\/post"}],"author":[{"embeddable":true,"href":"https:\/\/agora.xtec.cat\/escolametllers\/wp-json\/wp\/v2\/users\/64"}],"replies":[{"embeddable":true,"href":"https:\/\/agora.xtec.cat\/escolametllers\/wp-json\/wp\/v2\/comments?post=15787"}],"version-history":[{"count":1,"href":"https:\/\/agora.xtec.cat\/escolametllers\/wp-json\/wp\/v2\/posts\/15787\/revisions"}],"predecessor-version":[{"id":15789,"href":"https:\/\/agora.xtec.cat\/escolametllers\/wp-json\/wp\/v2\/posts\/15787\/revisions\/15789"}],"wp:attachment":[{"href":"https:\/\/agora.xtec.cat\/escolametllers\/wp-json\/wp\/v2\/media?parent=15787"}],"wp:term":[{"taxonomy":"category","embeddable":true,"href":"https:\/\/agora.xtec.cat\/escolametllers\/wp-json\/wp\/v2\/categories?post=15787"},{"taxonomy":"post_tag","embeddable":true,"href":"https:\/\/agora.xtec.cat\/escolametllers\/wp-json\/wp\/v2\/tags?post=15787"}],"curies":[{"name":"wp","href":"https:\/\/api.w.org\/{rel}","templated":true}]}}