{"id":15771,"date":"2025-06-01T18:45:22","date_gmt":"2025-06-01T16:45:22","guid":{"rendered":"https:\/\/agora.xtec.cat\/escolametllers\/?p=15771"},"modified":"2025-06-01T18:45:22","modified_gmt":"2025-06-01T16:45:22","slug":"3r-b-programa-de-suport-vital-basic","status":"publish","type":"post","link":"https:\/\/agora.xtec.cat\/escolametllers\/primaria\/prom16b\/3r-b-programa-de-suport-vital-basic\/","title":{"rendered":"3r B- Programa de Suport Vital B\u00e0sic"},"content":{"rendered":"<p>Amb els nens i nenes de 3r hem fet una activitat molt especial : unes sessions del programa de Suport Vital B\u00e0sic (SVB) adaptada a la seva edat. L&#8217;objectiu \u00e9s que els infants aprenguin , de forma senzilla i vivencial, com actuar davant d&#8217;una emerg\u00e8ncia i coneguin les accions b\u00e0siques que poden ajudar a salvar vides.<\/p>\n<p>Hem fet una pluja d&#8217;idees sobre qu\u00e8 podem fer en el cas de trobar una persona inconscient. Hem ordenat les nostres idees i hem definit els passos a seguir. Ens hem posat per grups, i a partir d&#8217;unes imatges, hem definit el protocol a seguir i l&#8217;hem practicat. Despr\u00e9s de practicar-ho,\u00a0 ho hem representat davant dels nostres companys i ens han avaluat.<\/p>\n<p>Comencem les sessions amb jocs d&#8217;escalfament i les acabem amb diferents pr\u00e0ctiques de relaxaci\u00f3 o estiraments.<\/p>\n<p><a href=\"https:\/\/photos.app.goo.gl\/EQBKfP3TL61bxWDQ7\"><img loading=\"lazy\" decoding=\"async\" class=\"wp-image-15772 aligncenter\" src=\"https:\/\/agora.xtec.cat\/escolametllers\/wp-content\/uploads\/usu1580\/2025\/06\/WhatsApp-Image-2025-05-18-at-16.43.18-2-768x1024.jpeg\" alt=\"\" width=\"623\" height=\"831\" srcset=\"https:\/\/agora.xtec.cat\/escolametllers\/wp-content\/uploads\/usu1580\/2025\/06\/WhatsApp-Image-2025-05-18-at-16.43.18-2-768x1024.jpeg 768w, https:\/\/agora.xtec.cat\/escolametllers\/wp-content\/uploads\/usu1580\/2025\/06\/WhatsApp-Image-2025-05-18-at-16.43.18-2-225x300.jpeg 225w, https:\/\/agora.xtec.cat\/escolametllers\/wp-content\/uploads\/usu1580\/2025\/06\/WhatsApp-Image-2025-05-18-at-16.43.18-2-1152x1536.jpeg 1152w, https:\/\/agora.xtec.cat\/escolametllers\/wp-content\/uploads\/usu1580\/2025\/06\/WhatsApp-Image-2025-05-18-at-16.43.18-2.jpeg 1500w\" sizes=\"auto, (max-width: 623px) 100vw, 623px\" \/><\/a><\/p>\n","protected":false},"excerpt":{"rendered":"<p>Amb els nens i nenes de 3r hem fet una activitat molt especial : unes sessions del programa de Suport Vital B\u00e0sic (SVB) adaptada a la seva edat. L&#8217;objectiu \u00e9s que els infants aprenguin , de forma senzilla i vivencial, com actuar davant d&#8217;una emerg\u00e8ncia i coneguin les accions b\u00e0siques que poden ajudar a salvar [&hellip;]<\/p>\n","protected":false},"author":64,"featured_media":0,"comment_status":"open","ping_status":"closed","sticky":false,"template":"","format":"standard","meta":{"_bbp_topic_count":0,"_bbp_reply_count":0,"_bbp_total_topic_count":0,"_bbp_total_reply_count":0,"_bbp_voice_count":0,"_bbp_anonymous_reply_count":0,"_bbp_topic_count_hidden":0,"_bbp_reply_count_hidden":0,"_bbp_forum_subforum_count":0,"site-sidebar-layout":"default","site-content-layout":"","ast-site-content-layout":"","site-content-style":"default","site-sidebar-style":"default","ast-global-header-display":"","ast-banner-title-visibility":"","ast-main-header-display":"","ast-hfb-above-header-display":"","ast-hfb-below-header-display":"","ast-hfb-mobile-header-display":"","site-post-title":"","ast-breadcrumbs-content":"","ast-featured-img":"","footer-sml-layout":"","theme-transparent-header-meta":"","adv-header-id-meta":"","stick-header-meta":"","header-above-stick-meta":"","header-main-stick-meta":"","header-below-stick-meta":"","astra-migrate-meta-layouts":"default","ast-page-background-enabled":"default","ast-page-background-meta":{"desktop":{"background-color":"var(--ast-global-color-4)","background-image":"","background-repeat":"repeat","background-position":"center center","background-size":"auto","background-attachment":"scroll","background-type":"","background-media":"","overlay-type":"","overlay-color":"","overlay-opacity":"","overlay-gradient":""},"tablet":{"background-color":"","background-image":"","background-repeat":"repeat","background-position":"center center","background-size":"auto","background-attachment":"scroll","background-type":"","background-media":"","overlay-type":"","overlay-color":"","overlay-opacity":"","overlay-gradient":""},"mobile":{"background-color":"","background-image":"","background-repeat":"repeat","background-position":"center center","background-size":"auto","background-attachment":"scroll","background-type":"","background-media":"","overlay-type":"","overlay-color":"","overlay-opacity":"","overlay-gradient":""}},"ast-content-background-meta":{"desktop":{"background-color":"var(--ast-global-color-5)","background-image":"","background-repeat":"repeat","background-position":"center center","background-size":"auto","background-attachment":"scroll","background-type":"","background-media":"","overlay-type":"","overlay-color":"","overlay-opacity":"","overlay-gradient":""},"tablet":{"background-color":"var(--ast-global-color-5)","background-image":"","background-repeat":"repeat","background-position":"center center","background-size":"auto","background-attachment":"scroll","background-type":"","background-media":"","overlay-type":"","overlay-color":"","overlay-opacity":"","overlay-gradient":""},"mobile":{"background-color":"var(--ast-global-color-5)","background-image":"","background-repeat":"repeat","background-position":"center center","background-size":"auto","background-attachment":"scroll","background-type":"","background-media":"","overlay-type":"","overlay-color":"","overlay-opacity":"","overlay-gradient":""}},"footnotes":""},"categories":[411,86,71],"tags":[89],"class_list":["post-15771","post","type-post","status-publish","format-standard","hentry","category-24-25","category-educacio-fisica","category-prom16b","tag-ef"],"post_mailing_queue_ids":[],"_links":{"self":[{"href":"https:\/\/agora.xtec.cat\/escolametllers\/wp-json\/wp\/v2\/posts\/15771","targetHints":{"allow":["GET"]}}],"collection":[{"href":"https:\/\/agora.xtec.cat\/escolametllers\/wp-json\/wp\/v2\/posts"}],"about":[{"href":"https:\/\/agora.xtec.cat\/escolametllers\/wp-json\/wp\/v2\/types\/post"}],"author":[{"embeddable":true,"href":"https:\/\/agora.xtec.cat\/escolametllers\/wp-json\/wp\/v2\/users\/64"}],"replies":[{"embeddable":true,"href":"https:\/\/agora.xtec.cat\/escolametllers\/wp-json\/wp\/v2\/comments?post=15771"}],"version-history":[{"count":1,"href":"https:\/\/agora.xtec.cat\/escolametllers\/wp-json\/wp\/v2\/posts\/15771\/revisions"}],"predecessor-version":[{"id":15773,"href":"https:\/\/agora.xtec.cat\/escolametllers\/wp-json\/wp\/v2\/posts\/15771\/revisions\/15773"}],"wp:attachment":[{"href":"https:\/\/agora.xtec.cat\/escolametllers\/wp-json\/wp\/v2\/media?parent=15771"}],"wp:term":[{"taxonomy":"category","embeddable":true,"href":"https:\/\/agora.xtec.cat\/escolametllers\/wp-json\/wp\/v2\/categories?post=15771"},{"taxonomy":"post_tag","embeddable":true,"href":"https:\/\/agora.xtec.cat\/escolametllers\/wp-json\/wp\/v2\/tags?post=15771"}],"curies":[{"name":"wp","href":"https:\/\/api.w.org\/{rel}","templated":true}]}}