{"id":15726,"date":"2025-05-19T17:00:47","date_gmt":"2025-05-19T15:00:47","guid":{"rendered":"https:\/\/agora.xtec.cat\/escolametllers\/?p=15726"},"modified":"2025-05-19T13:05:18","modified_gmt":"2025-05-19T11:05:18","slug":"nou-projecte-per-que-llocs-del-mon-que-estan-tan-junts-son-tan-diferents","status":"publish","type":"post","link":"https:\/\/agora.xtec.cat\/escolametllers\/primaria\/nou-projecte-per-que-llocs-del-mon-que-estan-tan-junts-son-tan-diferents\/","title":{"rendered":"NOU PROJECTE: &#8220;Per qu\u00e8 llocs del m\u00f3n que estan tan junts s\u00f3n tan diferents?&#8221;"},"content":{"rendered":"<p><span style=\"font-weight: 400;\">Aquest segon projecte del curs ens portar\u00e0 a descobrir com s\u2019organitza el m\u00f3n, des dels <strong>continents<\/strong> fins a les <strong>comarques<\/strong> del nostre entorn m\u00e9s proper.<\/span><\/p>\n<p><span style=\"font-weight: 400;\">Hem comen\u00e7at observant un globus terraq\u00fci i fent-nos preguntes sobre el m\u00f3n, que ens han ajudat a formular la nostra pregunta-repte i les subpreguntes que ens guiaran al llarg del projecte.<\/span><\/p>\n<p><span style=\"font-weight: 400;\">Ens hem iniciat en la primera subpregunta <strong>\u201cCom s\u2019organitza el m\u00f3n?\u201d<\/strong> i hem comen\u00e7at a esbrinar com es divideixen els diferents territoris: continents, pa\u00efsos, comunitats aut\u00f2nomes, prov\u00edncies, comarques, pobles i ciutats.<\/span><\/p>\n<p><span style=\"font-weight: 400;\">Cada grup cooperatiu s\u2019ha encarregat de con\u00e8ixer millor un <strong>continent<\/strong> i un <strong>oce\u00e0<\/strong> per crear, entre tots i totes, <strong>un gran mapa del m\u00f3n a la xarxa de l\u2019aula<\/strong>. Cada grup ha compartit la seva part amb la resta del grup-classe. En aquest espai hi anirem ubicant tot all\u00f2 que anem descobrint.<\/span><\/p>\n<p><span style=\"font-weight: 400;\">Tamb\u00e9 hem comen\u00e7at a preparar el nostre <strong>passaport<\/strong> personalitzat, on anirem recollint els pa\u00efsos i curiositats que anem aprenent. Ens acompanyar\u00e0 al llarg de tota aquesta volta al m\u00f3n!<\/span><\/p>\n<p><b>Per comen\u00e7ar a aprofundir en el projecte, ens ha visitat la fam\u00edlia de l\u2019Aniol per explicar-nos la seva experi\u00e8ncia de fer la volta al m\u00f3n.<\/b><\/p>\n<p><span style=\"font-weight: 400;\">Hem parlat de <\/span><b>continents, oceans i pa\u00efsos<\/b><span style=\"font-weight: 400;\">, i hem apr\u00e8s a ubicar-los al mapa. Tamb\u00e9 hem descobert qu\u00e8 cal portar a la motxilla per viatjar pel m\u00f3n i hem gaudit de <\/span><b>fotografies, viv\u00e8ncies i un v\u00eddeo final<\/b><span style=\"font-weight: 400;\"> amb el recorregut complet del viatge.<\/span><\/p>\n<p><span style=\"font-weight: 400;\">Moltes gr\u00e0cies a la fam\u00edlia per compartir aquesta experi\u00e8ncia tan enriquidora amb tota la classe!<\/span><\/p>\n<p><span style=\"font-weight: 400;\">Seguim!<\/span><\/p>\n<p><a href=\"https:\/\/photos.app.goo.gl\/Gt8TbiTcGvPTnoAG9\"><img loading=\"lazy\" decoding=\"async\" class=\"alignnone size-large wp-image-15727\" src=\"https:\/\/agora.xtec.cat\/escolametllers\/wp-content\/uploads\/usu1580\/2025\/05\/IMG_7149-1024x768.jpg\" alt=\"\" width=\"1024\" height=\"768\" srcset=\"https:\/\/agora.xtec.cat\/escolametllers\/wp-content\/uploads\/usu1580\/2025\/05\/IMG_7149-1024x768.jpg 1024w, https:\/\/agora.xtec.cat\/escolametllers\/wp-content\/uploads\/usu1580\/2025\/05\/IMG_7149-300x225.jpg 300w, https:\/\/agora.xtec.cat\/escolametllers\/wp-content\/uploads\/usu1580\/2025\/05\/IMG_7149-768x576.jpg 768w, https:\/\/agora.xtec.cat\/escolametllers\/wp-content\/uploads\/usu1580\/2025\/05\/IMG_7149-1536x1152.jpg 1536w, https:\/\/agora.xtec.cat\/escolametllers\/wp-content\/uploads\/usu1580\/2025\/05\/IMG_7149-2048x1536.jpg 2048w, https:\/\/agora.xtec.cat\/escolametllers\/wp-content\/uploads\/usu1580\/2025\/05\/IMG_7149-200x150.jpg 200w\" sizes=\"auto, (max-width: 1024px) 100vw, 1024px\" \/><\/a><\/p>\n","protected":false},"excerpt":{"rendered":"<p>Aquest segon projecte del curs ens portar\u00e0 a descobrir com s\u2019organitza el m\u00f3n, des dels continents fins a les comarques del nostre entorn m\u00e9s proper. Hem comen\u00e7at observant un globus terraq\u00fci i fent-nos preguntes sobre el m\u00f3n, que ens han ajudat a formular la nostra pregunta-repte i les subpreguntes que ens guiaran al llarg del [&hellip;]<\/p>\n","protected":false},"author":104,"featured_media":0,"comment_status":"closed","ping_status":"closed","sticky":false,"template":"","format":"standard","meta":{"_bbp_topic_count":0,"_bbp_reply_count":0,"_bbp_total_topic_count":0,"_bbp_total_reply_count":0,"_bbp_voice_count":0,"_bbp_anonymous_reply_count":0,"_bbp_topic_count_hidden":0,"_bbp_reply_count_hidden":0,"_bbp_forum_subforum_count":0,"site-sidebar-layout":"default","site-content-layout":"","ast-site-content-layout":"","site-content-style":"default","site-sidebar-style":"default","ast-global-header-display":"","ast-banner-title-visibility":"","ast-main-header-display":"","ast-hfb-above-header-display":"","ast-hfb-below-header-display":"","ast-hfb-mobile-header-display":"","site-post-title":"","ast-breadcrumbs-content":"","ast-featured-img":"","footer-sml-layout":"","theme-transparent-header-meta":"","adv-header-id-meta":"","stick-header-meta":"","header-above-stick-meta":"","header-main-stick-meta":"","header-below-stick-meta":"","astra-migrate-meta-layouts":"default","ast-page-background-enabled":"default","ast-page-background-meta":{"desktop":{"background-color":"var(--ast-global-color-4)","background-image":"","background-repeat":"repeat","background-position":"center center","background-size":"auto","background-attachment":"scroll","background-type":"","background-media":"","overlay-type":"","overlay-color":"","overlay-opacity":"","overlay-gradient":""},"tablet":{"background-color":"","background-image":"","background-repeat":"repeat","background-position":"center center","background-size":"auto","background-attachment":"scroll","background-type":"","background-media":"","overlay-type":"","overlay-color":"","overlay-opacity":"","overlay-gradient":""},"mobile":{"background-color":"","background-image":"","background-repeat":"repeat","background-position":"center center","background-size":"auto","background-attachment":"scroll","background-type":"","background-media":"","overlay-type":"","overlay-color":"","overlay-opacity":"","overlay-gradient":""}},"ast-content-background-meta":{"desktop":{"background-color":"var(--ast-global-color-5)","background-image":"","background-repeat":"repeat","background-position":"center center","background-size":"auto","background-attachment":"scroll","background-type":"","background-media":"","overlay-type":"","overlay-color":"","overlay-opacity":"","overlay-gradient":""},"tablet":{"background-color":"var(--ast-global-color-5)","background-image":"","background-repeat":"repeat","background-position":"center center","background-size":"auto","background-attachment":"scroll","background-type":"","background-media":"","overlay-type":"","overlay-color":"","overlay-opacity":"","overlay-gradient":""},"mobile":{"background-color":"var(--ast-global-color-5)","background-image":"","background-repeat":"repeat","background-position":"center center","background-size":"auto","background-attachment":"scroll","background-type":"","background-media":"","overlay-type":"","overlay-color":"","overlay-opacity":"","overlay-gradient":""}},"footnotes":""},"categories":[411,5,73],"tags":[204],"class_list":["post-15726","post","type-post","status-publish","format-standard","hentry","category-24-25","category-primaria","category-prom15b","tag-projectes"],"post_mailing_queue_ids":[],"_links":{"self":[{"href":"https:\/\/agora.xtec.cat\/escolametllers\/wp-json\/wp\/v2\/posts\/15726","targetHints":{"allow":["GET"]}}],"collection":[{"href":"https:\/\/agora.xtec.cat\/escolametllers\/wp-json\/wp\/v2\/posts"}],"about":[{"href":"https:\/\/agora.xtec.cat\/escolametllers\/wp-json\/wp\/v2\/types\/post"}],"author":[{"embeddable":true,"href":"https:\/\/agora.xtec.cat\/escolametllers\/wp-json\/wp\/v2\/users\/104"}],"replies":[{"embeddable":true,"href":"https:\/\/agora.xtec.cat\/escolametllers\/wp-json\/wp\/v2\/comments?post=15726"}],"version-history":[{"count":3,"href":"https:\/\/agora.xtec.cat\/escolametllers\/wp-json\/wp\/v2\/posts\/15726\/revisions"}],"predecessor-version":[{"id":15730,"href":"https:\/\/agora.xtec.cat\/escolametllers\/wp-json\/wp\/v2\/posts\/15726\/revisions\/15730"}],"wp:attachment":[{"href":"https:\/\/agora.xtec.cat\/escolametllers\/wp-json\/wp\/v2\/media?parent=15726"}],"wp:term":[{"taxonomy":"category","embeddable":true,"href":"https:\/\/agora.xtec.cat\/escolametllers\/wp-json\/wp\/v2\/categories?post=15726"},{"taxonomy":"post_tag","embeddable":true,"href":"https:\/\/agora.xtec.cat\/escolametllers\/wp-json\/wp\/v2\/tags?post=15726"}],"curies":[{"name":"wp","href":"https:\/\/api.w.org\/{rel}","templated":true}]}}