{"id":15709,"date":"2025-05-13T17:00:48","date_gmt":"2025-05-13T15:00:48","guid":{"rendered":"https:\/\/agora.xtec.cat\/escolametllers\/?p=15709"},"modified":"2025-05-13T12:58:20","modified_gmt":"2025-05-13T10:58:20","slug":"projecte-1_canvi-climatic","status":"publish","type":"post","link":"https:\/\/agora.xtec.cat\/escolametllers\/primaria\/prom15b\/projecte-1_canvi-climatic\/","title":{"rendered":"Projecte 1_Canvi clim\u00e0tic"},"content":{"rendered":"<p><span style=\"font-weight: 400;\">En aquest primer projecte hem treballat el <\/span><b>canvi clim\u00e0tic<\/b><span style=\"font-weight: 400;\">, vinculat a l\u2019eix tem\u00e0tic de l\u2019escola &#8220;La volta al m\u00f3n&#8221; i inspirat en la nostra meravella escollida: <\/span><b>el Machu Picchu<\/b><span style=\"font-weight: 400;\">.<\/span><\/p>\n<p><span style=\"font-weight: 400;\">Tot va comen\u00e7ar amb una pregunta repte:<\/span><span style=\"font-weight: 400;\"><br \/>\n<\/span> <b>\u201cPer qu\u00e8 la capa d\u2019oz\u00f3 s\u2019est\u00e0 destruint si sempre hi ha hagut sol?\u201d<\/b><b><br \/>\n<\/b><span style=\"font-weight: 400;\">A partir d\u2019aqu\u00ed, vam formular subpreguntes, vam fer recerca, experiments i activitats que ens van ajudar a entendre millor les causes i conseq\u00fc\u00e8ncies del canvi clim\u00e0tic, i tamb\u00e9 qu\u00e8 podem fer per combatre\u2019l.<\/span><\/p>\n<p><span style=\"font-weight: 400;\">Com a tancament, hem decidit <\/span><b>explicar tot el nostre aprenentatge gravant un documental<\/b><span style=\"font-weight: 400;\">, pensat, escrit i protagonitzat per l\u2019alumnat.\u00a0<\/span><\/p>\n<p><span style=\"font-weight: 400;\">Hem utilitzat la t\u00e8cnica audiovisual del croma. Cada grup ha estat responsable d\u2019una part del projecte i ha decidit de manera aut\u00f2noma com explicar-la: han creat les escenes, escollit els escenaris, m\u00fasiques, guions i materials visuals per fer arribar el seu missatge de manera clara i creativa.\u00a0<\/span><\/p>\n<p><span style=\"font-weight: 400;\">Com a acci\u00f3 final, i per deixar empremta real del nostre comprom\u00eds amb el planeta, hem creat a l\u2019escola un <\/span><b>\u201cEspai verd\u201d<\/b><span style=\"font-weight: 400;\">, plantant un arbre al pati. Una acci\u00f3 simb\u00f2lica per\u00f2 molt significativa per nosaltres i el nostre entorn.<\/span><\/p>\n<p><span style=\"font-weight: 400;\">Per tancar el projecte, hem fet una presentaci\u00f3 oberta a les fam\u00edlies on hem estrenat el <\/span><b>documental<\/b><span style=\"font-weight: 400;\">, hem mostrat el proc\u00e9s viscut i hem dut a terme un taller amb les fam\u00edlies de crear les nostres pr\u00f2pies samarretes de comprom\u00eds pel planeta.<\/span><\/p>\n<p><span style=\"font-weight: 400;\">Una experi\u00e8ncia enriquidora que ens ha ajudat a prendre consci\u00e8ncia i a comprometre\u2019ns amb el futur del nostre planeta. \ud83c\udf31\ud83c\udf0e<\/span><\/p>\n<p><span style=\"font-weight: 400;\">Enlla\u00e7 al documental sobre el canvi clim\u00e0tic:<\/span><\/p>\n<p><a href=\"https:\/\/drive.google.com\/file\/d\/1qbAs4uwY5m4V7exKgDRJuZhL9NIMW1dC\/view?usp=drive_link\"><span style=\"font-weight: 400;\">https:\/\/drive.google.com\/file\/d\/1qbAs4uwY5m4V7exKgDRJuZhL9NIMW1dC\/view?usp=drive_link<\/span><\/a><span style=\"font-weight: 400;\">\u00a0<\/span><\/p>\n<p><a href=\"https:\/\/photos.app.goo.gl\/xhss7rV93nND21f98\"><img loading=\"lazy\" decoding=\"async\" class=\"alignnone size-large wp-image-15710\" src=\"https:\/\/agora.xtec.cat\/escolametllers\/wp-content\/uploads\/usu1580\/2025\/05\/IMG_6070-1024x768.jpg\" alt=\"\" width=\"1024\" height=\"768\" srcset=\"https:\/\/agora.xtec.cat\/escolametllers\/wp-content\/uploads\/usu1580\/2025\/05\/IMG_6070-1024x768.jpg 1024w, https:\/\/agora.xtec.cat\/escolametllers\/wp-content\/uploads\/usu1580\/2025\/05\/IMG_6070-300x225.jpg 300w, https:\/\/agora.xtec.cat\/escolametllers\/wp-content\/uploads\/usu1580\/2025\/05\/IMG_6070-768x576.jpg 768w, https:\/\/agora.xtec.cat\/escolametllers\/wp-content\/uploads\/usu1580\/2025\/05\/IMG_6070-1536x1152.jpg 1536w, https:\/\/agora.xtec.cat\/escolametllers\/wp-content\/uploads\/usu1580\/2025\/05\/IMG_6070-2048x1536.jpg 2048w, https:\/\/agora.xtec.cat\/escolametllers\/wp-content\/uploads\/usu1580\/2025\/05\/IMG_6070-200x150.jpg 200w\" sizes=\"auto, (max-width: 1024px) 100vw, 1024px\" \/><\/a><\/p>\n<p>&nbsp;<\/p>\n","protected":false},"excerpt":{"rendered":"<p>En aquest primer projecte hem treballat el canvi clim\u00e0tic, vinculat a l\u2019eix tem\u00e0tic de l\u2019escola &#8220;La volta al m\u00f3n&#8221; i inspirat en la nostra meravella escollida: el Machu Picchu. Tot va comen\u00e7ar amb una pregunta repte: \u201cPer qu\u00e8 la capa d\u2019oz\u00f3 s\u2019est\u00e0 destruint si sempre hi ha hagut sol?\u201d A partir d\u2019aqu\u00ed, vam formular subpreguntes, [&hellip;]<\/p>\n","protected":false},"author":104,"featured_media":0,"comment_status":"closed","ping_status":"closed","sticky":false,"template":"","format":"standard","meta":{"_bbp_topic_count":0,"_bbp_reply_count":0,"_bbp_total_topic_count":0,"_bbp_total_reply_count":0,"_bbp_voice_count":0,"_bbp_anonymous_reply_count":0,"_bbp_topic_count_hidden":0,"_bbp_reply_count_hidden":0,"_bbp_forum_subforum_count":0,"site-sidebar-layout":"default","site-content-layout":"","ast-site-content-layout":"","site-content-style":"default","site-sidebar-style":"default","ast-global-header-display":"","ast-banner-title-visibility":"","ast-main-header-display":"","ast-hfb-above-header-display":"","ast-hfb-below-header-display":"","ast-hfb-mobile-header-display":"","site-post-title":"","ast-breadcrumbs-content":"","ast-featured-img":"","footer-sml-layout":"","theme-transparent-header-meta":"","adv-header-id-meta":"","stick-header-meta":"","header-above-stick-meta":"","header-main-stick-meta":"","header-below-stick-meta":"","astra-migrate-meta-layouts":"default","ast-page-background-enabled":"default","ast-page-background-meta":{"desktop":{"background-color":"var(--ast-global-color-4)","background-image":"","background-repeat":"repeat","background-position":"center center","background-size":"auto","background-attachment":"scroll","background-type":"","background-media":"","overlay-type":"","overlay-color":"","overlay-opacity":"","overlay-gradient":""},"tablet":{"background-color":"","background-image":"","background-repeat":"repeat","background-position":"center center","background-size":"auto","background-attachment":"scroll","background-type":"","background-media":"","overlay-type":"","overlay-color":"","overlay-opacity":"","overlay-gradient":""},"mobile":{"background-color":"","background-image":"","background-repeat":"repeat","background-position":"center center","background-size":"auto","background-attachment":"scroll","background-type":"","background-media":"","overlay-type":"","overlay-color":"","overlay-opacity":"","overlay-gradient":""}},"ast-content-background-meta":{"desktop":{"background-color":"var(--ast-global-color-5)","background-image":"","background-repeat":"repeat","background-position":"center center","background-size":"auto","background-attachment":"scroll","background-type":"","background-media":"","overlay-type":"","overlay-color":"","overlay-opacity":"","overlay-gradient":""},"tablet":{"background-color":"var(--ast-global-color-5)","background-image":"","background-repeat":"repeat","background-position":"center center","background-size":"auto","background-attachment":"scroll","background-type":"","background-media":"","overlay-type":"","overlay-color":"","overlay-opacity":"","overlay-gradient":""},"mobile":{"background-color":"var(--ast-global-color-5)","background-image":"","background-repeat":"repeat","background-position":"center center","background-size":"auto","background-attachment":"scroll","background-type":"","background-media":"","overlay-type":"","overlay-color":"","overlay-opacity":"","overlay-gradient":""}},"footnotes":""},"categories":[411,73],"tags":[],"class_list":["post-15709","post","type-post","status-publish","format-standard","hentry","category-24-25","category-prom15b"],"post_mailing_queue_ids":[],"_links":{"self":[{"href":"https:\/\/agora.xtec.cat\/escolametllers\/wp-json\/wp\/v2\/posts\/15709","targetHints":{"allow":["GET"]}}],"collection":[{"href":"https:\/\/agora.xtec.cat\/escolametllers\/wp-json\/wp\/v2\/posts"}],"about":[{"href":"https:\/\/agora.xtec.cat\/escolametllers\/wp-json\/wp\/v2\/types\/post"}],"author":[{"embeddable":true,"href":"https:\/\/agora.xtec.cat\/escolametllers\/wp-json\/wp\/v2\/users\/104"}],"replies":[{"embeddable":true,"href":"https:\/\/agora.xtec.cat\/escolametllers\/wp-json\/wp\/v2\/comments?post=15709"}],"version-history":[{"count":2,"href":"https:\/\/agora.xtec.cat\/escolametllers\/wp-json\/wp\/v2\/posts\/15709\/revisions"}],"predecessor-version":[{"id":15712,"href":"https:\/\/agora.xtec.cat\/escolametllers\/wp-json\/wp\/v2\/posts\/15709\/revisions\/15712"}],"wp:attachment":[{"href":"https:\/\/agora.xtec.cat\/escolametllers\/wp-json\/wp\/v2\/media?parent=15709"}],"wp:term":[{"taxonomy":"category","embeddable":true,"href":"https:\/\/agora.xtec.cat\/escolametllers\/wp-json\/wp\/v2\/categories?post=15709"},{"taxonomy":"post_tag","embeddable":true,"href":"https:\/\/agora.xtec.cat\/escolametllers\/wp-json\/wp\/v2\/tags?post=15709"}],"curies":[{"name":"wp","href":"https:\/\/api.w.org\/{rel}","templated":true}]}}