{"id":15680,"date":"2025-05-07T22:21:26","date_gmt":"2025-05-07T20:21:26","guid":{"rendered":"https:\/\/agora.xtec.cat\/escolametllers\/?p=15680"},"modified":"2025-05-16T16:22:13","modified_gmt":"2025-05-16T14:22:13","slug":"camina-descalc","status":"publish","type":"post","link":"https:\/\/agora.xtec.cat\/escolametllers\/primaria\/prom19a\/camina-descalc\/","title":{"rendered":"Camina descal\u00e7"},"content":{"rendered":"<p>Benvolgudes fam\u00edlies,<\/p>\n<p>avui els infants han pogut gaudir d&#8217;un mat\u00ed especial gr\u00e0cies a l&#8217;activitat &#8220;Camina descal\u00e7&#8221;. <span class=\"OYPEnA font-feature-liga-off font-feature-clig-off font-feature-calt-off text-decoration-none text-strikethrough-none\">Caminar per dins el bosc amb els peus descal\u00e7os permet despertar els SENTITS, per sobre de tots el del <\/span><strong><span class=\"OYPEnA font-feature-liga-off font-feature-clig-off font-feature-calt-off text-decoration-none text-strikethrough-none\">tacte<\/span><\/strong><span class=\"OYPEnA font-feature-liga-off font-feature-clig-off font-feature-calt-off text-decoration-none text-strikethrough-none\">: notar les textures, les temperatures, la humitat. Hi ha una zona especial per potenciar el sentit de <\/span><span class=\"OYPEnA font-feature-liga-off font-feature-clig-off font-feature-calt-off text-decoration-none text-strikethrough-none\">l\u2019<strong>o\u00efda,<\/strong><\/span><span class=\"OYPEnA font-feature-liga-off font-feature-clig-off font-feature-calt-off text-decoration-none text-strikethrough-none\"> \u00e9s la zona de m\u00fasica. Poden fer m\u00fasica o sons amb els diferents instruments que poden trobar al llarg de cam\u00ed: campanes tubulars, gong gegant, pals de pluja&#8230;<\/span> <span class=\"OYPEnA font-feature-liga-off font-feature-clig-off font-feature-calt-off text-decoration-none text-strikethrough-none\">En una altra zona han d\u2019utilitzar el sentit de la <\/span><strong><span class=\"OYPEnA font-feature-liga-off font-feature-clig-off font-feature-calt-off text-decoration-none text-strikethrough-none\">vista: <\/span><\/strong><span class=\"OYPEnA font-feature-liga-off font-feature-clig-off font-feature-calt-off text-decoration-none text-strikethrough-none\">s\u2019amaguen animals de la zona i cal que els trobin. L\u2019espai destinat a<\/span><span class=\"OYPEnA font-feature-liga-off font-feature-clig-off font-feature-calt-off text-decoration-none text-strikethrough-none\"> l\u2019<strong>olfacte<\/strong><\/span><span class=\"OYPEnA font-feature-liga-off font-feature-clig-off font-feature-calt-off text-decoration-none text-strikethrough-none\"> \u00e9s un rac\u00f3 ple de plantes arom\u00e0tiques que poden tocar amb suavitat i impregnar-se les mans d\u2019aromes naturals: menta, esp\u00edgol, farigola&#8230; Al &#8220;Camina descal\u00e7&#8221; tamb\u00e9 hi ha diverses proves <\/span><span class=\"OYPEnA font-feature-liga-off font-feature-clig-off font-feature-calt-off text-decoration-none text-strikethrough-none\">d\u2019<strong>equilibri<\/strong><\/span><span class=\"OYPEnA font-feature-liga-off font-feature-clig-off font-feature-calt-off text-decoration-none text-strikethrough-none\"><strong>:<\/strong> petites construccions de troncs per passar per sobre i ponts penjants en moviment. Finalment, per tal de fer una parada a mig cam\u00ed, hi ha una zona de descans amb bancs i gandules de fusta que permeten relaxar-se una estona.\u00a0<\/span><\/p>\n<p>Comparteixo amb vosaltres un recull de fotografies d&#8217;aquest mat\u00ed:<\/p>\n<p><a href=\"https:\/\/photos.app.goo.gl\/UKUsFBMKcV7DBFR86\"><img loading=\"lazy\" decoding=\"async\" class=\"alignnone wp-image-15681\" src=\"https:\/\/agora.xtec.cat\/escolametllers\/wp-content\/uploads\/usu1580\/2025\/05\/IMG_7868-1-1024x768.jpg\" alt=\"\" width=\"765\" height=\"573\" srcset=\"https:\/\/agora.xtec.cat\/escolametllers\/wp-content\/uploads\/usu1580\/2025\/05\/IMG_7868-1-1024x768.jpg 1024w, https:\/\/agora.xtec.cat\/escolametllers\/wp-content\/uploads\/usu1580\/2025\/05\/IMG_7868-1-300x225.jpg 300w, https:\/\/agora.xtec.cat\/escolametllers\/wp-content\/uploads\/usu1580\/2025\/05\/IMG_7868-1-768x576.jpg 768w, https:\/\/agora.xtec.cat\/escolametllers\/wp-content\/uploads\/usu1580\/2025\/05\/IMG_7868-1-1536x1152.jpg 1536w, https:\/\/agora.xtec.cat\/escolametllers\/wp-content\/uploads\/usu1580\/2025\/05\/IMG_7868-1-200x150.jpg 200w, https:\/\/agora.xtec.cat\/escolametllers\/wp-content\/uploads\/usu1580\/2025\/05\/IMG_7868-1.jpg 1600w\" sizes=\"auto, (max-width: 765px) 100vw, 765px\" \/><\/a><\/p>\n","protected":false},"excerpt":{"rendered":"<p>Benvolgudes fam\u00edlies, avui els infants han pogut gaudir d&#8217;un mat\u00ed especial gr\u00e0cies a l&#8217;activitat &#8220;Camina descal\u00e7&#8221;. Caminar per dins el bosc amb els peus descal\u00e7os permet despertar els SENTITS, per sobre de tots el del tacte: notar les textures, les temperatures, la humitat. Hi ha una zona especial per potenciar el sentit de l\u2019o\u00efda, \u00e9s [&hellip;]<\/p>\n","protected":false},"author":86,"featured_media":0,"comment_status":"open","ping_status":"closed","sticky":false,"template":"","format":"standard","meta":{"_bbp_topic_count":0,"_bbp_reply_count":0,"_bbp_total_topic_count":0,"_bbp_total_reply_count":0,"_bbp_voice_count":0,"_bbp_anonymous_reply_count":0,"_bbp_topic_count_hidden":0,"_bbp_reply_count_hidden":0,"_bbp_forum_subforum_count":0,"site-sidebar-layout":"default","site-content-layout":"","ast-site-content-layout":"","site-content-style":"default","site-sidebar-style":"default","ast-global-header-display":"","ast-banner-title-visibility":"","ast-main-header-display":"","ast-hfb-above-header-display":"","ast-hfb-below-header-display":"","ast-hfb-mobile-header-display":"","site-post-title":"","ast-breadcrumbs-content":"","ast-featured-img":"","footer-sml-layout":"","theme-transparent-header-meta":"","adv-header-id-meta":"","stick-header-meta":"","header-above-stick-meta":"","header-main-stick-meta":"","header-below-stick-meta":"","astra-migrate-meta-layouts":"default","ast-page-background-enabled":"default","ast-page-background-meta":{"desktop":{"background-color":"var(--ast-global-color-4)","background-image":"","background-repeat":"repeat","background-position":"center center","background-size":"auto","background-attachment":"scroll","background-type":"","background-media":"","overlay-type":"","overlay-color":"","overlay-opacity":"","overlay-gradient":""},"tablet":{"background-color":"","background-image":"","background-repeat":"repeat","background-position":"center center","background-size":"auto","background-attachment":"scroll","background-type":"","background-media":"","overlay-type":"","overlay-color":"","overlay-opacity":"","overlay-gradient":""},"mobile":{"background-color":"","background-image":"","background-repeat":"repeat","background-position":"center center","background-size":"auto","background-attachment":"scroll","background-type":"","background-media":"","overlay-type":"","overlay-color":"","overlay-opacity":"","overlay-gradient":""}},"ast-content-background-meta":{"desktop":{"background-color":"var(--ast-global-color-5)","background-image":"","background-repeat":"repeat","background-position":"center center","background-size":"auto","background-attachment":"scroll","background-type":"","background-media":"","overlay-type":"","overlay-color":"","overlay-opacity":"","overlay-gradient":""},"tablet":{"background-color":"var(--ast-global-color-5)","background-image":"","background-repeat":"repeat","background-position":"center center","background-size":"auto","background-attachment":"scroll","background-type":"","background-media":"","overlay-type":"","overlay-color":"","overlay-opacity":"","overlay-gradient":""},"mobile":{"background-color":"var(--ast-global-color-5)","background-image":"","background-repeat":"repeat","background-position":"center center","background-size":"auto","background-attachment":"scroll","background-type":"","background-media":"","overlay-type":"","overlay-color":"","overlay-opacity":"","overlay-gradient":""}},"footnotes":""},"categories":[409],"tags":[16],"class_list":["post-15680","post","type-post","status-publish","format-standard","hentry","category-prom19a","tag-sortides"],"post_mailing_queue_ids":[],"_links":{"self":[{"href":"https:\/\/agora.xtec.cat\/escolametllers\/wp-json\/wp\/v2\/posts\/15680","targetHints":{"allow":["GET"]}}],"collection":[{"href":"https:\/\/agora.xtec.cat\/escolametllers\/wp-json\/wp\/v2\/posts"}],"about":[{"href":"https:\/\/agora.xtec.cat\/escolametllers\/wp-json\/wp\/v2\/types\/post"}],"author":[{"embeddable":true,"href":"https:\/\/agora.xtec.cat\/escolametllers\/wp-json\/wp\/v2\/users\/86"}],"replies":[{"embeddable":true,"href":"https:\/\/agora.xtec.cat\/escolametllers\/wp-json\/wp\/v2\/comments?post=15680"}],"version-history":[{"count":2,"href":"https:\/\/agora.xtec.cat\/escolametllers\/wp-json\/wp\/v2\/posts\/15680\/revisions"}],"predecessor-version":[{"id":15724,"href":"https:\/\/agora.xtec.cat\/escolametllers\/wp-json\/wp\/v2\/posts\/15680\/revisions\/15724"}],"wp:attachment":[{"href":"https:\/\/agora.xtec.cat\/escolametllers\/wp-json\/wp\/v2\/media?parent=15680"}],"wp:term":[{"taxonomy":"category","embeddable":true,"href":"https:\/\/agora.xtec.cat\/escolametllers\/wp-json\/wp\/v2\/categories?post=15680"},{"taxonomy":"post_tag","embeddable":true,"href":"https:\/\/agora.xtec.cat\/escolametllers\/wp-json\/wp\/v2\/tags?post=15680"}],"curies":[{"name":"wp","href":"https:\/\/api.w.org\/{rel}","templated":true}]}}