{"id":15667,"date":"2025-04-23T13:23:50","date_gmt":"2025-04-23T11:23:50","guid":{"rendered":"https:\/\/agora.xtec.cat\/escolametllers\/?p=15667"},"modified":"2025-05-09T12:45:16","modified_gmt":"2025-05-09T10:45:16","slug":"sant-jordi-11","status":"publish","type":"post","link":"https:\/\/agora.xtec.cat\/escolametllers\/infantil\/sant-jordi-11\/","title":{"rendered":"Sant Jordi"},"content":{"rendered":"<p class=\"\" data-start=\"81\" data-end=\"116\">\ud83c\udf39\ud83d\udcda\u00a0<strong data-start=\"86\" data-end=\"111\">Sant Jordi a l\u2019escola<\/strong>\u00a0\ud83d\udcda\ud83c\udf39<\/p>\n<p class=\"\" data-start=\"118\" data-end=\"439\">El dia de Sant Jordi va ser una jornada molt especial i plena d\u2019il\u00b7lusi\u00f3! Vam gaudir un any m\u00e9s de la tradici\u00f3, dels llibres i de la cultura. Un dels moments m\u00e9s esperats va ser la visita a la paradeta de contes que va muntar l\u2019AFA, on vam poder triar les nostres pr\u00f2pies hist\u00f2ries per continuar descobrint el plaer de la lectura.<\/p>\n<p data-start=\"118\" data-end=\"439\">Tamb\u00e9 va ser molt especial la Llegenda de Sant Jordi que ens varen venir a representar un grup de persones del Centre\u00a0<strong>Ampans<\/strong>\u00a0de Sant Joan de Vilatorrada. Ens va agradar molt com ho varen fer! A m\u00e9s, ens van regalar uns titelles de pal molt bonics. Vam disfrutar molt\u00edssim pintant-los i encara m\u00e9s emportant-nos-els a casa.<\/p>\n<p data-start=\"118\" data-end=\"439\">Per \u00faltim, i no per aix\u00f2 menys important, aquest any vam gaudir d\u2019una novetat molt especial: algunes mares de la nostra classe, a petici\u00f3 de l\u2019escola, es varen animar a venir a explicar-nos contes. Moltes gr\u00e0cies a totes! Us felicitem perqu\u00e8 ho vau fer molt b\u00e9 i ens vau fer passar una tarda diferent i inoblidable.<\/p>\n<p class=\"\" data-start=\"441\" data-end=\"490\">Gr\u00e0cies, doncs, a tots els que vau fer possible aquest Sant Jordi tan especial!<\/p>\n<p class=\"\" data-start=\"441\" data-end=\"490\">\n<a href=\"https:\/\/photos.app.goo.gl\/vfmRSZWUK9dRtF2D6\"><img loading=\"lazy\" decoding=\"async\" class=\" wp-image-15668 aligncenter\" src=\"https:\/\/agora.xtec.cat\/escolametllers\/wp-content\/uploads\/usu1580\/2025\/05\/IMG_9011-1024x768.jpeg\" alt=\"\" width=\"416\" height=\"312\" srcset=\"https:\/\/agora.xtec.cat\/escolametllers\/wp-content\/uploads\/usu1580\/2025\/05\/IMG_9011-1024x768.jpeg 1024w, https:\/\/agora.xtec.cat\/escolametllers\/wp-content\/uploads\/usu1580\/2025\/05\/IMG_9011-300x225.jpeg 300w, https:\/\/agora.xtec.cat\/escolametllers\/wp-content\/uploads\/usu1580\/2025\/05\/IMG_9011-768x576.jpeg 768w, https:\/\/agora.xtec.cat\/escolametllers\/wp-content\/uploads\/usu1580\/2025\/05\/IMG_9011-1536x1152.jpeg 1536w, https:\/\/agora.xtec.cat\/escolametllers\/wp-content\/uploads\/usu1580\/2025\/05\/IMG_9011-2048x1536.jpeg 2048w, https:\/\/agora.xtec.cat\/escolametllers\/wp-content\/uploads\/usu1580\/2025\/05\/IMG_9011-200x150.jpeg 200w\" sizes=\"auto, (max-width: 416px) 100vw, 416px\" \/><\/a><\/p>\n","protected":false},"excerpt":{"rendered":"<p>\ud83c\udf39\ud83d\udcda\u00a0Sant Jordi a l\u2019escola\u00a0\ud83d\udcda\ud83c\udf39 El dia de Sant Jordi va ser una jornada molt especial i plena d\u2019il\u00b7lusi\u00f3! Vam gaudir un any m\u00e9s de la tradici\u00f3, dels llibres i de la cultura. Un dels moments m\u00e9s esperats va ser la visita a la paradeta de contes que va muntar l\u2019AFA, on vam poder triar les [&hellip;]<\/p>\n","protected":false},"author":112,"featured_media":0,"comment_status":"closed","ping_status":"closed","sticky":false,"template":"","format":"standard","meta":{"_bbp_topic_count":0,"_bbp_reply_count":0,"_bbp_total_topic_count":0,"_bbp_total_reply_count":0,"_bbp_voice_count":0,"_bbp_anonymous_reply_count":0,"_bbp_topic_count_hidden":0,"_bbp_reply_count_hidden":0,"_bbp_forum_subforum_count":0,"site-sidebar-layout":"default","site-content-layout":"","ast-site-content-layout":"","site-content-style":"default","site-sidebar-style":"default","ast-global-header-display":"","ast-banner-title-visibility":"","ast-main-header-display":"","ast-hfb-above-header-display":"","ast-hfb-below-header-display":"","ast-hfb-mobile-header-display":"","site-post-title":"","ast-breadcrumbs-content":"","ast-featured-img":"","footer-sml-layout":"","theme-transparent-header-meta":"","adv-header-id-meta":"","stick-header-meta":"","header-above-stick-meta":"","header-main-stick-meta":"","header-below-stick-meta":"","astra-migrate-meta-layouts":"default","ast-page-background-enabled":"default","ast-page-background-meta":{"desktop":{"background-color":"var(--ast-global-color-4)","background-image":"","background-repeat":"repeat","background-position":"center center","background-size":"auto","background-attachment":"scroll","background-type":"","background-media":"","overlay-type":"","overlay-color":"","overlay-opacity":"","overlay-gradient":""},"tablet":{"background-color":"","background-image":"","background-repeat":"repeat","background-position":"center center","background-size":"auto","background-attachment":"scroll","background-type":"","background-media":"","overlay-type":"","overlay-color":"","overlay-opacity":"","overlay-gradient":""},"mobile":{"background-color":"","background-image":"","background-repeat":"repeat","background-position":"center center","background-size":"auto","background-attachment":"scroll","background-type":"","background-media":"","overlay-type":"","overlay-color":"","overlay-opacity":"","overlay-gradient":""}},"ast-content-background-meta":{"desktop":{"background-color":"var(--ast-global-color-5)","background-image":"","background-repeat":"repeat","background-position":"center center","background-size":"auto","background-attachment":"scroll","background-type":"","background-media":"","overlay-type":"","overlay-color":"","overlay-opacity":"","overlay-gradient":""},"tablet":{"background-color":"var(--ast-global-color-5)","background-image":"","background-repeat":"repeat","background-position":"center center","background-size":"auto","background-attachment":"scroll","background-type":"","background-media":"","overlay-type":"","overlay-color":"","overlay-opacity":"","overlay-gradient":""},"mobile":{"background-color":"var(--ast-global-color-5)","background-image":"","background-repeat":"repeat","background-position":"center center","background-size":"auto","background-attachment":"scroll","background-type":"","background-media":"","overlay-type":"","overlay-color":"","overlay-opacity":"","overlay-gradient":""}},"footnotes":""},"categories":[411,279,2],"tags":[242],"class_list":["post-15667","post","type-post","status-publish","format-standard","hentry","category-24-25","category-eia","category-infantil","tag-sant-jordi"],"post_mailing_queue_ids":[],"_links":{"self":[{"href":"https:\/\/agora.xtec.cat\/escolametllers\/wp-json\/wp\/v2\/posts\/15667","targetHints":{"allow":["GET"]}}],"collection":[{"href":"https:\/\/agora.xtec.cat\/escolametllers\/wp-json\/wp\/v2\/posts"}],"about":[{"href":"https:\/\/agora.xtec.cat\/escolametllers\/wp-json\/wp\/v2\/types\/post"}],"author":[{"embeddable":true,"href":"https:\/\/agora.xtec.cat\/escolametllers\/wp-json\/wp\/v2\/users\/112"}],"replies":[{"embeddable":true,"href":"https:\/\/agora.xtec.cat\/escolametllers\/wp-json\/wp\/v2\/comments?post=15667"}],"version-history":[{"count":2,"href":"https:\/\/agora.xtec.cat\/escolametllers\/wp-json\/wp\/v2\/posts\/15667\/revisions"}],"predecessor-version":[{"id":15698,"href":"https:\/\/agora.xtec.cat\/escolametllers\/wp-json\/wp\/v2\/posts\/15667\/revisions\/15698"}],"wp:attachment":[{"href":"https:\/\/agora.xtec.cat\/escolametllers\/wp-json\/wp\/v2\/media?parent=15667"}],"wp:term":[{"taxonomy":"category","embeddable":true,"href":"https:\/\/agora.xtec.cat\/escolametllers\/wp-json\/wp\/v2\/categories?post=15667"},{"taxonomy":"post_tag","embeddable":true,"href":"https:\/\/agora.xtec.cat\/escolametllers\/wp-json\/wp\/v2\/tags?post=15667"}],"curies":[{"name":"wp","href":"https:\/\/api.w.org\/{rel}","templated":true}]}}