{"id":15628,"date":"2025-05-06T11:03:28","date_gmt":"2025-05-06T09:03:28","guid":{"rendered":"https:\/\/agora.xtec.cat\/escolametllers\/?p=15628"},"modified":"2025-05-06T11:03:28","modified_gmt":"2025-05-06T09:03:28","slug":"colonies-a-can-vilalta-9","status":"publish","type":"post","link":"https:\/\/agora.xtec.cat\/escolametllers\/infantil\/colonies-a-can-vilalta-9\/","title":{"rendered":"Col\u00f2nies a Can Vilalta"},"content":{"rendered":"<p><strong>Col\u00f2nies a Can Vilalta: Una aventura de bruixes i bruixots!<\/strong><\/p>\n<p>Els infants de la classe de 3-4 anys hem viscut una gran experi\u00e8ncia a Can Vilalta! Hem gaudit molt de passar temps junts fora de l\u2019escola, de dormir plegats i de compartir moments especials en un entorn natural i diferent.<\/p>\n<p>A m\u00e9s a m\u00e9s, ens hem endinsat en el m\u00f3n de la m\u00e0gia amb el Bruixot Tabalot, hem creat el nostre collaret d\u2019estrella, hem fet encanteris, ens hem entrenat com aut\u00e8ntics bruixots, hem recorregut el bosc a la recerca de la Poci\u00f3 de l\u2019Alegria i tamb\u00e9 hem descobert el cel al planetari!<\/p>\n<p>Aqu\u00ed us deixem algunes imatges per recordar aquesta aventura tan m\u00e0gica!<\/p>\n<p><a href=\"https:\/\/photos.app.goo.gl\/Qc43B1Lqthor1hK58\"><img loading=\"lazy\" decoding=\"async\" class=\"wp-image-15629 aligncenter\" src=\"https:\/\/agora.xtec.cat\/escolametllers\/wp-content\/uploads\/usu1580\/2025\/05\/IMG_9173-1024x768.jpeg\" alt=\"\" width=\"482\" height=\"362\" srcset=\"https:\/\/agora.xtec.cat\/escolametllers\/wp-content\/uploads\/usu1580\/2025\/05\/IMG_9173-1024x768.jpeg 1024w, https:\/\/agora.xtec.cat\/escolametllers\/wp-content\/uploads\/usu1580\/2025\/05\/IMG_9173-300x225.jpeg 300w, https:\/\/agora.xtec.cat\/escolametllers\/wp-content\/uploads\/usu1580\/2025\/05\/IMG_9173-768x576.jpeg 768w, https:\/\/agora.xtec.cat\/escolametllers\/wp-content\/uploads\/usu1580\/2025\/05\/IMG_9173-1536x1152.jpeg 1536w, https:\/\/agora.xtec.cat\/escolametllers\/wp-content\/uploads\/usu1580\/2025\/05\/IMG_9173-2048x1536.jpeg 2048w, https:\/\/agora.xtec.cat\/escolametllers\/wp-content\/uploads\/usu1580\/2025\/05\/IMG_9173-200x150.jpeg 200w\" sizes=\"auto, (max-width: 482px) 100vw, 482px\" \/><\/a><\/p>\n","protected":false},"excerpt":{"rendered":"<p>Col\u00f2nies a Can Vilalta: Una aventura de bruixes i bruixots! Els infants de la classe de 3-4 anys hem viscut una gran experi\u00e8ncia a Can Vilalta! Hem gaudit molt de passar temps junts fora de l\u2019escola, de dormir plegats i de compartir moments especials en un entorn natural i diferent. A m\u00e9s a m\u00e9s, ens [&hellip;]<\/p>\n","protected":false},"author":112,"featured_media":0,"comment_status":"closed","ping_status":"closed","sticky":false,"template":"","format":"standard","meta":{"_bbp_topic_count":0,"_bbp_reply_count":0,"_bbp_total_topic_count":0,"_bbp_total_reply_count":0,"_bbp_voice_count":0,"_bbp_anonymous_reply_count":0,"_bbp_topic_count_hidden":0,"_bbp_reply_count_hidden":0,"_bbp_forum_subforum_count":0,"site-sidebar-layout":"default","site-content-layout":"","ast-site-content-layout":"","site-content-style":"default","site-sidebar-style":"default","ast-global-header-display":"","ast-banner-title-visibility":"","ast-main-header-display":"","ast-hfb-above-header-display":"","ast-hfb-below-header-display":"","ast-hfb-mobile-header-display":"","site-post-title":"","ast-breadcrumbs-content":"","ast-featured-img":"","footer-sml-layout":"","theme-transparent-header-meta":"","adv-header-id-meta":"","stick-header-meta":"","header-above-stick-meta":"","header-main-stick-meta":"","header-below-stick-meta":"","astra-migrate-meta-layouts":"default","ast-page-background-enabled":"default","ast-page-background-meta":{"desktop":{"background-color":"var(--ast-global-color-4)","background-image":"","background-repeat":"repeat","background-position":"center center","background-size":"auto","background-attachment":"scroll","background-type":"","background-media":"","overlay-type":"","overlay-color":"","overlay-opacity":"","overlay-gradient":""},"tablet":{"background-color":"","background-image":"","background-repeat":"repeat","background-position":"center center","background-size":"auto","background-attachment":"scroll","background-type":"","background-media":"","overlay-type":"","overlay-color":"","overlay-opacity":"","overlay-gradient":""},"mobile":{"background-color":"","background-image":"","background-repeat":"repeat","background-position":"center center","background-size":"auto","background-attachment":"scroll","background-type":"","background-media":"","overlay-type":"","overlay-color":"","overlay-opacity":"","overlay-gradient":""}},"ast-content-background-meta":{"desktop":{"background-color":"var(--ast-global-color-5)","background-image":"","background-repeat":"repeat","background-position":"center center","background-size":"auto","background-attachment":"scroll","background-type":"","background-media":"","overlay-type":"","overlay-color":"","overlay-opacity":"","overlay-gradient":""},"tablet":{"background-color":"var(--ast-global-color-5)","background-image":"","background-repeat":"repeat","background-position":"center center","background-size":"auto","background-attachment":"scroll","background-type":"","background-media":"","overlay-type":"","overlay-color":"","overlay-opacity":"","overlay-gradient":""},"mobile":{"background-color":"var(--ast-global-color-5)","background-image":"","background-repeat":"repeat","background-position":"center center","background-size":"auto","background-attachment":"scroll","background-type":"","background-media":"","overlay-type":"","overlay-color":"","overlay-opacity":"","overlay-gradient":""}},"footnotes":""},"categories":[411,279,2],"tags":[121],"class_list":["post-15628","post","type-post","status-publish","format-standard","hentry","category-24-25","category-eia","category-infantil","tag-colonies"],"post_mailing_queue_ids":[],"_links":{"self":[{"href":"https:\/\/agora.xtec.cat\/escolametllers\/wp-json\/wp\/v2\/posts\/15628","targetHints":{"allow":["GET"]}}],"collection":[{"href":"https:\/\/agora.xtec.cat\/escolametllers\/wp-json\/wp\/v2\/posts"}],"about":[{"href":"https:\/\/agora.xtec.cat\/escolametllers\/wp-json\/wp\/v2\/types\/post"}],"author":[{"embeddable":true,"href":"https:\/\/agora.xtec.cat\/escolametllers\/wp-json\/wp\/v2\/users\/112"}],"replies":[{"embeddable":true,"href":"https:\/\/agora.xtec.cat\/escolametllers\/wp-json\/wp\/v2\/comments?post=15628"}],"version-history":[{"count":2,"href":"https:\/\/agora.xtec.cat\/escolametllers\/wp-json\/wp\/v2\/posts\/15628\/revisions"}],"predecessor-version":[{"id":15631,"href":"https:\/\/agora.xtec.cat\/escolametllers\/wp-json\/wp\/v2\/posts\/15628\/revisions\/15631"}],"wp:attachment":[{"href":"https:\/\/agora.xtec.cat\/escolametllers\/wp-json\/wp\/v2\/media?parent=15628"}],"wp:term":[{"taxonomy":"category","embeddable":true,"href":"https:\/\/agora.xtec.cat\/escolametllers\/wp-json\/wp\/v2\/categories?post=15628"},{"taxonomy":"post_tag","embeddable":true,"href":"https:\/\/agora.xtec.cat\/escolametllers\/wp-json\/wp\/v2\/tags?post=15628"}],"curies":[{"name":"wp","href":"https:\/\/api.w.org\/{rel}","templated":true}]}}