{"id":15574,"date":"2025-04-29T10:53:27","date_gmt":"2025-04-29T08:53:27","guid":{"rendered":"https:\/\/agora.xtec.cat\/escolametllers\/?p=15574"},"modified":"2025-04-29T10:53:55","modified_gmt":"2025-04-29T08:53:55","slug":"campanya-de-sensibilitzacio-pel-poble-producte-final-de-2n-b","status":"publish","type":"post","link":"https:\/\/agora.xtec.cat\/escolametllers\/sn\/campanya-de-sensibilitzacio-pel-poble-producte-final-de-2n-b\/","title":{"rendered":"CAMPANYA DE SENSIBILITZACI\u00d3 PEL POBLE! PRODUCTE FINAL DE 2N B"},"content":{"rendered":"<p>Els exploradors i exploradores de l&#8217;Amazones hem sortit pels carrers del poble de Sant Joan de Vilatorrada per fer una CAMPANYA DE SENSIBILITZACI\u00d3 DE LA PETJADA ECOL\u00d2GICA. Hem posat tot el nostre cor en aquesta activitat, i estem molt contents de l&#8217;acollida que hem tingut.<br \/>\nA l&#8217;Ajuntament, ens han rebut els t\u00e8cnics de Medi Ambient juntament amb la Muntsa, la mare del Marcel, del Servei a les persones, a la sala de plens. Ens han ensenyat les instal\u00b7lacions i la feina que fan i ens han obsequiat amb un &#8220;porta entrepans&#8221; molt xulo! Tamb\u00e9 hem anat al CAP, a l&#8217;oficina de correus i a la resid\u00e8ncia Atzavara on ens esperaven amb molta il\u00b7lusi\u00f3!<br \/>\nGr\u00e0cies tamb\u00e9 Isaura, Laura, Marina i Nat\u00e0lia que ens heu acompanyat en aquesta iniciativa tan important per cuidar el nostre planeta!<\/p>\n<p>&nbsp;<\/p>\n<p><a href=\"https:\/\/photos.app.goo.gl\/qDJuxjq89k2Jnsdm6\">Aqu\u00ed<\/a> teniu totes les fotos!<\/p>\n<p><a href=\"https:\/\/agora.xtec.cat\/escolametllers\/wp-content\/uploads\/usu1580\/2025\/04\/D3889F11-2863-4FCC-908B-8249971CE3C1.jpg\"><img loading=\"lazy\" decoding=\"async\" class=\"wp-image-15577 alignleft\" src=\"https:\/\/agora.xtec.cat\/escolametllers\/wp-content\/uploads\/usu1580\/2025\/04\/D3889F11-2863-4FCC-908B-8249971CE3C1-1024x1024.jpg\" alt=\"\" width=\"335\" height=\"335\" srcset=\"https:\/\/agora.xtec.cat\/escolametllers\/wp-content\/uploads\/usu1580\/2025\/04\/D3889F11-2863-4FCC-908B-8249971CE3C1-1024x1024.jpg 1024w, https:\/\/agora.xtec.cat\/escolametllers\/wp-content\/uploads\/usu1580\/2025\/04\/D3889F11-2863-4FCC-908B-8249971CE3C1-300x300.jpg 300w, https:\/\/agora.xtec.cat\/escolametllers\/wp-content\/uploads\/usu1580\/2025\/04\/D3889F11-2863-4FCC-908B-8249971CE3C1-150x150.jpg 150w, https:\/\/agora.xtec.cat\/escolametllers\/wp-content\/uploads\/usu1580\/2025\/04\/D3889F11-2863-4FCC-908B-8249971CE3C1-768x768.jpg 768w, https:\/\/agora.xtec.cat\/escolametllers\/wp-content\/uploads\/usu1580\/2025\/04\/D3889F11-2863-4FCC-908B-8249971CE3C1.jpg 1500w\" sizes=\"auto, (max-width: 335px) 100vw, 335px\" \/><\/a><img loading=\"lazy\" decoding=\"async\" class=\"wp-image-15576 alignright\" src=\"https:\/\/agora.xtec.cat\/escolametllers\/wp-content\/uploads\/usu1580\/2025\/04\/CDB9A46D-330F-487D-87F6-5AAA0FD12D27-1024x1024.jpg\" alt=\"\" width=\"395\" height=\"395\" srcset=\"https:\/\/agora.xtec.cat\/escolametllers\/wp-content\/uploads\/usu1580\/2025\/04\/CDB9A46D-330F-487D-87F6-5AAA0FD12D27-1024x1024.jpg 1024w, https:\/\/agora.xtec.cat\/escolametllers\/wp-content\/uploads\/usu1580\/2025\/04\/CDB9A46D-330F-487D-87F6-5AAA0FD12D27-300x300.jpg 300w, https:\/\/agora.xtec.cat\/escolametllers\/wp-content\/uploads\/usu1580\/2025\/04\/CDB9A46D-330F-487D-87F6-5AAA0FD12D27-150x150.jpg 150w, https:\/\/agora.xtec.cat\/escolametllers\/wp-content\/uploads\/usu1580\/2025\/04\/CDB9A46D-330F-487D-87F6-5AAA0FD12D27-768x768.jpg 768w, https:\/\/agora.xtec.cat\/escolametllers\/wp-content\/uploads\/usu1580\/2025\/04\/CDB9A46D-330F-487D-87F6-5AAA0FD12D27.jpg 1536w\" sizes=\"auto, (max-width: 395px) 100vw, 395px\" \/><\/p>\n<p>&nbsp;<\/p>\n<p>&nbsp;<\/p>\n<p>&nbsp;<\/p>\n<p>&nbsp;<\/p>\n","protected":false},"excerpt":{"rendered":"<p>Els exploradors i exploradores de l&#8217;Amazones hem sortit pels carrers del poble de Sant Joan de Vilatorrada per fer una CAMPANYA DE SENSIBILITZACI\u00d3 DE LA PETJADA ECOL\u00d2GICA. Hem posat tot el nostre cor en aquesta activitat, i estem molt contents de l&#8217;acollida que hem tingut. A l&#8217;Ajuntament, ens han rebut els t\u00e8cnics de Medi Ambient [&hellip;]<\/p>\n","protected":false},"author":1,"featured_media":15575,"comment_status":"open","ping_status":"closed","sticky":false,"template":"","format":"standard","meta":{"_bbp_topic_count":0,"_bbp_reply_count":0,"_bbp_total_topic_count":0,"_bbp_total_reply_count":0,"_bbp_voice_count":0,"_bbp_anonymous_reply_count":0,"_bbp_topic_count_hidden":0,"_bbp_reply_count_hidden":0,"_bbp_forum_subforum_count":0,"site-sidebar-layout":"default","site-content-layout":"","ast-site-content-layout":"","site-content-style":"default","site-sidebar-style":"default","ast-global-header-display":"","ast-banner-title-visibility":"","ast-main-header-display":"","ast-hfb-above-header-display":"","ast-hfb-below-header-display":"","ast-hfb-mobile-header-display":"","site-post-title":"","ast-breadcrumbs-content":"","ast-featured-img":"","footer-sml-layout":"","theme-transparent-header-meta":"","adv-header-id-meta":"","stick-header-meta":"","header-above-stick-meta":"","header-main-stick-meta":"","header-below-stick-meta":"","astra-migrate-meta-layouts":"default","ast-page-background-enabled":"default","ast-page-background-meta":{"desktop":{"background-color":"var(--ast-global-color-4)","background-image":"","background-repeat":"repeat","background-position":"center center","background-size":"auto","background-attachment":"scroll","background-type":"","background-media":"","overlay-type":"","overlay-color":"","overlay-opacity":"","overlay-gradient":""},"tablet":{"background-color":"","background-image":"","background-repeat":"repeat","background-position":"center center","background-size":"auto","background-attachment":"scroll","background-type":"","background-media":"","overlay-type":"","overlay-color":"","overlay-opacity":"","overlay-gradient":""},"mobile":{"background-color":"","background-image":"","background-repeat":"repeat","background-position":"center center","background-size":"auto","background-attachment":"scroll","background-type":"","background-media":"","overlay-type":"","overlay-color":"","overlay-opacity":"","overlay-gradient":""}},"ast-content-background-meta":{"desktop":{"background-color":"var(--ast-global-color-5)","background-image":"","background-repeat":"repeat","background-position":"center center","background-size":"auto","background-attachment":"scroll","background-type":"","background-media":"","overlay-type":"","overlay-color":"","overlay-opacity":"","overlay-gradient":""},"tablet":{"background-color":"var(--ast-global-color-5)","background-image":"","background-repeat":"repeat","background-position":"center center","background-size":"auto","background-attachment":"scroll","background-type":"","background-media":"","overlay-type":"","overlay-color":"","overlay-opacity":"","overlay-gradient":""},"mobile":{"background-color":"var(--ast-global-color-5)","background-image":"","background-repeat":"repeat","background-position":"center center","background-size":"auto","background-attachment":"scroll","background-type":"","background-media":"","overlay-type":"","overlay-color":"","overlay-opacity":"","overlay-gradient":""}},"footnotes":""},"categories":[411,5,61,1],"tags":[],"class_list":["post-15574","post","type-post","status-publish","format-standard","has-post-thumbnail","hentry","category-24-25","category-primaria","category-prom17b","category-sn"],"post_mailing_queue_ids":[],"_links":{"self":[{"href":"https:\/\/agora.xtec.cat\/escolametllers\/wp-json\/wp\/v2\/posts\/15574","targetHints":{"allow":["GET"]}}],"collection":[{"href":"https:\/\/agora.xtec.cat\/escolametllers\/wp-json\/wp\/v2\/posts"}],"about":[{"href":"https:\/\/agora.xtec.cat\/escolametllers\/wp-json\/wp\/v2\/types\/post"}],"author":[{"embeddable":true,"href":"https:\/\/agora.xtec.cat\/escolametllers\/wp-json\/wp\/v2\/users\/1"}],"replies":[{"embeddable":true,"href":"https:\/\/agora.xtec.cat\/escolametllers\/wp-json\/wp\/v2\/comments?post=15574"}],"version-history":[{"count":4,"href":"https:\/\/agora.xtec.cat\/escolametllers\/wp-json\/wp\/v2\/posts\/15574\/revisions"}],"predecessor-version":[{"id":15581,"href":"https:\/\/agora.xtec.cat\/escolametllers\/wp-json\/wp\/v2\/posts\/15574\/revisions\/15581"}],"wp:featuredmedia":[{"embeddable":true,"href":"https:\/\/agora.xtec.cat\/escolametllers\/wp-json\/wp\/v2\/media\/15575"}],"wp:attachment":[{"href":"https:\/\/agora.xtec.cat\/escolametllers\/wp-json\/wp\/v2\/media?parent=15574"}],"wp:term":[{"taxonomy":"category","embeddable":true,"href":"https:\/\/agora.xtec.cat\/escolametllers\/wp-json\/wp\/v2\/categories?post=15574"},{"taxonomy":"post_tag","embeddable":true,"href":"https:\/\/agora.xtec.cat\/escolametllers\/wp-json\/wp\/v2\/tags?post=15574"}],"curies":[{"name":"wp","href":"https:\/\/api.w.org\/{rel}","templated":true}]}}