{"id":15568,"date":"2025-04-27T18:42:15","date_gmt":"2025-04-27T16:42:15","guid":{"rendered":"https:\/\/agora.xtec.cat\/escolametllers\/?p=15568"},"modified":"2025-04-30T09:31:16","modified_gmt":"2025-04-30T07:31:16","slug":"sant-jordi-7","status":"publish","type":"post","link":"https:\/\/agora.xtec.cat\/escolametllers\/infantil\/sant-jordi-7\/","title":{"rendered":"Sant Jordi"},"content":{"rendered":"<p>El passat dia 23 d&#8217;abril vam celebrar la <em>Diada de Sant Jordi<\/em> a l&#8217;escola. Primer de tot, vam sortir tots els grups fent El Galop, acompanyats de membres de l&#8217;Associaci\u00f3 Sardanista &#8220;Bon Rotllo&#8221;, de Sant Joan de Vilatorrada. A continuaci\u00f3, vam fer les lectures dels treballs literaris d&#8217;enguany. Tot seguit, les membres de l&#8217;Associaci\u00f3 ens van recordar els passos per ballar la Sardana i ens vam posar a ballar per grups. Per finalitzar, vam fer una gran ballada amb tot l&#8217;alumnat en dues grans rotllanes.<\/p>\n<p>Volem agrair la col\u00b7laboraci\u00f3 de l&#8217;Associaci\u00f3 Sardanista &#8220;Bon Rotllo&#8221;, que ens vam ajudar a aprendre a ballar les sardanes. Tamb\u00e9 volem agrair a l&#8217;AFA la seva implicaci\u00f3 en la Diada, muntant una paradeta de llibres i roses a la porta de l&#8217;escola.<\/p>\n<p><a href=\"https:\/\/photos.app.goo.gl\/akFeHqVFzCaj58sy5\"><img loading=\"lazy\" decoding=\"async\" class=\"aligncenter wp-image-15569\" src=\"https:\/\/agora.xtec.cat\/escolametllers\/wp-content\/uploads\/usu1580\/2025\/04\/SANT-JORDI-25-48-300x200.jpg\" alt=\"\" width=\"430\" height=\"286\" srcset=\"https:\/\/agora.xtec.cat\/escolametllers\/wp-content\/uploads\/usu1580\/2025\/04\/SANT-JORDI-25-48-300x200.jpg 300w, https:\/\/agora.xtec.cat\/escolametllers\/wp-content\/uploads\/usu1580\/2025\/04\/SANT-JORDI-25-48-1024x683.jpg 1024w, https:\/\/agora.xtec.cat\/escolametllers\/wp-content\/uploads\/usu1580\/2025\/04\/SANT-JORDI-25-48-768x512.jpg 768w, https:\/\/agora.xtec.cat\/escolametllers\/wp-content\/uploads\/usu1580\/2025\/04\/SANT-JORDI-25-48.jpg 1296w\" sizes=\"auto, (max-width: 430px) 100vw, 430px\" \/><\/a><\/p>\n","protected":false},"excerpt":{"rendered":"<p>El passat dia 23 d&#8217;abril vam celebrar la Diada de Sant Jordi a l&#8217;escola. Primer de tot, vam sortir tots els grups fent El Galop, acompanyats de membres de l&#8217;Associaci\u00f3 Sardanista &#8220;Bon Rotllo&#8221;, de Sant Joan de Vilatorrada. A continuaci\u00f3, vam fer les lectures dels treballs literaris d&#8217;enguany. Tot seguit, les membres de l&#8217;Associaci\u00f3 ens [&hellip;]<\/p>\n","protected":false},"author":3,"featured_media":0,"comment_status":"open","ping_status":"closed","sticky":false,"template":"","format":"standard","meta":{"_bbp_topic_count":0,"_bbp_reply_count":0,"_bbp_total_topic_count":0,"_bbp_total_reply_count":0,"_bbp_voice_count":0,"_bbp_anonymous_reply_count":0,"_bbp_topic_count_hidden":0,"_bbp_reply_count_hidden":0,"_bbp_forum_subforum_count":0,"site-sidebar-layout":"default","site-content-layout":"","ast-site-content-layout":"","site-content-style":"default","site-sidebar-style":"default","ast-global-header-display":"","ast-banner-title-visibility":"","ast-main-header-display":"","ast-hfb-above-header-display":"","ast-hfb-below-header-display":"","ast-hfb-mobile-header-display":"","site-post-title":"","ast-breadcrumbs-content":"","ast-featured-img":"","footer-sml-layout":"","theme-transparent-header-meta":"","adv-header-id-meta":"","stick-header-meta":"","header-above-stick-meta":"","header-main-stick-meta":"","header-below-stick-meta":"","astra-migrate-meta-layouts":"default","ast-page-background-enabled":"default","ast-page-background-meta":{"desktop":{"background-color":"var(--ast-global-color-4)","background-image":"","background-repeat":"repeat","background-position":"center center","background-size":"auto","background-attachment":"scroll","background-type":"","background-media":"","overlay-type":"","overlay-color":"","overlay-opacity":"","overlay-gradient":""},"tablet":{"background-color":"","background-image":"","background-repeat":"repeat","background-position":"center center","background-size":"auto","background-attachment":"scroll","background-type":"","background-media":"","overlay-type":"","overlay-color":"","overlay-opacity":"","overlay-gradient":""},"mobile":{"background-color":"","background-image":"","background-repeat":"repeat","background-position":"center center","background-size":"auto","background-attachment":"scroll","background-type":"","background-media":"","overlay-type":"","overlay-color":"","overlay-opacity":"","overlay-gradient":""}},"ast-content-background-meta":{"desktop":{"background-color":"var(--ast-global-color-5)","background-image":"","background-repeat":"repeat","background-position":"center center","background-size":"auto","background-attachment":"scroll","background-type":"","background-media":"","overlay-type":"","overlay-color":"","overlay-opacity":"","overlay-gradient":""},"tablet":{"background-color":"var(--ast-global-color-5)","background-image":"","background-repeat":"repeat","background-position":"center center","background-size":"auto","background-attachment":"scroll","background-type":"","background-media":"","overlay-type":"","overlay-color":"","overlay-opacity":"","overlay-gradient":""},"mobile":{"background-color":"var(--ast-global-color-5)","background-image":"","background-repeat":"repeat","background-position":"center center","background-size":"auto","background-attachment":"scroll","background-type":"","background-media":"","overlay-type":"","overlay-color":"","overlay-opacity":"","overlay-gradient":""}},"footnotes":""},"categories":[411,2,4,5],"tags":[294],"class_list":["post-15568","post","type-post","status-publish","format-standard","hentry","category-24-25","category-infantil","category-portada","category-primaria","tag-festes"],"post_mailing_queue_ids":[],"_links":{"self":[{"href":"https:\/\/agora.xtec.cat\/escolametllers\/wp-json\/wp\/v2\/posts\/15568","targetHints":{"allow":["GET"]}}],"collection":[{"href":"https:\/\/agora.xtec.cat\/escolametllers\/wp-json\/wp\/v2\/posts"}],"about":[{"href":"https:\/\/agora.xtec.cat\/escolametllers\/wp-json\/wp\/v2\/types\/post"}],"author":[{"embeddable":true,"href":"https:\/\/agora.xtec.cat\/escolametllers\/wp-json\/wp\/v2\/users\/3"}],"replies":[{"embeddable":true,"href":"https:\/\/agora.xtec.cat\/escolametllers\/wp-json\/wp\/v2\/comments?post=15568"}],"version-history":[{"count":2,"href":"https:\/\/agora.xtec.cat\/escolametllers\/wp-json\/wp\/v2\/posts\/15568\/revisions"}],"predecessor-version":[{"id":15603,"href":"https:\/\/agora.xtec.cat\/escolametllers\/wp-json\/wp\/v2\/posts\/15568\/revisions\/15603"}],"wp:attachment":[{"href":"https:\/\/agora.xtec.cat\/escolametllers\/wp-json\/wp\/v2\/media?parent=15568"}],"wp:term":[{"taxonomy":"category","embeddable":true,"href":"https:\/\/agora.xtec.cat\/escolametllers\/wp-json\/wp\/v2\/categories?post=15568"},{"taxonomy":"post_tag","embeddable":true,"href":"https:\/\/agora.xtec.cat\/escolametllers\/wp-json\/wp\/v2\/tags?post=15568"}],"curies":[{"name":"wp","href":"https:\/\/api.w.org\/{rel}","templated":true}]}}