{"id":15463,"date":"2025-04-02T11:30:20","date_gmt":"2025-04-02T09:30:20","guid":{"rendered":"https:\/\/agora.xtec.cat\/escolametllers\/?p=15463"},"modified":"2025-04-11T11:44:23","modified_gmt":"2025-04-11T09:44:23","slug":"ens-visiten-els-experts","status":"publish","type":"post","link":"https:\/\/agora.xtec.cat\/escolametllers\/primaria\/ens-visiten-els-experts\/","title":{"rendered":"ENS VISITEN ELS EXPERTS !"},"content":{"rendered":"<p>A la classe dels exploradors i exploradores de l&#8217;Amazones hem tingut una visita molt especial ! L&#8217;Albert i la Marta, els pares de l&#8217;Ot, ens han explicat les seves emocionants aventures a l&#8217;Amaz\u00f2nia de Per\u00fa. Amb fotos i v\u00eddeos ens han transportat a la selva i hem pogut veure com \u00e9s viure en un lloc tan m\u00e0gic i ple de vida. Hem rigut, ens hem sorpr\u00e8s i hem gaudit amb les seves an\u00e8cdotes i explicacions sobre curiositats de l&#8217;Amaz\u00f2nia!<\/p>\n<p>Tamb\u00e9 ens han preparat una sorpresa i \u00e9s que han creat una can\u00e7\u00f3 que parla de nosaltres i l&#8217;Amazones! Hem marxat cap a casa amb la cara pintada com les tribus que viuen a l&#8217;Amaz\u00f2nia. Moltes gr\u00e0cies Albert i Marta per aquesta tarda tan divertida i interessant!<a href=\"https:\/\/photos.app.goo.gl\/B8ucV9UdbUxRjjkd6\"><img loading=\"lazy\" decoding=\"async\" class=\"wp-image-15464 aligncenter\" src=\"https:\/\/agora.xtec.cat\/escolametllers\/wp-content\/uploads\/usu1580\/2025\/04\/1744362057292-1-768x1024.jpg\" alt=\"\" width=\"439\" height=\"585\" srcset=\"https:\/\/agora.xtec.cat\/escolametllers\/wp-content\/uploads\/usu1580\/2025\/04\/1744362057292-1-768x1024.jpg 768w, https:\/\/agora.xtec.cat\/escolametllers\/wp-content\/uploads\/usu1580\/2025\/04\/1744362057292-1-225x300.jpg 225w, https:\/\/agora.xtec.cat\/escolametllers\/wp-content\/uploads\/usu1580\/2025\/04\/1744362057292-1-1152x1536.jpg 1152w, https:\/\/agora.xtec.cat\/escolametllers\/wp-content\/uploads\/usu1580\/2025\/04\/1744362057292-1-1536x2048.jpg 1536w, https:\/\/agora.xtec.cat\/escolametllers\/wp-content\/uploads\/usu1580\/2025\/04\/1744362057292-1-scaled.jpg 1920w\" sizes=\"auto, (max-width: 439px) 100vw, 439px\" \/><\/a><\/p>\n","protected":false},"excerpt":{"rendered":"<p>A la classe dels exploradors i exploradores de l&#8217;Amazones hem tingut una visita molt especial ! L&#8217;Albert i la Marta, els pares de l&#8217;Ot, ens han explicat les seves emocionants aventures a l&#8217;Amaz\u00f2nia de Per\u00fa. Amb fotos i v\u00eddeos ens han transportat a la selva i hem pogut veure com \u00e9s viure en un lloc [&hellip;]<\/p>\n","protected":false},"author":50,"featured_media":0,"comment_status":"closed","ping_status":"closed","sticky":false,"template":"","format":"standard","meta":{"_bbp_topic_count":0,"_bbp_reply_count":0,"_bbp_total_topic_count":0,"_bbp_total_reply_count":0,"_bbp_voice_count":0,"_bbp_anonymous_reply_count":0,"_bbp_topic_count_hidden":0,"_bbp_reply_count_hidden":0,"_bbp_forum_subforum_count":0,"site-sidebar-layout":"default","site-content-layout":"","ast-site-content-layout":"","site-content-style":"default","site-sidebar-style":"default","ast-global-header-display":"","ast-banner-title-visibility":"","ast-main-header-display":"","ast-hfb-above-header-display":"","ast-hfb-below-header-display":"","ast-hfb-mobile-header-display":"","site-post-title":"","ast-breadcrumbs-content":"","ast-featured-img":"","footer-sml-layout":"","theme-transparent-header-meta":"","adv-header-id-meta":"","stick-header-meta":"","header-above-stick-meta":"","header-main-stick-meta":"","header-below-stick-meta":"","astra-migrate-meta-layouts":"default","ast-page-background-enabled":"default","ast-page-background-meta":{"desktop":{"background-color":"var(--ast-global-color-4)","background-image":"","background-repeat":"repeat","background-position":"center center","background-size":"auto","background-attachment":"scroll","background-type":"","background-media":"","overlay-type":"","overlay-color":"","overlay-opacity":"","overlay-gradient":""},"tablet":{"background-color":"","background-image":"","background-repeat":"repeat","background-position":"center center","background-size":"auto","background-attachment":"scroll","background-type":"","background-media":"","overlay-type":"","overlay-color":"","overlay-opacity":"","overlay-gradient":""},"mobile":{"background-color":"","background-image":"","background-repeat":"repeat","background-position":"center center","background-size":"auto","background-attachment":"scroll","background-type":"","background-media":"","overlay-type":"","overlay-color":"","overlay-opacity":"","overlay-gradient":""}},"ast-content-background-meta":{"desktop":{"background-color":"var(--ast-global-color-5)","background-image":"","background-repeat":"repeat","background-position":"center center","background-size":"auto","background-attachment":"scroll","background-type":"","background-media":"","overlay-type":"","overlay-color":"","overlay-opacity":"","overlay-gradient":""},"tablet":{"background-color":"var(--ast-global-color-5)","background-image":"","background-repeat":"repeat","background-position":"center center","background-size":"auto","background-attachment":"scroll","background-type":"","background-media":"","overlay-type":"","overlay-color":"","overlay-opacity":"","overlay-gradient":""},"mobile":{"background-color":"var(--ast-global-color-5)","background-image":"","background-repeat":"repeat","background-position":"center center","background-size":"auto","background-attachment":"scroll","background-type":"","background-media":"","overlay-type":"","overlay-color":"","overlay-opacity":"","overlay-gradient":""}},"footnotes":""},"categories":[411,5,61],"tags":[],"class_list":["post-15463","post","type-post","status-publish","format-standard","hentry","category-24-25","category-primaria","category-prom17b"],"post_mailing_queue_ids":[],"_links":{"self":[{"href":"https:\/\/agora.xtec.cat\/escolametllers\/wp-json\/wp\/v2\/posts\/15463","targetHints":{"allow":["GET"]}}],"collection":[{"href":"https:\/\/agora.xtec.cat\/escolametllers\/wp-json\/wp\/v2\/posts"}],"about":[{"href":"https:\/\/agora.xtec.cat\/escolametllers\/wp-json\/wp\/v2\/types\/post"}],"author":[{"embeddable":true,"href":"https:\/\/agora.xtec.cat\/escolametllers\/wp-json\/wp\/v2\/users\/50"}],"replies":[{"embeddable":true,"href":"https:\/\/agora.xtec.cat\/escolametllers\/wp-json\/wp\/v2\/comments?post=15463"}],"version-history":[{"count":1,"href":"https:\/\/agora.xtec.cat\/escolametllers\/wp-json\/wp\/v2\/posts\/15463\/revisions"}],"predecessor-version":[{"id":15465,"href":"https:\/\/agora.xtec.cat\/escolametllers\/wp-json\/wp\/v2\/posts\/15463\/revisions\/15465"}],"wp:attachment":[{"href":"https:\/\/agora.xtec.cat\/escolametllers\/wp-json\/wp\/v2\/media?parent=15463"}],"wp:term":[{"taxonomy":"category","embeddable":true,"href":"https:\/\/agora.xtec.cat\/escolametllers\/wp-json\/wp\/v2\/categories?post=15463"},{"taxonomy":"post_tag","embeddable":true,"href":"https:\/\/agora.xtec.cat\/escolametllers\/wp-json\/wp\/v2\/tags?post=15463"}],"curies":[{"name":"wp","href":"https:\/\/api.w.org\/{rel}","templated":true}]}}