{"id":15455,"date":"2025-04-18T08:50:48","date_gmt":"2025-04-18T06:50:48","guid":{"rendered":"https:\/\/agora.xtec.cat\/escolametllers\/?p=15455"},"modified":"2025-04-17T08:56:36","modified_gmt":"2025-04-17T06:56:36","slug":"musica-8","status":"publish","type":"post","link":"https:\/\/agora.xtec.cat\/escolametllers\/infantil\/eic\/musica-8\/","title":{"rendered":"M\u00fasica"},"content":{"rendered":"<p class=\"\" data-start=\"77\" data-end=\"472\">Des de ben petits, volem despertar la curiositat i l\u2019amor per la m\u00fasica a trav\u00e9s de les audicions, la descoberta d\u2019instruments i el cant de can\u00e7ons tradicionals.<br data-start=\"238\" data-end=\"241\" \/>Les audicions a l\u2019educaci\u00f3 infantil s\u00f3n una eina valuosa per desenvolupar l\u2019atenci\u00f3 i la concentraci\u00f3, estimular la imaginaci\u00f3 i la creativitat, familiaritzar-se amb els sons del nostre entorn i potenciar la discriminaci\u00f3 auditiva.<\/p>\n<p class=\"\" data-start=\"474\" data-end=\"611\">Aquest trimestre, els infants han pogut con\u00e8ixer i experimentar amb diferents instruments mitjan\u00e7ant el joc i la manipulaci\u00f3, descobrint:<\/p>\n<ul data-start=\"612\" data-end=\"757\">\n<li class=\"\" data-start=\"612\" data-end=\"652\">\n<p class=\"\" data-start=\"614\" data-end=\"652\">La sonoritat \u00fanica de cada instrument.<\/p>\n<\/li>\n<li class=\"\" data-start=\"653\" data-end=\"709\">\n<p class=\"\" data-start=\"655\" data-end=\"709\">Com es produeix el so (bufant, percudint, fregant&#8230;).<\/p>\n<\/li>\n<li class=\"\" data-start=\"710\" data-end=\"757\">\n<p class=\"\" data-start=\"712\" data-end=\"757\">La relaci\u00f3 entre instrument, melodia i ritme.<\/p>\n<p><a href=\"https:\/\/photos.app.goo.gl\/646M8h7EqQoXgkEA7\"><img loading=\"lazy\" decoding=\"async\" class=\"wp-image-15496 alignleft\" src=\"https:\/\/agora.xtec.cat\/escolametllers\/wp-content\/uploads\/usu1580\/2025\/04\/77DC2ACE-8E54-457E-BA5C-1EFA1F3F5339-1-1024x553.jpg\" alt=\"\" width=\"498\" height=\"269\" srcset=\"https:\/\/agora.xtec.cat\/escolametllers\/wp-content\/uploads\/usu1580\/2025\/04\/77DC2ACE-8E54-457E-BA5C-1EFA1F3F5339-1-1024x553.jpg 1024w, https:\/\/agora.xtec.cat\/escolametllers\/wp-content\/uploads\/usu1580\/2025\/04\/77DC2ACE-8E54-457E-BA5C-1EFA1F3F5339-1-300x162.jpg 300w, https:\/\/agora.xtec.cat\/escolametllers\/wp-content\/uploads\/usu1580\/2025\/04\/77DC2ACE-8E54-457E-BA5C-1EFA1F3F5339-1-768x415.jpg 768w, https:\/\/agora.xtec.cat\/escolametllers\/wp-content\/uploads\/usu1580\/2025\/04\/77DC2ACE-8E54-457E-BA5C-1EFA1F3F5339-1-1536x830.jpg 1536w, https:\/\/agora.xtec.cat\/escolametllers\/wp-content\/uploads\/usu1580\/2025\/04\/77DC2ACE-8E54-457E-BA5C-1EFA1F3F5339-1-2048x1107.jpg 2048w\" sizes=\"auto, (max-width: 498px) 100vw, 498px\" \/><\/a><\/li>\n<\/ul>\n<p class=\"\" data-start=\"759\" data-end=\"971\">Tamb\u00e9 hem treballat can\u00e7ons tradicionals, un tresor que transmet llengua, costums i cultura, i que contribueix al desenvolupament del vocabulari, la mem\u00f2ria, el ritme, la coordinaci\u00f3 i el plaer de cantar en grup.<\/p>\n<p class=\"\" data-start=\"973\" data-end=\"1214\">Aquest trimestre<span style=\"font-family: inherit; font-size: 1em;\">, ens hem centrat especialment en can\u00e7ons d&#8217;insectes com <\/span><strong style=\"font-family: inherit; font-size: 1em;\" data-start=\"1046\" data-end=\"1069\">\u201cMarieta vola vola\u201d<\/strong><span style=\"font-family: inherit; font-size: 1em;\">, <\/span><strong style=\"font-family: inherit; font-size: 1em;\" data-start=\"1071\" data-end=\"1104\">\u201cLa mosca volava per la llum\u201d<\/strong><span style=\"font-family: inherit; font-size: 1em;\">, <\/span><strong style=\"font-family: inherit; font-size: 1em;\" data-start=\"1106\" data-end=\"1128\">\u201cL\u2019abella zum zum\u201d<\/strong><span style=\"font-family: inherit; font-size: 1em;\"> i jocs de can\u00e7ons com <\/span><strong style=\"font-family: inherit; font-size: 1em;\" data-start=\"1151\" data-end=\"1176\">\u201cL\u2019escarabat Bum Bum\u201d<\/strong><span style=\"font-family: inherit; font-size: 1em;\">, relacionades amb el nostre projecte.<\/span><\/p>\n<p class=\"\" data-start=\"1216\" data-end=\"1374\">A la nostra escola creiem en el poder transformador de la m\u00fasica per enriquir el creixement dels infants i us animem a compartir aquesta passi\u00f3 amb nosaltres!<\/p>\n<p data-start=\"1216\" data-end=\"1374\">\n","protected":false},"excerpt":{"rendered":"<p>Des de ben petits, volem despertar la curiositat i l\u2019amor per la m\u00fasica a trav\u00e9s de les audicions, la descoberta d\u2019instruments i el cant de can\u00e7ons tradicionals.Les audicions a l\u2019educaci\u00f3 infantil s\u00f3n una eina valuosa per desenvolupar l\u2019atenci\u00f3 i la concentraci\u00f3, estimular la imaginaci\u00f3 i la creativitat, familiaritzar-se amb els sons del nostre entorn i [&hellip;]<\/p>\n","protected":false},"author":1,"featured_media":0,"comment_status":"closed","ping_status":"closed","sticky":false,"template":"","format":"standard","meta":{"_bbp_topic_count":0,"_bbp_reply_count":0,"_bbp_total_topic_count":0,"_bbp_total_reply_count":0,"_bbp_voice_count":0,"_bbp_anonymous_reply_count":0,"_bbp_topic_count_hidden":0,"_bbp_reply_count_hidden":0,"_bbp_forum_subforum_count":0,"site-sidebar-layout":"default","site-content-layout":"","ast-site-content-layout":"","site-content-style":"default","site-sidebar-style":"default","ast-global-header-display":"","ast-banner-title-visibility":"","ast-main-header-display":"","ast-hfb-above-header-display":"","ast-hfb-below-header-display":"","ast-hfb-mobile-header-display":"","site-post-title":"","ast-breadcrumbs-content":"","ast-featured-img":"","footer-sml-layout":"","theme-transparent-header-meta":"","adv-header-id-meta":"","stick-header-meta":"","header-above-stick-meta":"","header-main-stick-meta":"","header-below-stick-meta":"","astra-migrate-meta-layouts":"default","ast-page-background-enabled":"default","ast-page-background-meta":{"desktop":{"background-color":"var(--ast-global-color-4)","background-image":"","background-repeat":"repeat","background-position":"center center","background-size":"auto","background-attachment":"scroll","background-type":"","background-media":"","overlay-type":"","overlay-color":"","overlay-opacity":"","overlay-gradient":""},"tablet":{"background-color":"","background-image":"","background-repeat":"repeat","background-position":"center center","background-size":"auto","background-attachment":"scroll","background-type":"","background-media":"","overlay-type":"","overlay-color":"","overlay-opacity":"","overlay-gradient":""},"mobile":{"background-color":"","background-image":"","background-repeat":"repeat","background-position":"center center","background-size":"auto","background-attachment":"scroll","background-type":"","background-media":"","overlay-type":"","overlay-color":"","overlay-opacity":"","overlay-gradient":""}},"ast-content-background-meta":{"desktop":{"background-color":"var(--ast-global-color-5)","background-image":"","background-repeat":"repeat","background-position":"center center","background-size":"auto","background-attachment":"scroll","background-type":"","background-media":"","overlay-type":"","overlay-color":"","overlay-opacity":"","overlay-gradient":""},"tablet":{"background-color":"var(--ast-global-color-5)","background-image":"","background-repeat":"repeat","background-position":"center center","background-size":"auto","background-attachment":"scroll","background-type":"","background-media":"","overlay-type":"","overlay-color":"","overlay-opacity":"","overlay-gradient":""},"mobile":{"background-color":"var(--ast-global-color-5)","background-image":"","background-repeat":"repeat","background-position":"center center","background-size":"auto","background-attachment":"scroll","background-type":"","background-media":"","overlay-type":"","overlay-color":"","overlay-opacity":"","overlay-gradient":""}},"footnotes":""},"categories":[411,8],"tags":[423,424,90],"class_list":["post-15455","post","type-post","status-publish","format-standard","hentry","category-24-25","category-eic","tag-audicions","tag-instruments","tag-musica"],"post_mailing_queue_ids":[],"_links":{"self":[{"href":"https:\/\/agora.xtec.cat\/escolametllers\/wp-json\/wp\/v2\/posts\/15455","targetHints":{"allow":["GET"]}}],"collection":[{"href":"https:\/\/agora.xtec.cat\/escolametllers\/wp-json\/wp\/v2\/posts"}],"about":[{"href":"https:\/\/agora.xtec.cat\/escolametllers\/wp-json\/wp\/v2\/types\/post"}],"author":[{"embeddable":true,"href":"https:\/\/agora.xtec.cat\/escolametllers\/wp-json\/wp\/v2\/users\/1"}],"replies":[{"embeddable":true,"href":"https:\/\/agora.xtec.cat\/escolametllers\/wp-json\/wp\/v2\/comments?post=15455"}],"version-history":[{"count":3,"href":"https:\/\/agora.xtec.cat\/escolametllers\/wp-json\/wp\/v2\/posts\/15455\/revisions"}],"predecessor-version":[{"id":15498,"href":"https:\/\/agora.xtec.cat\/escolametllers\/wp-json\/wp\/v2\/posts\/15455\/revisions\/15498"}],"wp:attachment":[{"href":"https:\/\/agora.xtec.cat\/escolametllers\/wp-json\/wp\/v2\/media?parent=15455"}],"wp:term":[{"taxonomy":"category","embeddable":true,"href":"https:\/\/agora.xtec.cat\/escolametllers\/wp-json\/wp\/v2\/categories?post=15455"},{"taxonomy":"post_tag","embeddable":true,"href":"https:\/\/agora.xtec.cat\/escolametllers\/wp-json\/wp\/v2\/tags?post=15455"}],"curies":[{"name":"wp","href":"https:\/\/api.w.org\/{rel}","templated":true}]}}