{"id":15407,"date":"2025-04-06T16:38:40","date_gmt":"2025-04-06T14:38:40","guid":{"rendered":"https:\/\/agora.xtec.cat\/escolametllers\/?p=15407"},"modified":"2025-04-06T16:40:37","modified_gmt":"2025-04-06T14:40:37","slug":"racons-daprenentatge-llengua-i-matematic","status":"publish","type":"post","link":"https:\/\/agora.xtec.cat\/escolametllers\/sn\/racons-daprenentatge-llengua-i-matematic\/","title":{"rendered":"RACONS D&#8217;APRENENTATGE: llengua i matem\u00e0tic"},"content":{"rendered":"<p>Els racons de llengua i matem\u00e0tiques s\u00f3n espais que promouen l&#8217;aprenentatge actiu, on els infants poden explorar i practicar conceptes de manera l\u00fadica i pr\u00e0ctica; aquests racons permeten als infants interactuar amb els materials de manera aut\u00f2noma. A m\u00e9s, el fet de treballar en racons pot ajudar a personalitzar l&#8217;aprenentatge segons les necessitats i interessos de cada infant, afavorint aix\u00ed una experi\u00e8ncia educativa m\u00e9s rica i motivadora.<\/p>\n<p><a href=\"https:\/\/photos.app.goo.gl\/GPpXryfd1HHHrZLu8\"><img loading=\"lazy\" decoding=\"async\" class=\"wp-image-15409 size-medium aligncenter\" src=\"https:\/\/agora.xtec.cat\/escolametllers\/wp-content\/uploads\/usu1580\/2025\/04\/formes-geometriques-14-225x300.jpg\" alt=\"\" width=\"225\" height=\"300\" srcset=\"https:\/\/agora.xtec.cat\/escolametllers\/wp-content\/uploads\/usu1580\/2025\/04\/formes-geometriques-14-225x300.jpg 225w, https:\/\/agora.xtec.cat\/escolametllers\/wp-content\/uploads\/usu1580\/2025\/04\/formes-geometriques-14-768x1024.jpg 768w, https:\/\/agora.xtec.cat\/escolametllers\/wp-content\/uploads\/usu1580\/2025\/04\/formes-geometriques-14-1152x1536.jpg 1152w, https:\/\/agora.xtec.cat\/escolametllers\/wp-content\/uploads\/usu1580\/2025\/04\/formes-geometriques-14-1536x2048.jpg 1536w, https:\/\/agora.xtec.cat\/escolametllers\/wp-content\/uploads\/usu1580\/2025\/04\/formes-geometriques-14-scaled.jpg 1920w\" sizes=\"auto, (max-width: 225px) 100vw, 225px\" \/><\/a><\/p>\n","protected":false},"excerpt":{"rendered":"<p>Els racons de llengua i matem\u00e0tiques s\u00f3n espais que promouen l&#8217;aprenentatge actiu, on els infants poden explorar i practicar conceptes de manera l\u00fadica i pr\u00e0ctica; aquests racons permeten als infants interactuar amb els materials de manera aut\u00f2noma. A m\u00e9s, el fet de treballar en racons pot ajudar a personalitzar l&#8217;aprenentatge segons les necessitats i interessos [&hellip;]<\/p>\n","protected":false},"author":46,"featured_media":0,"comment_status":"open","ping_status":"closed","sticky":false,"template":"","format":"standard","meta":{"_bbp_topic_count":0,"_bbp_reply_count":0,"_bbp_total_topic_count":0,"_bbp_total_reply_count":0,"_bbp_voice_count":0,"_bbp_anonymous_reply_count":0,"_bbp_topic_count_hidden":0,"_bbp_reply_count_hidden":0,"_bbp_forum_subforum_count":0,"site-sidebar-layout":"default","site-content-layout":"","ast-site-content-layout":"","site-content-style":"default","site-sidebar-style":"default","ast-global-header-display":"","ast-banner-title-visibility":"","ast-main-header-display":"","ast-hfb-above-header-display":"","ast-hfb-below-header-display":"","ast-hfb-mobile-header-display":"","site-post-title":"","ast-breadcrumbs-content":"","ast-featured-img":"","footer-sml-layout":"","theme-transparent-header-meta":"","adv-header-id-meta":"","stick-header-meta":"","header-above-stick-meta":"","header-main-stick-meta":"","header-below-stick-meta":"","astra-migrate-meta-layouts":"default","ast-page-background-enabled":"default","ast-page-background-meta":{"desktop":{"background-color":"var(--ast-global-color-4)","background-image":"","background-repeat":"repeat","background-position":"center center","background-size":"auto","background-attachment":"scroll","background-type":"","background-media":"","overlay-type":"","overlay-color":"","overlay-opacity":"","overlay-gradient":""},"tablet":{"background-color":"","background-image":"","background-repeat":"repeat","background-position":"center center","background-size":"auto","background-attachment":"scroll","background-type":"","background-media":"","overlay-type":"","overlay-color":"","overlay-opacity":"","overlay-gradient":""},"mobile":{"background-color":"","background-image":"","background-repeat":"repeat","background-position":"center center","background-size":"auto","background-attachment":"scroll","background-type":"","background-media":"","overlay-type":"","overlay-color":"","overlay-opacity":"","overlay-gradient":""}},"ast-content-background-meta":{"desktop":{"background-color":"var(--ast-global-color-5)","background-image":"","background-repeat":"repeat","background-position":"center center","background-size":"auto","background-attachment":"scroll","background-type":"","background-media":"","overlay-type":"","overlay-color":"","overlay-opacity":"","overlay-gradient":""},"tablet":{"background-color":"var(--ast-global-color-5)","background-image":"","background-repeat":"repeat","background-position":"center center","background-size":"auto","background-attachment":"scroll","background-type":"","background-media":"","overlay-type":"","overlay-color":"","overlay-opacity":"","overlay-gradient":""},"mobile":{"background-color":"var(--ast-global-color-5)","background-image":"","background-repeat":"repeat","background-position":"center center","background-size":"auto","background-attachment":"scroll","background-type":"","background-media":"","overlay-type":"","overlay-color":"","overlay-opacity":"","overlay-gradient":""}},"footnotes":""},"categories":[411,280,2,1],"tags":[393,212,226,158],"class_list":["post-15407","post","type-post","status-publish","format-standard","hentry","category-24-25","category-eib","category-infantil","category-sn","tag-infantil","tag-llengua","tag-matematiques","tag-racons"],"post_mailing_queue_ids":[],"_links":{"self":[{"href":"https:\/\/agora.xtec.cat\/escolametllers\/wp-json\/wp\/v2\/posts\/15407","targetHints":{"allow":["GET"]}}],"collection":[{"href":"https:\/\/agora.xtec.cat\/escolametllers\/wp-json\/wp\/v2\/posts"}],"about":[{"href":"https:\/\/agora.xtec.cat\/escolametllers\/wp-json\/wp\/v2\/types\/post"}],"author":[{"embeddable":true,"href":"https:\/\/agora.xtec.cat\/escolametllers\/wp-json\/wp\/v2\/users\/46"}],"replies":[{"embeddable":true,"href":"https:\/\/agora.xtec.cat\/escolametllers\/wp-json\/wp\/v2\/comments?post=15407"}],"version-history":[{"count":3,"href":"https:\/\/agora.xtec.cat\/escolametllers\/wp-json\/wp\/v2\/posts\/15407\/revisions"}],"predecessor-version":[{"id":15412,"href":"https:\/\/agora.xtec.cat\/escolametllers\/wp-json\/wp\/v2\/posts\/15407\/revisions\/15412"}],"wp:attachment":[{"href":"https:\/\/agora.xtec.cat\/escolametllers\/wp-json\/wp\/v2\/media?parent=15407"}],"wp:term":[{"taxonomy":"category","embeddable":true,"href":"https:\/\/agora.xtec.cat\/escolametllers\/wp-json\/wp\/v2\/categories?post=15407"},{"taxonomy":"post_tag","embeddable":true,"href":"https:\/\/agora.xtec.cat\/escolametllers\/wp-json\/wp\/v2\/tags?post=15407"}],"curies":[{"name":"wp","href":"https:\/\/api.w.org\/{rel}","templated":true}]}}