{"id":15381,"date":"2025-04-01T18:33:35","date_gmt":"2025-04-01T16:33:35","guid":{"rendered":"https:\/\/agora.xtec.cat\/escolametllers\/?p=15381"},"modified":"2025-04-06T16:48:52","modified_gmt":"2025-04-06T14:48:52","slug":"lhivern-5","status":"publish","type":"post","link":"https:\/\/agora.xtec.cat\/escolametllers\/infantil\/lhivern-5\/","title":{"rendered":"L&#8217;HIVERN"},"content":{"rendered":"<p>El Nadal a l&#8217;escola \u00e9s una \u00e8poca molt especial, plena d&#8217;activitats i moments \u00fanics que ajuden a compartir l&#8217;esperit nadalenc amb els infants i mestres. Hem anat a buscar el Ti\u00f3, hem fet manualitats de Nadal, ens ha vingut a veure el Fumera, hem cantat nadales, explicat contes, apr\u00e8s molt vocabulari, hem escrit la carta als Reis Mags, hem fet cagar el ti\u00f3\u2026 i tornant de vacances ens hem trobat amb una sorpresa molt especial\u2026 els regals de Reis! Ens ho hem passat molt b\u00e9!<\/p>\n<p>Aquest hivern, els infants d\u2019I3-4 han gaudit d\u2019un munt d\u2019experi\u00e8ncies sensorials i creatives per descobrir aquesta estaci\u00f3 tan especial. A trav\u00e9s del joc, l\u2019experimentaci\u00f3 i l\u2019art, han pogut explorar els colors, les textures i els canvis que ens porta l\u2019hivern.<\/p>\n<p>Una de les activitats m\u00e9s emocionants ha estat pintar amb gla\u00e7ons de colors d\u2019hivern! Pr\u00e8viament, vam preparar conjuntament els gla\u00e7ons amb aigua tenyida de blau, blanc i lila, i un cop congelats, els infants van experimentar la sensaci\u00f3 de pintar amb gel, observant com es fonia a poc a poc al contacte amb el paper.<\/p>\n<p>Tamb\u00e9 hem creat la nostra pr\u00f2pia \u201cneu\u201d barrejant bicarbonat i aigua, una experi\u00e8ncia m\u00e0gica i sorprenent per als m\u00e9s petits, que van poder tocar, modelar i jugar amb aquesta textura especial.<\/p>\n<p>A m\u00e9s, hem treballat els colors de l\u2019hivern amb una activitat de comptagotes, tenyint cotonets amb tons hivernals i fomentant aix\u00ed la motricitat fina i l\u2019observaci\u00f3 del color.<\/p>\n<p>No han faltat els contes i les converses sobre l\u2019hivern, que ens han ajudat a descobrir com canvia el paisatge, quina roba necessitem per abrigar-nos i quins elements caracteritzen aquesta \u00e8poca de l\u2019any. Hem apr\u00e8s nou vocabulari, hem observat, hem compartit viv\u00e8ncies i, sobretot, ens ho hem passat d\u2019all\u00f2 m\u00e9s b\u00e9!<\/p>\n<p>A m\u00e9s, hem tingut l\u2019oportunitat d\u2019observar els canvis en els arbres i el paisatge proper a l\u2019escola, descobrint com la natura es transforma durant aquesta estaci\u00f3.<\/p>\n<p>L\u2019hivern ens ha portat aprenentatges plens de m\u00e0gia i diversi\u00f3!<\/p>\n<p>&nbsp;<\/p>\n<p><a href=\"https:\/\/photos.app.goo.gl\/ffugMKoouhuJQAhR7\"><img loading=\"lazy\" decoding=\"async\" class=\"wp-image-15389 aligncenter\" src=\"https:\/\/agora.xtec.cat\/escolametllers\/wp-content\/uploads\/usu1580\/2025\/04\/1734027702142-1-768x1024.jpg\" alt=\"\" width=\"250\" height=\"333\" srcset=\"https:\/\/agora.xtec.cat\/escolametllers\/wp-content\/uploads\/usu1580\/2025\/04\/1734027702142-1-768x1024.jpg 768w, https:\/\/agora.xtec.cat\/escolametllers\/wp-content\/uploads\/usu1580\/2025\/04\/1734027702142-1-225x300.jpg 225w, https:\/\/agora.xtec.cat\/escolametllers\/wp-content\/uploads\/usu1580\/2025\/04\/1734027702142-1-1152x1536.jpg 1152w, https:\/\/agora.xtec.cat\/escolametllers\/wp-content\/uploads\/usu1580\/2025\/04\/1734027702142-1.jpg 1530w\" sizes=\"auto, (max-width: 250px) 100vw, 250px\" \/><\/a><\/p>\n<p><a href=\"https:\/\/agora.xtec.cat\/escolametllers\/wp-content\/uploads\/usu1580\/2025\/04\/Glacons-17.jpg\"><img loading=\"lazy\" decoding=\"async\" class=\"wp-image-15387 size-medium aligncenter\" src=\"https:\/\/agora.xtec.cat\/escolametllers\/wp-content\/uploads\/usu1580\/2025\/04\/Glacons-17-252x300.jpg\" alt=\"\" width=\"252\" height=\"300\" srcset=\"https:\/\/agora.xtec.cat\/escolametllers\/wp-content\/uploads\/usu1580\/2025\/04\/Glacons-17-252x300.jpg 252w, https:\/\/agora.xtec.cat\/escolametllers\/wp-content\/uploads\/usu1580\/2025\/04\/Glacons-17-860x1024.jpg 860w, https:\/\/agora.xtec.cat\/escolametllers\/wp-content\/uploads\/usu1580\/2025\/04\/Glacons-17-768x914.jpg 768w, https:\/\/agora.xtec.cat\/escolametllers\/wp-content\/uploads\/usu1580\/2025\/04\/Glacons-17.jpg 1152w\" sizes=\"auto, (max-width: 252px) 100vw, 252px\" \/><\/a><\/p>\n<p>&nbsp;<\/p>\n","protected":false},"excerpt":{"rendered":"<p>El Nadal a l&#8217;escola \u00e9s una \u00e8poca molt especial, plena d&#8217;activitats i moments \u00fanics que ajuden a compartir l&#8217;esperit nadalenc amb els infants i mestres. Hem anat a buscar el Ti\u00f3, hem fet manualitats de Nadal, ens ha vingut a veure el Fumera, hem cantat nadales, explicat contes, apr\u00e8s molt vocabulari, hem escrit la carta [&hellip;]<\/p>\n","protected":false},"author":46,"featured_media":0,"comment_status":"open","ping_status":"closed","sticky":false,"template":"","format":"standard","meta":{"_bbp_topic_count":0,"_bbp_reply_count":0,"_bbp_total_topic_count":0,"_bbp_total_reply_count":0,"_bbp_voice_count":0,"_bbp_anonymous_reply_count":0,"_bbp_topic_count_hidden":0,"_bbp_reply_count_hidden":0,"_bbp_forum_subforum_count":0,"site-sidebar-layout":"default","site-content-layout":"","ast-site-content-layout":"","site-content-style":"default","site-sidebar-style":"default","ast-global-header-display":"","ast-banner-title-visibility":"","ast-main-header-display":"","ast-hfb-above-header-display":"","ast-hfb-below-header-display":"","ast-hfb-mobile-header-display":"","site-post-title":"","ast-breadcrumbs-content":"","ast-featured-img":"","footer-sml-layout":"","theme-transparent-header-meta":"","adv-header-id-meta":"","stick-header-meta":"","header-above-stick-meta":"","header-main-stick-meta":"","header-below-stick-meta":"","astra-migrate-meta-layouts":"default","ast-page-background-enabled":"default","ast-page-background-meta":{"desktop":{"background-color":"var(--ast-global-color-4)","background-image":"","background-repeat":"repeat","background-position":"center center","background-size":"auto","background-attachment":"scroll","background-type":"","background-media":"","overlay-type":"","overlay-color":"","overlay-opacity":"","overlay-gradient":""},"tablet":{"background-color":"","background-image":"","background-repeat":"repeat","background-position":"center center","background-size":"auto","background-attachment":"scroll","background-type":"","background-media":"","overlay-type":"","overlay-color":"","overlay-opacity":"","overlay-gradient":""},"mobile":{"background-color":"","background-image":"","background-repeat":"repeat","background-position":"center center","background-size":"auto","background-attachment":"scroll","background-type":"","background-media":"","overlay-type":"","overlay-color":"","overlay-opacity":"","overlay-gradient":""}},"ast-content-background-meta":{"desktop":{"background-color":"var(--ast-global-color-5)","background-image":"","background-repeat":"repeat","background-position":"center center","background-size":"auto","background-attachment":"scroll","background-type":"","background-media":"","overlay-type":"","overlay-color":"","overlay-opacity":"","overlay-gradient":""},"tablet":{"background-color":"var(--ast-global-color-5)","background-image":"","background-repeat":"repeat","background-position":"center center","background-size":"auto","background-attachment":"scroll","background-type":"","background-media":"","overlay-type":"","overlay-color":"","overlay-opacity":"","overlay-gradient":""},"mobile":{"background-color":"var(--ast-global-color-5)","background-image":"","background-repeat":"repeat","background-position":"center center","background-size":"auto","background-attachment":"scroll","background-type":"","background-media":"","overlay-type":"","overlay-color":"","overlay-opacity":"","overlay-gradient":""}},"footnotes":""},"categories":[411,280,2],"tags":[237],"class_list":["post-15381","post","type-post","status-publish","format-standard","hentry","category-24-25","category-eib","category-infantil","tag-hivern"],"post_mailing_queue_ids":[],"_links":{"self":[{"href":"https:\/\/agora.xtec.cat\/escolametllers\/wp-json\/wp\/v2\/posts\/15381","targetHints":{"allow":["GET"]}}],"collection":[{"href":"https:\/\/agora.xtec.cat\/escolametllers\/wp-json\/wp\/v2\/posts"}],"about":[{"href":"https:\/\/agora.xtec.cat\/escolametllers\/wp-json\/wp\/v2\/types\/post"}],"author":[{"embeddable":true,"href":"https:\/\/agora.xtec.cat\/escolametllers\/wp-json\/wp\/v2\/users\/46"}],"replies":[{"embeddable":true,"href":"https:\/\/agora.xtec.cat\/escolametllers\/wp-json\/wp\/v2\/comments?post=15381"}],"version-history":[{"count":6,"href":"https:\/\/agora.xtec.cat\/escolametllers\/wp-json\/wp\/v2\/posts\/15381\/revisions"}],"predecessor-version":[{"id":15414,"href":"https:\/\/agora.xtec.cat\/escolametllers\/wp-json\/wp\/v2\/posts\/15381\/revisions\/15414"}],"wp:attachment":[{"href":"https:\/\/agora.xtec.cat\/escolametllers\/wp-json\/wp\/v2\/media?parent=15381"}],"wp:term":[{"taxonomy":"category","embeddable":true,"href":"https:\/\/agora.xtec.cat\/escolametllers\/wp-json\/wp\/v2\/categories?post=15381"},{"taxonomy":"post_tag","embeddable":true,"href":"https:\/\/agora.xtec.cat\/escolametllers\/wp-json\/wp\/v2\/tags?post=15381"}],"curies":[{"name":"wp","href":"https:\/\/api.w.org\/{rel}","templated":true}]}}