{"id":15275,"date":"2025-06-08T17:05:45","date_gmt":"2025-06-08T15:05:45","guid":{"rendered":"https:\/\/agora.xtec.cat\/escolametllers\/?p=15275"},"modified":"2025-06-09T10:16:19","modified_gmt":"2025-06-09T08:16:19","slug":"tenim-pregunta-repte","status":"publish","type":"post","link":"https:\/\/agora.xtec.cat\/escolametllers\/infantil\/eib\/tenim-pregunta-repte\/","title":{"rendered":"TENIM PREGUNTA REPTE! &#8220;COM PODEM AJUDAR LES ABELLES?&#8221;"},"content":{"rendered":"<p>Tornant de les vacances de Nadal ens van portar una capseta: no pesava i tampoc feia gens de soroll. Qu\u00e8 hi deu haver dins? Vam fer les nostres hip\u00f2tesis. En veure qu\u00e8 era vam saber que era alguna cosa relacionada amb les abelles. Vam buscar informaci\u00f3 i era un NIU DE VESPA. <a href=\"https:\/\/photos.app.goo.gl\/NCQn7upXS6dt66Ur9\"><img loading=\"lazy\" decoding=\"async\" class=\"wp-image-15276 alignright\" src=\"https:\/\/agora.xtec.cat\/escolametllers\/wp-content\/uploads\/usu1580\/2025\/03\/AIXAM-3-1024x771.jpg\" alt=\"\" width=\"149\" height=\"112\" srcset=\"https:\/\/agora.xtec.cat\/escolametllers\/wp-content\/uploads\/usu1580\/2025\/03\/AIXAM-3-1024x771.jpg 1024w, https:\/\/agora.xtec.cat\/escolametllers\/wp-content\/uploads\/usu1580\/2025\/03\/AIXAM-3-300x226.jpg 300w, https:\/\/agora.xtec.cat\/escolametllers\/wp-content\/uploads\/usu1580\/2025\/03\/AIXAM-3-768x578.jpg 768w, https:\/\/agora.xtec.cat\/escolametllers\/wp-content\/uploads\/usu1580\/2025\/03\/AIXAM-3-1536x1157.jpg 1536w, https:\/\/agora.xtec.cat\/escolametllers\/wp-content\/uploads\/usu1580\/2025\/03\/AIXAM-3-2048x1542.jpg 2048w, https:\/\/agora.xtec.cat\/escolametllers\/wp-content\/uploads\/usu1580\/2025\/03\/AIXAM-3-200x150.jpg 200w\" sizes=\"auto, (max-width: 149px) 100vw, 149px\" \/><\/a><\/p>\n<p><em><strong>Quines semblances i quines difer\u00e8ncies hi ha entre una vespa i una abella?<\/strong><\/em> Mireu qu\u00e8 hem descobert. Sabem que tant l&#8217;abella com la vespa, s\u00f3n insectes. Ara que coneixem els dos insectes, tenim clar que ens interessa m\u00e9s l&#8217;abella i, sobretot, la de la mel. Retallem tires de color blau per la nostra xarxa de relacions.<a href=\"https:\/\/photos.app.goo.gl\/kdBJX1QjyB9zxaBy5\"><img loading=\"lazy\" decoding=\"async\" class=\"wp-image-15293 alignleft\" src=\"https:\/\/agora.xtec.cat\/escolametllers\/wp-content\/uploads\/usu1580\/2025\/03\/20250226_120435-924x1024.jpg\" alt=\"\" width=\"119\" height=\"132\" srcset=\"https:\/\/agora.xtec.cat\/escolametllers\/wp-content\/uploads\/usu1580\/2025\/03\/20250226_120435-924x1024.jpg 924w, https:\/\/agora.xtec.cat\/escolametllers\/wp-content\/uploads\/usu1580\/2025\/03\/20250226_120435-271x300.jpg 271w, https:\/\/agora.xtec.cat\/escolametllers\/wp-content\/uploads\/usu1580\/2025\/03\/20250226_120435-768x851.jpg 768w, https:\/\/agora.xtec.cat\/escolametllers\/wp-content\/uploads\/usu1580\/2025\/03\/20250226_120435-1385x1536.jpg 1385w, https:\/\/agora.xtec.cat\/escolametllers\/wp-content\/uploads\/usu1580\/2025\/03\/20250226_120435-1847x2048.jpg 1847w\" sizes=\"auto, (max-width: 119px) 100vw, 119px\" \/><\/a><\/p>\n<p>La Llu\u00efsa ens va portar un article d&#8217;un diari que deia que un apicultor que es diu Toni, estava molt preocupat perqu\u00e8 se li morien les abelles i no sabia el motiu. Ens vam posar una mica tristos i nosaltres vol\u00edem ajudar el Toni. Despr\u00e9s d&#8217;una llarga conversa, ens va sembla que la nostra pregunta repte havia d&#8217;anar relacionada amb aquest tema. <em><strong>COM PODEM AJUDAR LES ABELLES?<a href=\"https:\/\/agora.xtec.cat\/escolametllers\/wp-content\/uploads\/usu1580\/2025\/03\/Pregunta-repte.jpg\"><img loading=\"lazy\" decoding=\"async\" class=\"wp-image-15300 alignright\" src=\"https:\/\/agora.xtec.cat\/escolametllers\/wp-content\/uploads\/usu1580\/2025\/03\/Pregunta-repte-1024x884.jpg\" alt=\"\" width=\"156\" height=\"135\" srcset=\"https:\/\/agora.xtec.cat\/escolametllers\/wp-content\/uploads\/usu1580\/2025\/03\/Pregunta-repte-1024x884.jpg 1024w, https:\/\/agora.xtec.cat\/escolametllers\/wp-content\/uploads\/usu1580\/2025\/03\/Pregunta-repte-300x259.jpg 300w, https:\/\/agora.xtec.cat\/escolametllers\/wp-content\/uploads\/usu1580\/2025\/03\/Pregunta-repte-768x663.jpg 768w, https:\/\/agora.xtec.cat\/escolametllers\/wp-content\/uploads\/usu1580\/2025\/03\/Pregunta-repte.jpg 1377w\" sizes=\"auto, (max-width: 156px) 100vw, 156px\" \/><\/a><\/strong><\/em><\/p>\n<p>&nbsp;<\/p>\n<p>Fem una sortida a Castellnou de Bages on el Ferran i l&#8217;Eli d&#8217;<em><strong>\u00c0nima Ess\u00e8ncia<\/strong><\/em> ens expliquen un munt de coses relacionades amb la mel i les abelles (teniu l&#8217;article amb les fotos en una altra entrada).<\/p>\n<p><em><strong>La mel t\u00e9 mem\u00f2ria? <\/strong><\/em>Hem vist que a internet hi ha un experiment que diu que la mel t\u00e9 mem\u00f2ria. Nosaltres no ens ho hem cregut per\u00f2 l&#8217;hem volgut provar. A la sortida ens van regalar un potet de mel i hem pensat que la podr\u00edem fer servir. L&#8217;experiment diu que si la mel \u00e9s pura, torna al seu estat natural ( ens far\u00e0 la forma hexagonal de les cel\u00b7les). I si a la mel li han afegit sucres, es dissoldr\u00e0 amb l&#8217;aigua. Qu\u00e8 creieu vosaltres que ha passat?<a href=\"https:\/\/photos.app.goo.gl\/WgWQk1J4C321RAPP7\"><img loading=\"lazy\" decoding=\"async\" class=\"wp-image-15295 alignleft\" src=\"https:\/\/agora.xtec.cat\/escolametllers\/wp-content\/uploads\/usu1580\/2025\/03\/IMG-20250306-WA0012-1024x1024.jpg\" alt=\"\" width=\"132\" height=\"132\" srcset=\"https:\/\/agora.xtec.cat\/escolametllers\/wp-content\/uploads\/usu1580\/2025\/03\/IMG-20250306-WA0012-1024x1024.jpg 1024w, https:\/\/agora.xtec.cat\/escolametllers\/wp-content\/uploads\/usu1580\/2025\/03\/IMG-20250306-WA0012-300x300.jpg 300w, https:\/\/agora.xtec.cat\/escolametllers\/wp-content\/uploads\/usu1580\/2025\/03\/IMG-20250306-WA0012-150x150.jpg 150w, https:\/\/agora.xtec.cat\/escolametllers\/wp-content\/uploads\/usu1580\/2025\/03\/IMG-20250306-WA0012-768x768.jpg 768w, https:\/\/agora.xtec.cat\/escolametllers\/wp-content\/uploads\/usu1580\/2025\/03\/IMG-20250306-WA0012-1536x1536.jpg 1536w, https:\/\/agora.xtec.cat\/escolametllers\/wp-content\/uploads\/usu1580\/2025\/03\/IMG-20250306-WA0012.jpg 1736w\" sizes=\"auto, (max-width: 132px) 100vw, 132px\" \/><\/a><\/p>\n<p>Ens estan sorgint m\u00e9s preguntes que anirem investigant: Morfologia de l&#8217;abella. Com neixen les abelles? Qu\u00e8 \u00e9s la pol\u00b7linitzaci\u00f3? Com \u00e9s que les cel\u00b7les tenen aquesta forma hexagonal i no s\u00f3n quadrades o rodones? Totes les mels tenen el mateix gust?&#8230;<\/p>\n<p>Ens hem convertit en <em><strong>abella obrera\u00a0<\/strong><\/em>per poder entendre millor la pol\u00b7linitzaci\u00f3: el pol\u00b7len que s&#8217;enganxa al cos pelut i a les potes, el deixen quan van a xuclar el n\u00e8ctar d&#8217;una altra flor del mateix tipus<a href=\"https:\/\/photos.app.goo.gl\/rznzixds65faz7at8\"><img loading=\"lazy\" decoding=\"async\" class=\"wp-image-15345 alignright\" src=\"https:\/\/agora.xtec.cat\/escolametllers\/wp-content\/uploads\/usu1580\/2025\/03\/IMG-20250313-WA0008-169x300.jpg\" alt=\"\" width=\"97\" height=\"172\" srcset=\"https:\/\/agora.xtec.cat\/escolametllers\/wp-content\/uploads\/usu1580\/2025\/03\/IMG-20250313-WA0008-169x300.jpg 169w, https:\/\/agora.xtec.cat\/escolametllers\/wp-content\/uploads\/usu1580\/2025\/03\/IMG-20250313-WA0008-576x1024.jpg 576w, https:\/\/agora.xtec.cat\/escolametllers\/wp-content\/uploads\/usu1580\/2025\/03\/IMG-20250313-WA0008-768x1365.jpg 768w, https:\/\/agora.xtec.cat\/escolametllers\/wp-content\/uploads\/usu1580\/2025\/03\/IMG-20250313-WA0008-864x1536.jpg 864w, https:\/\/agora.xtec.cat\/escolametllers\/wp-content\/uploads\/usu1580\/2025\/03\/IMG-20250313-WA0008-1152x2048.jpg 1152w, https:\/\/agora.xtec.cat\/escolametllers\/wp-content\/uploads\/usu1580\/2025\/03\/IMG-20250313-WA0008-scaled.jpg 1440w\" sizes=\"auto, (max-width: 97px) 100vw, 97px\" \/><\/a>. Per exemple: vam veure una abella xuclant el n\u00e8ctar d&#8217;una flor de l&#8217;ametller de l&#8217;entrada, doncs aquella abella nom\u00e9s visitar\u00e0 flors d&#8217;ametller fins que torni al rusc carregada de n\u00e8ctar i de pol\u00b7len.<\/p>\n<p>Les abelles tenen els ulls diferents als nostres, en tenen 5: 3 de simples i 2 de compostos. Les flors les veuen de diferent color que nosaltres, aix\u00f2 les ajuda a localitzar les flors mel\u00edferes, aquelles que fabriquen un l\u00edquid dol\u00e7 que encanta a les abelles: el N\u00c8CT<a href=\"https:\/\/photos.app.goo.gl\/Rgbv4Qm9V1zmmZC29\"><img loading=\"lazy\" decoding=\"async\" class=\"wp-image-15373 alignleft\" src=\"https:\/\/agora.xtec.cat\/escolametllers\/wp-content\/uploads\/usu1580\/2025\/03\/20250326_101422-300x300.jpg\" alt=\"\" width=\"148\" height=\"148\" srcset=\"https:\/\/agora.xtec.cat\/escolametllers\/wp-content\/uploads\/usu1580\/2025\/03\/20250326_101422-300x300.jpg 300w, https:\/\/agora.xtec.cat\/escolametllers\/wp-content\/uploads\/usu1580\/2025\/03\/20250326_101422-150x150.jpg 150w, https:\/\/agora.xtec.cat\/escolametllers\/wp-content\/uploads\/usu1580\/2025\/03\/20250326_101422-768x768.jpg 768w, https:\/\/agora.xtec.cat\/escolametllers\/wp-content\/uploads\/usu1580\/2025\/03\/20250326_101422-rotated.jpg 1024w\" sizes=\"auto, (max-width: 148px) 100vw, 148px\" \/><\/a>AR.<br \/>\nAmb el n\u00e8ctar de les flors fan la MEL.<br \/>\nEns hem volgut tornar a convertir en abelles obreres per poder veure les flors com elles.<br \/>\nPer acabar l\u2019activitat, ens hem imaginat i pintat com veuria una flor una abella.<\/p>\n<p>&nbsp;<\/p>\n<p>La maqueta d&#8217;insecte que ens ha fet la Llu\u00efsa, ens ha anat molt b\u00e9 per saber les seves parts: c<a href=\"https:\/\/photos.app.goo.gl\/RZePYqTkTnDgUxDE8\"><img loading=\"lazy\" decoding=\"async\" class=\"wp-image-15417 alignright\" src=\"https:\/\/agora.xtec.cat\/escolametllers\/wp-content\/uploads\/usu1580\/2025\/03\/IMG-20250405-WA0054-300x300.jpg\" alt=\"\" width=\"123\" height=\"123\" srcset=\"https:\/\/agora.xtec.cat\/escolametllers\/wp-content\/uploads\/usu1580\/2025\/03\/IMG-20250405-WA0054-300x300.jpg 300w, https:\/\/agora.xtec.cat\/escolametllers\/wp-content\/uploads\/usu1580\/2025\/03\/IMG-20250405-WA0054-1024x1024.jpg 1024w, https:\/\/agora.xtec.cat\/escolametllers\/wp-content\/uploads\/usu1580\/2025\/03\/IMG-20250405-WA0054-150x150.jpg 150w, https:\/\/agora.xtec.cat\/escolametllers\/wp-content\/uploads\/usu1580\/2025\/03\/IMG-20250405-WA0054-768x768.jpg 768w, https:\/\/agora.xtec.cat\/escolametllers\/wp-content\/uploads\/usu1580\/2025\/03\/IMG-20250405-WA0054-1536x1536.jpg 1536w, https:\/\/agora.xtec.cat\/escolametllers\/wp-content\/uploads\/usu1580\/2025\/03\/IMG-20250405-WA0054.jpg 1736w\" sizes=\"auto, (max-width: 123px) 100vw, 123px\" \/><\/a>ap, t\u00f2rax i abdomen. Tamb\u00e9 per poder comptar i saber quantes potes tenen, quantes antenes, ales,&#8230;<\/p>\n<p>Fa uns dies que \u00e9s primavera i sortim al pati i a l&#8217;hort a buscar animalons,\u00a0 per\u00f2 nom\u00e9s trobem formigues, cucs i algun escarabat!<\/p>\n<p>No trobem cap abella, potser el Toni t\u00e9 ra\u00f3 que les abelles estan desapareixent. <a href=\"https:\/\/photos.app.goo.gl\/JLdHAqvNQ3S3W6FJ6\"><img loading=\"lazy\" decoding=\"async\" class=\"wp-image-15418 alignleft\" src=\"https:\/\/agora.xtec.cat\/escolametllers\/wp-content\/uploads\/usu1580\/2025\/03\/IMG-20250401-WA0038-225x300.jpg\" alt=\"\" width=\"101\" height=\"135\" srcset=\"https:\/\/agora.xtec.cat\/escolametllers\/wp-content\/uploads\/usu1580\/2025\/03\/IMG-20250401-WA0038-225x300.jpg 225w, https:\/\/agora.xtec.cat\/escolametllers\/wp-content\/uploads\/usu1580\/2025\/03\/IMG-20250401-WA0038-768x1024.jpg 768w, https:\/\/agora.xtec.cat\/escolametllers\/wp-content\/uploads\/usu1580\/2025\/03\/IMG-20250401-WA0038-1152x1536.jpg 1152w, https:\/\/agora.xtec.cat\/escolametllers\/wp-content\/uploads\/usu1580\/2025\/03\/IMG-20250401-WA0038.jpg 1200w\" sizes=\"auto, (max-width: 101px) 100vw, 101px\" \/><\/a><\/p>\n<p>Sabem que a la classe de la tribu Inu\u00eft tamb\u00e9 estan preocupades i preocupats per als seus insectes bast\u00f3. Ens expliquen que tot i preparar molt b\u00e9 el terrari, els insectes no s&#8217;acaben de sentir b\u00e9 i han arribat a la conclusi\u00f3 que potser volen viure en llibertat.<\/p>\n<p>Ens trobem les dues classes a l&#8217;aula de llums per exposar els nostres problemes i qu\u00e8 podem fer per solucionar-los.<\/p>\n<p>Fem votacions i decidim que nosaltres de pro<a href=\"https:\/\/photos.app.goo.gl\/fmdJWqXq4Mv6SsMHA\"><img loading=\"lazy\" decoding=\"async\" class=\"wp-image-15426 alignleft\" src=\"https:\/\/agora.xtec.cat\/escolametllers\/wp-content\/uploads\/usu1580\/2025\/03\/IMG-20250402-WA0016-225x300.jpg\" alt=\"\" width=\"90\" height=\"120\" srcset=\"https:\/\/agora.xtec.cat\/escolametllers\/wp-content\/uploads\/usu1580\/2025\/03\/IMG-20250402-WA0016-225x300.jpg 225w, https:\/\/agora.xtec.cat\/escolametllers\/wp-content\/uploads\/usu1580\/2025\/03\/IMG-20250402-WA0016-768x1024.jpg 768w, https:\/\/agora.xtec.cat\/escolametllers\/wp-content\/uploads\/usu1580\/2025\/03\/IMG-20250402-WA0016-1152x1536.jpg 1152w, https:\/\/agora.xtec.cat\/escolametllers\/wp-content\/uploads\/usu1580\/2025\/03\/IMG-20250402-WA0016.jpg 1200w\" sizes=\"auto, (max-width: 90px) 100vw, 90px\" \/><\/a>ducte final farem <strong>UN HOTEL D&#8217;INSECTES<\/strong>.<a href=\"https:\/\/photos.app.goo.gl\/kns2pD1KfNzAua5w5\"><img loading=\"lazy\" decoding=\"async\" class=\"alignnone wp-image-15428\" src=\"https:\/\/agora.xtec.cat\/escolametllers\/wp-content\/uploads\/usu1580\/2025\/03\/IMG-20250405-WA0033-300x300.jpg\" alt=\"\" width=\"104\" height=\"104\" srcset=\"https:\/\/agora.xtec.cat\/escolametllers\/wp-content\/uploads\/usu1580\/2025\/03\/IMG-20250405-WA0033-300x300.jpg 300w, https:\/\/agora.xtec.cat\/escolametllers\/wp-content\/uploads\/usu1580\/2025\/03\/IMG-20250405-WA0033-1024x1024.jpg 1024w, https:\/\/agora.xtec.cat\/escolametllers\/wp-content\/uploads\/usu1580\/2025\/03\/IMG-20250405-WA0033-150x150.jpg 150w, https:\/\/agora.xtec.cat\/escolametllers\/wp-content\/uploads\/usu1580\/2025\/03\/IMG-20250405-WA0033-768x768.jpg 768w, https:\/\/agora.xtec.cat\/escolametllers\/wp-content\/uploads\/usu1580\/2025\/03\/IMG-20250405-WA0033-1536x1536.jpg 1536w, https:\/\/agora.xtec.cat\/escolametllers\/wp-content\/uploads\/usu1580\/2025\/03\/IMG-20250405-WA0033.jpg 1736w\" sizes=\"auto, (max-width: 104px) 100vw, 104px\" \/><\/a><\/p>\n<p>L&#8217;Eira de la tribu Inu\u00eft ha portat un un esquelet d&#8217;ocell i ens ha anat molt b\u00e9 per comprovar si l&#8217;<strong>ABELLA <\/strong>t\u00e9 esquelet. I sabeu qu\u00e8? <strong>T\u00e9 exoesquelet!!!<a href=\"https:\/\/photos.app.goo.gl\/m5XdsuhVAPJLkyG96\"><img loading=\"lazy\" decoding=\"async\" class=\"alignnone wp-image-15429\" src=\"https:\/\/agora.xtec.cat\/escolametllers\/wp-content\/uploads\/usu1580\/2025\/03\/IMG-20250403-WA0012-300x300.jpg\" alt=\"\" width=\"116\" height=\"116\" srcset=\"https:\/\/agora.xtec.cat\/escolametllers\/wp-content\/uploads\/usu1580\/2025\/03\/IMG-20250403-WA0012-300x300.jpg 300w, https:\/\/agora.xtec.cat\/escolametllers\/wp-content\/uploads\/usu1580\/2025\/03\/IMG-20250403-WA0012-1024x1024.jpg 1024w, https:\/\/agora.xtec.cat\/escolametllers\/wp-content\/uploads\/usu1580\/2025\/03\/IMG-20250403-WA0012-150x150.jpg 150w, https:\/\/agora.xtec.cat\/escolametllers\/wp-content\/uploads\/usu1580\/2025\/03\/IMG-20250403-WA0012-768x768.jpg 768w, https:\/\/agora.xtec.cat\/escolametllers\/wp-content\/uploads\/usu1580\/2025\/03\/IMG-20250403-WA0012-1536x1536.jpg 1536w, https:\/\/agora.xtec.cat\/escolametllers\/wp-content\/uploads\/usu1580\/2025\/03\/IMG-20250403-WA0012.jpg 1736w\" sizes=\"auto, (max-width: 116px) 100vw, 116px\" \/><\/a><\/strong><\/p>\n<p><strong>Qu\u00e8 necessitem per fer l&#8217;hotel d&#8217;insectes? <\/strong>Convidem les fam\u00edlies perqu\u00e8 ens ajudin a polir i posar oli de llinosa al palet i les fustes que farem servir per a fer l&#8217;hotel. Clavem les fustes que faran d&#8217;habitacions i a la pissarra fem una llista de les coses que necessitarem per tal que els insectes estiguin c\u00f2modes.<\/p>\n<p>Un cop fet ara nom\u00e9s queda trobar un lloc on posar-lo:<a href=\"https:\/\/photos.app.goo.gl\/4HKo4XwEEJL7UwJn9\"><img loading=\"lazy\" decoding=\"async\" class=\"wp-image-15819 alignright\" src=\"https:\/\/agora.xtec.cat\/escolametllers\/wp-content\/uploads\/usu1580\/2025\/04\/20250523_121234-1-300x300.jpg\" alt=\"\" width=\"81\" height=\"81\" srcset=\"https:\/\/agora.xtec.cat\/escolametllers\/wp-content\/uploads\/usu1580\/2025\/04\/20250523_121234-1-300x300.jpg 300w, https:\/\/agora.xtec.cat\/escolametllers\/wp-content\/uploads\/usu1580\/2025\/04\/20250523_121234-1-1024x1024.jpg 1024w, https:\/\/agora.xtec.cat\/escolametllers\/wp-content\/uploads\/usu1580\/2025\/04\/20250523_121234-1-150x150.jpg 150w, https:\/\/agora.xtec.cat\/escolametllers\/wp-content\/uploads\/usu1580\/2025\/04\/20250523_121234-1-768x768.jpg 768w, https:\/\/agora.xtec.cat\/escolametllers\/wp-content\/uploads\/usu1580\/2025\/04\/20250523_121234-1-1536x1536.jpg 1536w, https:\/\/agora.xtec.cat\/escolametllers\/wp-content\/uploads\/usu1580\/2025\/04\/20250523_121234-1-rotated.jpg 1736w\" sizes=\"auto, (max-width: 81px) 100vw, 81px\" \/><\/a> <strong>El millor lloc \u00e9s l&#8217;hort de l&#8217;escola<\/strong>.<\/p>\n<p><strong>Contestem la nostra pregunta repte: Com podem ajudar les abelles?\u00a0<\/strong>Per contestar la nostra pregunta repte visionem un v\u00eddeo que ens ajuda a saber qu\u00e8 els passa a les abelles i qu\u00e8 podem fer per ajudar-les. Acordem fer un v\u00eddeo per a passar-lo el dia de l&#8217;exposici\u00f3 a les fam\u00edlies.<a href=\"https:\/\/agora.xtec.cat\/escolametllers\/wp-content\/uploads\/usu1580\/2025\/04\/COM-PODEM-AJUDAR-LES-ABELLES_page-0001-scaled.jpg\"><img loading=\"lazy\" decoding=\"async\" class=\"wp-image-15820 aligncenter\" src=\"https:\/\/agora.xtec.cat\/escolametllers\/wp-content\/uploads\/usu1580\/2025\/04\/COM-PODEM-AJUDAR-LES-ABELLES_page-0001-300x169.jpg\" alt=\"\" width=\"208\" height=\"117\" srcset=\"https:\/\/agora.xtec.cat\/escolametllers\/wp-content\/uploads\/usu1580\/2025\/04\/COM-PODEM-AJUDAR-LES-ABELLES_page-0001-300x169.jpg 300w, https:\/\/agora.xtec.cat\/escolametllers\/wp-content\/uploads\/usu1580\/2025\/04\/COM-PODEM-AJUDAR-LES-ABELLES_page-0001-1024x576.jpg 1024w, https:\/\/agora.xtec.cat\/escolametllers\/wp-content\/uploads\/usu1580\/2025\/04\/COM-PODEM-AJUDAR-LES-ABELLES_page-0001-768x432.jpg 768w, https:\/\/agora.xtec.cat\/escolametllers\/wp-content\/uploads\/usu1580\/2025\/04\/COM-PODEM-AJUDAR-LES-ABELLES_page-0001-1536x864.jpg 1536w, https:\/\/agora.xtec.cat\/escolametllers\/wp-content\/uploads\/usu1580\/2025\/04\/COM-PODEM-AJUDAR-LES-ABELLES_page-0001-2048x1152.jpg 2048w\" sizes=\"auto, (max-width: 208px) 100vw, 208px\" \/><\/a><\/p>\n<p>Per entendre qu\u00e8 s\u00f3n els productes de proximitat anem a l&#8217;hort a collir maduixes i plantar enciams, i quan siguin grans farem una amanida!!!<\/p>\n<p><a href=\"https:\/\/photos.app.goo.gl\/4HPNoVFvyZ8dLLzX7\"><img loading=\"lazy\" decoding=\"async\" class=\"wp-image-15821 alignnone\" src=\"https:\/\/agora.xtec.cat\/escolametllers\/wp-content\/uploads\/usu1580\/2025\/04\/IMG_2320-169x300.jpg\" alt=\"\" width=\"73\" height=\"130\" srcset=\"https:\/\/agora.xtec.cat\/escolametllers\/wp-content\/uploads\/usu1580\/2025\/04\/IMG_2320-169x300.jpg 169w, https:\/\/agora.xtec.cat\/escolametllers\/wp-content\/uploads\/usu1580\/2025\/04\/IMG_2320-576x1024.jpg 576w, https:\/\/agora.xtec.cat\/escolametllers\/wp-content\/uploads\/usu1580\/2025\/04\/IMG_2320-768x1365.jpg 768w, https:\/\/agora.xtec.cat\/escolametllers\/wp-content\/uploads\/usu1580\/2025\/04\/IMG_2320-864x1536.jpg 864w, https:\/\/agora.xtec.cat\/escolametllers\/wp-content\/uploads\/usu1580\/2025\/04\/IMG_2320-1152x2048.jpg 1152w, https:\/\/agora.xtec.cat\/escolametllers\/wp-content\/uploads\/usu1580\/2025\/04\/IMG_2320-scaled.jpg 1440w\" sizes=\"auto, (max-width: 73px) 100vw, 73px\" \/><\/a><\/p>\n<p>Ha arribat el moment de fer <strong>l&#8217;exposici\u00f3 del projecte a les fam\u00edlies<\/strong>: A principi est\u00e0vem una mica nerviosos. Les fam\u00edlies ens han felicitat per tota la feina feta. Els ha agradat molt.<a href=\"https:\/\/photos.app.goo.gl\/W7hvp4HiyfrqnGd8A\"><img loading=\"lazy\" decoding=\"async\" class=\"size-medium wp-image-15822 alignleft\" src=\"https:\/\/agora.xtec.cat\/escolametllers\/wp-content\/uploads\/usu1580\/2025\/04\/WhatsApp-Image-2025-05-25-at-19.53.36-1-300x225.jpeg\" alt=\"\" width=\"300\" height=\"225\" srcset=\"https:\/\/agora.xtec.cat\/escolametllers\/wp-content\/uploads\/usu1580\/2025\/04\/WhatsApp-Image-2025-05-25-at-19.53.36-1-300x225.jpeg 300w, https:\/\/agora.xtec.cat\/escolametllers\/wp-content\/uploads\/usu1580\/2025\/04\/WhatsApp-Image-2025-05-25-at-19.53.36-1-1024x768.jpeg 1024w, https:\/\/agora.xtec.cat\/escolametllers\/wp-content\/uploads\/usu1580\/2025\/04\/WhatsApp-Image-2025-05-25-at-19.53.36-1-768x576.jpeg 768w, https:\/\/agora.xtec.cat\/escolametllers\/wp-content\/uploads\/usu1580\/2025\/04\/WhatsApp-Image-2025-05-25-at-19.53.36-1-1536x1152.jpeg 1536w, https:\/\/agora.xtec.cat\/escolametllers\/wp-content\/uploads\/usu1580\/2025\/04\/WhatsApp-Image-2025-05-25-at-19.53.36-1-200x150.jpeg 200w, https:\/\/agora.xtec.cat\/escolametllers\/wp-content\/uploads\/usu1580\/2025\/04\/WhatsApp-Image-2025-05-25-at-19.53.36-1.jpeg 2040w\" sizes=\"auto, (max-width: 300px) 100vw, 300px\" \/><\/a><\/p>\n<p>El cos\u00ed de la Carla, l&#8217;Hugo, ens ha regalat un pot de mel de les seves abelles. <strong>Hem fet un berenar<\/strong>.<\/p>\n<p>&nbsp;<\/p>\n<p>&nbsp;<\/p>\n<p>&nbsp;<\/p>\n<p>&nbsp;<\/p>\n<p>Gr\u00e0cies Hugo, era molt bona la mel!!<a href=\"https:\/\/photos.app.goo.gl\/PcbuHCaBwQqyewCw7\"><img loading=\"lazy\" decoding=\"async\" class=\"wp-image-15823 alignleft\" src=\"https:\/\/agora.xtec.cat\/escolametllers\/wp-content\/uploads\/usu1580\/2025\/04\/WhatsApp-Image-2025-05-23-at-13.32.12-169x300.jpeg\" alt=\"\" width=\"72\" height=\"128\" srcset=\"https:\/\/agora.xtec.cat\/escolametllers\/wp-content\/uploads\/usu1580\/2025\/04\/WhatsApp-Image-2025-05-23-at-13.32.12-169x300.jpeg 169w, https:\/\/agora.xtec.cat\/escolametllers\/wp-content\/uploads\/usu1580\/2025\/04\/WhatsApp-Image-2025-05-23-at-13.32.12-576x1024.jpeg 576w, https:\/\/agora.xtec.cat\/escolametllers\/wp-content\/uploads\/usu1580\/2025\/04\/WhatsApp-Image-2025-05-23-at-13.32.12-768x1365.jpeg 768w, https:\/\/agora.xtec.cat\/escolametllers\/wp-content\/uploads\/usu1580\/2025\/04\/WhatsApp-Image-2025-05-23-at-13.32.12-864x1536.jpeg 864w, https:\/\/agora.xtec.cat\/escolametllers\/wp-content\/uploads\/usu1580\/2025\/04\/WhatsApp-Image-2025-05-23-at-13.32.12-1152x2048.jpeg 1152w, https:\/\/agora.xtec.cat\/escolametllers\/wp-content\/uploads\/usu1580\/2025\/04\/WhatsApp-Image-2025-05-23-at-13.32.12-scaled.jpeg 1440w\" sizes=\"auto, (max-width: 72px) 100vw, 72px\" \/><\/a><\/p>\n<p>&nbsp;<\/p>\n<p>I fins aqu\u00ed el nostre projecte. Aquesta \u00e9s la nostra <strong>xarxa de relacions<\/strong>&#8230;<\/p>\n<p><a href=\"https:\/\/agora.xtec.cat\/escolametllers\/wp-content\/uploads\/usu1580\/2025\/04\/Xarxa-de-relacions.jpg\"><img loading=\"lazy\" decoding=\"async\" class=\"wp-image-15824 aligncenter\" src=\"https:\/\/agora.xtec.cat\/escolametllers\/wp-content\/uploads\/usu1580\/2025\/04\/Xarxa-de-relacions-300x169.jpg\" alt=\"\" width=\"353\" height=\"199\" srcset=\"https:\/\/agora.xtec.cat\/escolametllers\/wp-content\/uploads\/usu1580\/2025\/04\/Xarxa-de-relacions-300x169.jpg 300w, https:\/\/agora.xtec.cat\/escolametllers\/wp-content\/uploads\/usu1580\/2025\/04\/Xarxa-de-relacions-1024x577.jpg 1024w, https:\/\/agora.xtec.cat\/escolametllers\/wp-content\/uploads\/usu1580\/2025\/04\/Xarxa-de-relacions-768x432.jpg 768w, https:\/\/agora.xtec.cat\/escolametllers\/wp-content\/uploads\/usu1580\/2025\/04\/Xarxa-de-relacions-1536x865.jpg 1536w, https:\/\/agora.xtec.cat\/escolametllers\/wp-content\/uploads\/usu1580\/2025\/04\/Xarxa-de-relacions-2048x1153.jpg 2048w\" sizes=\"auto, (max-width: 353px) 100vw, 353px\" \/><\/a><\/p>\n<p>&nbsp;<\/p>\n","protected":false},"excerpt":{"rendered":"<p>Tornant de les vacances de Nadal ens van portar una capseta: no pesava i tampoc feia gens de soroll. Qu\u00e8 hi deu haver dins? Vam fer les nostres hip\u00f2tesis. En veure qu\u00e8 era vam saber que era alguna cosa relacionada amb les abelles. Vam buscar informaci\u00f3 i era un NIU DE VESPA. Quines semblances i [&hellip;]<\/p>\n","protected":false},"author":1,"featured_media":0,"comment_status":"open","ping_status":"closed","sticky":false,"template":"","format":"standard","meta":{"_bbp_topic_count":0,"_bbp_reply_count":0,"_bbp_total_topic_count":0,"_bbp_total_reply_count":0,"_bbp_voice_count":0,"_bbp_anonymous_reply_count":0,"_bbp_topic_count_hidden":0,"_bbp_reply_count_hidden":0,"_bbp_forum_subforum_count":0,"site-sidebar-layout":"default","site-content-layout":"","ast-site-content-layout":"","site-content-style":"default","site-sidebar-style":"default","ast-global-header-display":"","ast-banner-title-visibility":"","ast-main-header-display":"","ast-hfb-above-header-display":"","ast-hfb-below-header-display":"","ast-hfb-mobile-header-display":"","site-post-title":"","ast-breadcrumbs-content":"","ast-featured-img":"","footer-sml-layout":"","theme-transparent-header-meta":"","adv-header-id-meta":"","stick-header-meta":"","header-above-stick-meta":"","header-main-stick-meta":"","header-below-stick-meta":"","astra-migrate-meta-layouts":"default","ast-page-background-enabled":"default","ast-page-background-meta":{"desktop":{"background-color":"var(--ast-global-color-4)","background-image":"","background-repeat":"repeat","background-position":"center center","background-size":"auto","background-attachment":"scroll","background-type":"","background-media":"","overlay-type":"","overlay-color":"","overlay-opacity":"","overlay-gradient":""},"tablet":{"background-color":"","background-image":"","background-repeat":"repeat","background-position":"center center","background-size":"auto","background-attachment":"scroll","background-type":"","background-media":"","overlay-type":"","overlay-color":"","overlay-opacity":"","overlay-gradient":""},"mobile":{"background-color":"","background-image":"","background-repeat":"repeat","background-position":"center center","background-size":"auto","background-attachment":"scroll","background-type":"","background-media":"","overlay-type":"","overlay-color":"","overlay-opacity":"","overlay-gradient":""}},"ast-content-background-meta":{"desktop":{"background-color":"var(--ast-global-color-5)","background-image":"","background-repeat":"repeat","background-position":"center center","background-size":"auto","background-attachment":"scroll","background-type":"","background-media":"","overlay-type":"","overlay-color":"","overlay-opacity":"","overlay-gradient":""},"tablet":{"background-color":"var(--ast-global-color-5)","background-image":"","background-repeat":"repeat","background-position":"center center","background-size":"auto","background-attachment":"scroll","background-type":"","background-media":"","overlay-type":"","overlay-color":"","overlay-opacity":"","overlay-gradient":""},"mobile":{"background-color":"var(--ast-global-color-5)","background-image":"","background-repeat":"repeat","background-position":"center center","background-size":"auto","background-attachment":"scroll","background-type":"","background-media":"","overlay-type":"","overlay-color":"","overlay-opacity":"","overlay-gradient":""}},"footnotes":""},"categories":[411,280],"tags":[204],"class_list":["post-15275","post","type-post","status-publish","format-standard","hentry","category-24-25","category-eib","tag-projectes"],"post_mailing_queue_ids":[],"_links":{"self":[{"href":"https:\/\/agora.xtec.cat\/escolametllers\/wp-json\/wp\/v2\/posts\/15275","targetHints":{"allow":["GET"]}}],"collection":[{"href":"https:\/\/agora.xtec.cat\/escolametllers\/wp-json\/wp\/v2\/posts"}],"about":[{"href":"https:\/\/agora.xtec.cat\/escolametllers\/wp-json\/wp\/v2\/types\/post"}],"author":[{"embeddable":true,"href":"https:\/\/agora.xtec.cat\/escolametllers\/wp-json\/wp\/v2\/users\/1"}],"replies":[{"embeddable":true,"href":"https:\/\/agora.xtec.cat\/escolametllers\/wp-json\/wp\/v2\/comments?post=15275"}],"version-history":[{"count":6,"href":"https:\/\/agora.xtec.cat\/escolametllers\/wp-json\/wp\/v2\/posts\/15275\/revisions"}],"predecessor-version":[{"id":15836,"href":"https:\/\/agora.xtec.cat\/escolametllers\/wp-json\/wp\/v2\/posts\/15275\/revisions\/15836"}],"wp:attachment":[{"href":"https:\/\/agora.xtec.cat\/escolametllers\/wp-json\/wp\/v2\/media?parent=15275"}],"wp:term":[{"taxonomy":"category","embeddable":true,"href":"https:\/\/agora.xtec.cat\/escolametllers\/wp-json\/wp\/v2\/categories?post=15275"},{"taxonomy":"post_tag","embeddable":true,"href":"https:\/\/agora.xtec.cat\/escolametllers\/wp-json\/wp\/v2\/tags?post=15275"}],"curies":[{"name":"wp","href":"https:\/\/api.w.org\/{rel}","templated":true}]}}