{"id":15242,"date":"2025-03-04T21:53:06","date_gmt":"2025-03-04T20:53:06","guid":{"rendered":"https:\/\/agora.xtec.cat\/escolametllers\/?p=15242"},"modified":"2025-03-04T21:53:06","modified_gmt":"2025-03-04T20:53:06","slug":"sortida-descobreix-el-mon-de-la-mel","status":"publish","type":"post","link":"https:\/\/agora.xtec.cat\/escolametllers\/infantil\/sortida-descobreix-el-mon-de-la-mel\/","title":{"rendered":"Sortida: DESCOBREIX EL M\u00d3N DE LA MEL"},"content":{"rendered":"<p>Hem anat a Castellnou de Bages a con\u00e8ixer el m\u00f3n de les abelles de la mel. Quan hem arribat amb l\u2019autob\u00fas, el Ferran ja ens esperava, a l\u2019arribar a la casa hem conegut l\u2019Eli. Ells dos han estat els apicultors que ens han acompanyat durant la visita i ens han explicat un munt de coses.<\/p>\n<p>Un cop hem agafat for\u00e7a amb l\u2019esmorzar, hem comen\u00e7at \u00a0l\u2019aventura de con\u00e8ixer tot sobre el m\u00f3n de les abelles i la seva import\u00e0ncia.<br \/>\nHem fet un recorregut divertit per la hist\u00f2ria de les abelles i la seva evoluci\u00f3, hem conegut \u00a0la seva morfologia, ens han explicat la feina dels apicultors i perqu\u00e8 \u00e9s tan important.<br \/>\nLa part m\u00e9s emocionant de la jornada ha estat vestir-nos com \u00a0aut\u00e8ntics apicultors i apicultores i anar a veure les abelles en el seu h\u00e0bitat, a casa seva, el rusc.<\/p>\n<p>Despr\u00e9s de dinar, hem fet la nostra espelma i hem decorat el nostre pot de mel.<\/p>\n<p>Gr\u00e0cies Eli i Ferran d\u2019\u00c0NIMA ESS\u00c8NCIES per la jornada tan especial que ens heu fet passar.<\/p>\n<p><a href=\"https:\/\/photos.app.goo.gl\/3zbbLpA1S3LakwbZA\"><img loading=\"lazy\" decoding=\"async\" class=\"alignnone size-large wp-image-15243\" src=\"https:\/\/agora.xtec.cat\/escolametllers\/wp-content\/uploads\/usu1580\/2025\/03\/IMG-20250304-WA0125-1024x768.jpg\" alt=\"\" width=\"1024\" height=\"768\" srcset=\"https:\/\/agora.xtec.cat\/escolametllers\/wp-content\/uploads\/usu1580\/2025\/03\/IMG-20250304-WA0125-1024x768.jpg 1024w, https:\/\/agora.xtec.cat\/escolametllers\/wp-content\/uploads\/usu1580\/2025\/03\/IMG-20250304-WA0125-300x225.jpg 300w, https:\/\/agora.xtec.cat\/escolametllers\/wp-content\/uploads\/usu1580\/2025\/03\/IMG-20250304-WA0125-768x576.jpg 768w, https:\/\/agora.xtec.cat\/escolametllers\/wp-content\/uploads\/usu1580\/2025\/03\/IMG-20250304-WA0125-1536x1152.jpg 1536w, https:\/\/agora.xtec.cat\/escolametllers\/wp-content\/uploads\/usu1580\/2025\/03\/IMG-20250304-WA0125-200x150.jpg 200w, https:\/\/agora.xtec.cat\/escolametllers\/wp-content\/uploads\/usu1580\/2025\/03\/IMG-20250304-WA0125.jpg 1600w\" sizes=\"auto, (max-width: 1024px) 100vw, 1024px\" \/><\/a><\/p>\n","protected":false},"excerpt":{"rendered":"<p>Hem anat a Castellnou de Bages a con\u00e8ixer el m\u00f3n de les abelles de la mel. Quan hem arribat amb l\u2019autob\u00fas, el Ferran ja ens esperava, a l\u2019arribar a la casa hem conegut l\u2019Eli. Ells dos han estat els apicultors que ens han acompanyat durant la visita i ens han explicat un munt de coses. [&hellip;]<\/p>\n","protected":false},"author":1,"featured_media":0,"comment_status":"open","ping_status":"closed","sticky":false,"template":"","format":"standard","meta":{"_bbp_topic_count":0,"_bbp_reply_count":0,"_bbp_total_topic_count":0,"_bbp_total_reply_count":0,"_bbp_voice_count":0,"_bbp_anonymous_reply_count":0,"_bbp_topic_count_hidden":0,"_bbp_reply_count_hidden":0,"_bbp_forum_subforum_count":0,"site-sidebar-layout":"default","site-content-layout":"","ast-site-content-layout":"","site-content-style":"default","site-sidebar-style":"default","ast-global-header-display":"","ast-banner-title-visibility":"","ast-main-header-display":"","ast-hfb-above-header-display":"","ast-hfb-below-header-display":"","ast-hfb-mobile-header-display":"","site-post-title":"","ast-breadcrumbs-content":"","ast-featured-img":"","footer-sml-layout":"","theme-transparent-header-meta":"","adv-header-id-meta":"","stick-header-meta":"","header-above-stick-meta":"","header-main-stick-meta":"","header-below-stick-meta":"","astra-migrate-meta-layouts":"default","ast-page-background-enabled":"default","ast-page-background-meta":{"desktop":{"background-color":"var(--ast-global-color-4)","background-image":"","background-repeat":"repeat","background-position":"center center","background-size":"auto","background-attachment":"scroll","background-type":"","background-media":"","overlay-type":"","overlay-color":"","overlay-opacity":"","overlay-gradient":""},"tablet":{"background-color":"","background-image":"","background-repeat":"repeat","background-position":"center center","background-size":"auto","background-attachment":"scroll","background-type":"","background-media":"","overlay-type":"","overlay-color":"","overlay-opacity":"","overlay-gradient":""},"mobile":{"background-color":"","background-image":"","background-repeat":"repeat","background-position":"center center","background-size":"auto","background-attachment":"scroll","background-type":"","background-media":"","overlay-type":"","overlay-color":"","overlay-opacity":"","overlay-gradient":""}},"ast-content-background-meta":{"desktop":{"background-color":"var(--ast-global-color-5)","background-image":"","background-repeat":"repeat","background-position":"center center","background-size":"auto","background-attachment":"scroll","background-type":"","background-media":"","overlay-type":"","overlay-color":"","overlay-opacity":"","overlay-gradient":""},"tablet":{"background-color":"var(--ast-global-color-5)","background-image":"","background-repeat":"repeat","background-position":"center center","background-size":"auto","background-attachment":"scroll","background-type":"","background-media":"","overlay-type":"","overlay-color":"","overlay-opacity":"","overlay-gradient":""},"mobile":{"background-color":"var(--ast-global-color-5)","background-image":"","background-repeat":"repeat","background-position":"center center","background-size":"auto","background-attachment":"scroll","background-type":"","background-media":"","overlay-type":"","overlay-color":"","overlay-opacity":"","overlay-gradient":""}},"footnotes":""},"categories":[411,280,2],"tags":[16],"class_list":["post-15242","post","type-post","status-publish","format-standard","hentry","category-24-25","category-eib","category-infantil","tag-sortides"],"post_mailing_queue_ids":[],"_links":{"self":[{"href":"https:\/\/agora.xtec.cat\/escolametllers\/wp-json\/wp\/v2\/posts\/15242","targetHints":{"allow":["GET"]}}],"collection":[{"href":"https:\/\/agora.xtec.cat\/escolametllers\/wp-json\/wp\/v2\/posts"}],"about":[{"href":"https:\/\/agora.xtec.cat\/escolametllers\/wp-json\/wp\/v2\/types\/post"}],"author":[{"embeddable":true,"href":"https:\/\/agora.xtec.cat\/escolametllers\/wp-json\/wp\/v2\/users\/1"}],"replies":[{"embeddable":true,"href":"https:\/\/agora.xtec.cat\/escolametllers\/wp-json\/wp\/v2\/comments?post=15242"}],"version-history":[{"count":1,"href":"https:\/\/agora.xtec.cat\/escolametllers\/wp-json\/wp\/v2\/posts\/15242\/revisions"}],"predecessor-version":[{"id":15244,"href":"https:\/\/agora.xtec.cat\/escolametllers\/wp-json\/wp\/v2\/posts\/15242\/revisions\/15244"}],"wp:attachment":[{"href":"https:\/\/agora.xtec.cat\/escolametllers\/wp-json\/wp\/v2\/media?parent=15242"}],"wp:term":[{"taxonomy":"category","embeddable":true,"href":"https:\/\/agora.xtec.cat\/escolametllers\/wp-json\/wp\/v2\/categories?post=15242"},{"taxonomy":"post_tag","embeddable":true,"href":"https:\/\/agora.xtec.cat\/escolametllers\/wp-json\/wp\/v2\/tags?post=15242"}],"curies":[{"name":"wp","href":"https:\/\/api.w.org\/{rel}","templated":true}]}}