{"id":15176,"date":"2025-02-18T16:30:08","date_gmt":"2025-02-18T15:30:08","guid":{"rendered":"https:\/\/agora.xtec.cat\/escolametllers\/?p=15176"},"modified":"2025-02-18T16:30:08","modified_gmt":"2025-02-18T15:30:08","slug":"2n-a-racons-dequilibri","status":"publish","type":"post","link":"https:\/\/agora.xtec.cat\/escolametllers\/primaria\/prom17a\/2n-a-racons-dequilibri\/","title":{"rendered":"2n A RACONS D&#8217;EQUILIBRI"},"content":{"rendered":"<p>Els nens i nenes de la classe VIATGERES I VIATGERS DEL M\u00d3N hem fet\u00a0 racons d&#8217;equilibris per treballar i refor\u00e7ar la nostra lateralitat i equilibris. Aprenem a ser aut\u00f2noms, a compartir espais i materials. Ens fem conscients de la import\u00e0ncia de cooperar amb les companyes i companys per tal que entre tots aconseguim un objectiu com\u00fa. Hem constru\u00eft el nostre circuit d&#8217;equilibri despr\u00e9s de parlar-ne i pactar-ho amb els nens i nenes del nostre grup decidint entre tots aquell que m\u00e9s ens agrada. Tamb\u00e9 hem anat amb xanques, hem jugat al joc &#8220;PASSAR EL RIU&#8221; , hem fet de cuiners i cuineres portant un ou en equilibri, ens relaxem amb els massatges i practiquem postures de ioga.<\/p>\n<p><a href=\"https:\/\/photos.app.goo.gl\/qdsbLb152gPHUYJw7\"><img loading=\"lazy\" decoding=\"async\" class=\"wp-image-15177 aligncenter\" src=\"https:\/\/agora.xtec.cat\/escolametllers\/wp-content\/uploads\/usu1580\/2025\/02\/WhatsApp-Image-2025-01-27-at-13.07.48-768x1024.jpeg\" alt=\"\" width=\"512\" height=\"683\" srcset=\"https:\/\/agora.xtec.cat\/escolametllers\/wp-content\/uploads\/usu1580\/2025\/02\/WhatsApp-Image-2025-01-27-at-13.07.48-768x1024.jpeg 768w, https:\/\/agora.xtec.cat\/escolametllers\/wp-content\/uploads\/usu1580\/2025\/02\/WhatsApp-Image-2025-01-27-at-13.07.48-225x300.jpeg 225w, https:\/\/agora.xtec.cat\/escolametllers\/wp-content\/uploads\/usu1580\/2025\/02\/WhatsApp-Image-2025-01-27-at-13.07.48-1152x1536.jpeg 1152w, https:\/\/agora.xtec.cat\/escolametllers\/wp-content\/uploads\/usu1580\/2025\/02\/WhatsApp-Image-2025-01-27-at-13.07.48.jpeg 1200w\" sizes=\"auto, (max-width: 512px) 100vw, 512px\" \/><\/a><\/p>\n","protected":false},"excerpt":{"rendered":"<p>Els nens i nenes de la classe VIATGERES I VIATGERS DEL M\u00d3N hem fet\u00a0 racons d&#8217;equilibris per treballar i refor\u00e7ar la nostra lateralitat i equilibris. Aprenem a ser aut\u00f2noms, a compartir espais i materials. Ens fem conscients de la import\u00e0ncia de cooperar amb les companyes i companys per tal que entre tots aconseguim un objectiu [&hellip;]<\/p>\n","protected":false},"author":64,"featured_media":0,"comment_status":"open","ping_status":"closed","sticky":false,"template":"","format":"standard","meta":{"_bbp_topic_count":0,"_bbp_reply_count":0,"_bbp_total_topic_count":0,"_bbp_total_reply_count":0,"_bbp_voice_count":0,"_bbp_anonymous_reply_count":0,"_bbp_topic_count_hidden":0,"_bbp_reply_count_hidden":0,"_bbp_forum_subforum_count":0,"site-sidebar-layout":"default","site-content-layout":"","ast-site-content-layout":"","site-content-style":"default","site-sidebar-style":"default","ast-global-header-display":"","ast-banner-title-visibility":"","ast-main-header-display":"","ast-hfb-above-header-display":"","ast-hfb-below-header-display":"","ast-hfb-mobile-header-display":"","site-post-title":"","ast-breadcrumbs-content":"","ast-featured-img":"","footer-sml-layout":"","theme-transparent-header-meta":"","adv-header-id-meta":"","stick-header-meta":"","header-above-stick-meta":"","header-main-stick-meta":"","header-below-stick-meta":"","astra-migrate-meta-layouts":"default","ast-page-background-enabled":"default","ast-page-background-meta":{"desktop":{"background-color":"var(--ast-global-color-4)","background-image":"","background-repeat":"repeat","background-position":"center center","background-size":"auto","background-attachment":"scroll","background-type":"","background-media":"","overlay-type":"","overlay-color":"","overlay-opacity":"","overlay-gradient":""},"tablet":{"background-color":"","background-image":"","background-repeat":"repeat","background-position":"center center","background-size":"auto","background-attachment":"scroll","background-type":"","background-media":"","overlay-type":"","overlay-color":"","overlay-opacity":"","overlay-gradient":""},"mobile":{"background-color":"","background-image":"","background-repeat":"repeat","background-position":"center center","background-size":"auto","background-attachment":"scroll","background-type":"","background-media":"","overlay-type":"","overlay-color":"","overlay-opacity":"","overlay-gradient":""}},"ast-content-background-meta":{"desktop":{"background-color":"var(--ast-global-color-5)","background-image":"","background-repeat":"repeat","background-position":"center center","background-size":"auto","background-attachment":"scroll","background-type":"","background-media":"","overlay-type":"","overlay-color":"","overlay-opacity":"","overlay-gradient":""},"tablet":{"background-color":"var(--ast-global-color-5)","background-image":"","background-repeat":"repeat","background-position":"center center","background-size":"auto","background-attachment":"scroll","background-type":"","background-media":"","overlay-type":"","overlay-color":"","overlay-opacity":"","overlay-gradient":""},"mobile":{"background-color":"var(--ast-global-color-5)","background-image":"","background-repeat":"repeat","background-position":"center center","background-size":"auto","background-attachment":"scroll","background-type":"","background-media":"","overlay-type":"","overlay-color":"","overlay-opacity":"","overlay-gradient":""}},"footnotes":""},"categories":[411,86,5,3],"tags":[89],"class_list":["post-15176","post","type-post","status-publish","format-standard","hentry","category-24-25","category-educacio-fisica","category-primaria","category-prom17a","tag-ef"],"post_mailing_queue_ids":[],"_links":{"self":[{"href":"https:\/\/agora.xtec.cat\/escolametllers\/wp-json\/wp\/v2\/posts\/15176","targetHints":{"allow":["GET"]}}],"collection":[{"href":"https:\/\/agora.xtec.cat\/escolametllers\/wp-json\/wp\/v2\/posts"}],"about":[{"href":"https:\/\/agora.xtec.cat\/escolametllers\/wp-json\/wp\/v2\/types\/post"}],"author":[{"embeddable":true,"href":"https:\/\/agora.xtec.cat\/escolametllers\/wp-json\/wp\/v2\/users\/64"}],"replies":[{"embeddable":true,"href":"https:\/\/agora.xtec.cat\/escolametllers\/wp-json\/wp\/v2\/comments?post=15176"}],"version-history":[{"count":1,"href":"https:\/\/agora.xtec.cat\/escolametllers\/wp-json\/wp\/v2\/posts\/15176\/revisions"}],"predecessor-version":[{"id":15178,"href":"https:\/\/agora.xtec.cat\/escolametllers\/wp-json\/wp\/v2\/posts\/15176\/revisions\/15178"}],"wp:attachment":[{"href":"https:\/\/agora.xtec.cat\/escolametllers\/wp-json\/wp\/v2\/media?parent=15176"}],"wp:term":[{"taxonomy":"category","embeddable":true,"href":"https:\/\/agora.xtec.cat\/escolametllers\/wp-json\/wp\/v2\/categories?post=15176"},{"taxonomy":"post_tag","embeddable":true,"href":"https:\/\/agora.xtec.cat\/escolametllers\/wp-json\/wp\/v2\/tags?post=15176"}],"curies":[{"name":"wp","href":"https:\/\/api.w.org\/{rel}","templated":true}]}}