{"id":15170,"date":"2025-02-18T16:01:06","date_gmt":"2025-02-18T15:01:06","guid":{"rendered":"https:\/\/agora.xtec.cat\/escolametllers\/?p=15170"},"modified":"2025-03-09T11:50:57","modified_gmt":"2025-03-09T10:50:57","slug":"racons-dequilibri","status":"publish","type":"post","link":"https:\/\/agora.xtec.cat\/escolametllers\/primaria\/racons-dequilibri\/","title":{"rendered":"1R- RACONS D&#8217;EQUILIBRI"},"content":{"rendered":"<p>RACONS D&#8217;EQUILIBRI<\/p>\n<p style=\"text-align: justify;\">Amb els racons aprenem a ser aut\u00f2noms, a compartir espais i materials. Hem treballat i refor\u00e7at la nostra lateralitat i el nostre equilibri. Ens fem conscients de la import\u00e0ncia de cooperar amb les companyes i companys per tal que entre tots aconseguim un objectiu com\u00fa. Hem constru\u00eft el nostre circuit d&#8217;equilibri despr\u00e9s de parlar-ne i pactar-ho amb els nens i nenes del nostre grup decidint entre tots aquell que m\u00e9s ens agrada. Tamb\u00e9 hem anat amb xanques, hem jugat al joc &#8220;PASSAR EL RIU&#8221; , hem fet de cuiners i cuineres portant un ou en equilibri i hem practicat postures de ioga.<\/p>\n<p><a href=\"https:\/\/photos.app.goo.gl\/yyJN4xh89dGtyrM7A\"><img loading=\"lazy\" decoding=\"async\" class=\"wp-image-15171 aligncenter\" src=\"https:\/\/agora.xtec.cat\/escolametllers\/wp-content\/uploads\/usu1580\/2025\/02\/WhatsApp-Image-2025-01-27-at-13.02.19-1-1024x847.jpeg\" alt=\"\" width=\"480\" height=\"397\" srcset=\"https:\/\/agora.xtec.cat\/escolametllers\/wp-content\/uploads\/usu1580\/2025\/02\/WhatsApp-Image-2025-01-27-at-13.02.19-1-1024x847.jpeg 1024w, https:\/\/agora.xtec.cat\/escolametllers\/wp-content\/uploads\/usu1580\/2025\/02\/WhatsApp-Image-2025-01-27-at-13.02.19-1-300x248.jpeg 300w, https:\/\/agora.xtec.cat\/escolametllers\/wp-content\/uploads\/usu1580\/2025\/02\/WhatsApp-Image-2025-01-27-at-13.02.19-1-768x635.jpeg 768w, https:\/\/agora.xtec.cat\/escolametllers\/wp-content\/uploads\/usu1580\/2025\/02\/WhatsApp-Image-2025-01-27-at-13.02.19-1-1536x1270.jpeg 1536w, https:\/\/agora.xtec.cat\/escolametllers\/wp-content\/uploads\/usu1580\/2025\/02\/WhatsApp-Image-2025-01-27-at-13.02.19-1.jpeg 2048w\" sizes=\"auto, (max-width: 480px) 100vw, 480px\" \/><\/a><\/p>\n","protected":false},"excerpt":{"rendered":"<p>RACONS D&#8217;EQUILIBRI Amb els racons aprenem a ser aut\u00f2noms, a compartir espais i materials. Hem treballat i refor\u00e7at la nostra lateralitat i el nostre equilibri. Ens fem conscients de la import\u00e0ncia de cooperar amb les companyes i companys per tal que entre tots aconseguim un objectiu com\u00fa. Hem constru\u00eft el nostre circuit d&#8217;equilibri despr\u00e9s de [&hellip;]<\/p>\n","protected":false},"author":64,"featured_media":0,"comment_status":"open","ping_status":"closed","sticky":false,"template":"","format":"standard","meta":{"_bbp_topic_count":0,"_bbp_reply_count":0,"_bbp_total_topic_count":0,"_bbp_total_reply_count":0,"_bbp_voice_count":0,"_bbp_anonymous_reply_count":0,"_bbp_topic_count_hidden":0,"_bbp_reply_count_hidden":0,"_bbp_forum_subforum_count":0,"site-sidebar-layout":"default","site-content-layout":"","ast-site-content-layout":"","site-content-style":"default","site-sidebar-style":"default","ast-global-header-display":"","ast-banner-title-visibility":"","ast-main-header-display":"","ast-hfb-above-header-display":"","ast-hfb-below-header-display":"","ast-hfb-mobile-header-display":"","site-post-title":"","ast-breadcrumbs-content":"","ast-featured-img":"","footer-sml-layout":"","theme-transparent-header-meta":"","adv-header-id-meta":"","stick-header-meta":"","header-above-stick-meta":"","header-main-stick-meta":"","header-below-stick-meta":"","astra-migrate-meta-layouts":"default","ast-page-background-enabled":"default","ast-page-background-meta":{"desktop":{"background-color":"var(--ast-global-color-4)","background-image":"","background-repeat":"repeat","background-position":"center center","background-size":"auto","background-attachment":"scroll","background-type":"","background-media":"","overlay-type":"","overlay-color":"","overlay-opacity":"","overlay-gradient":""},"tablet":{"background-color":"","background-image":"","background-repeat":"repeat","background-position":"center center","background-size":"auto","background-attachment":"scroll","background-type":"","background-media":"","overlay-type":"","overlay-color":"","overlay-opacity":"","overlay-gradient":""},"mobile":{"background-color":"","background-image":"","background-repeat":"repeat","background-position":"center center","background-size":"auto","background-attachment":"scroll","background-type":"","background-media":"","overlay-type":"","overlay-color":"","overlay-opacity":"","overlay-gradient":""}},"ast-content-background-meta":{"desktop":{"background-color":"var(--ast-global-color-5)","background-image":"","background-repeat":"repeat","background-position":"center center","background-size":"auto","background-attachment":"scroll","background-type":"","background-media":"","overlay-type":"","overlay-color":"","overlay-opacity":"","overlay-gradient":""},"tablet":{"background-color":"var(--ast-global-color-5)","background-image":"","background-repeat":"repeat","background-position":"center center","background-size":"auto","background-attachment":"scroll","background-type":"","background-media":"","overlay-type":"","overlay-color":"","overlay-opacity":"","overlay-gradient":""},"mobile":{"background-color":"var(--ast-global-color-5)","background-image":"","background-repeat":"repeat","background-position":"center center","background-size":"auto","background-attachment":"scroll","background-type":"","background-media":"","overlay-type":"","overlay-color":"","overlay-opacity":"","overlay-gradient":""}},"footnotes":""},"categories":[411,86,5,351],"tags":[89],"class_list":["post-15170","post","type-post","status-publish","format-standard","hentry","category-24-25","category-educacio-fisica","category-primaria","category-prom18","tag-ef"],"post_mailing_queue_ids":[],"_links":{"self":[{"href":"https:\/\/agora.xtec.cat\/escolametllers\/wp-json\/wp\/v2\/posts\/15170","targetHints":{"allow":["GET"]}}],"collection":[{"href":"https:\/\/agora.xtec.cat\/escolametllers\/wp-json\/wp\/v2\/posts"}],"about":[{"href":"https:\/\/agora.xtec.cat\/escolametllers\/wp-json\/wp\/v2\/types\/post"}],"author":[{"embeddable":true,"href":"https:\/\/agora.xtec.cat\/escolametllers\/wp-json\/wp\/v2\/users\/64"}],"replies":[{"embeddable":true,"href":"https:\/\/agora.xtec.cat\/escolametllers\/wp-json\/wp\/v2\/comments?post=15170"}],"version-history":[{"count":5,"href":"https:\/\/agora.xtec.cat\/escolametllers\/wp-json\/wp\/v2\/posts\/15170\/revisions"}],"predecessor-version":[{"id":15287,"href":"https:\/\/agora.xtec.cat\/escolametllers\/wp-json\/wp\/v2\/posts\/15170\/revisions\/15287"}],"wp:attachment":[{"href":"https:\/\/agora.xtec.cat\/escolametllers\/wp-json\/wp\/v2\/media?parent=15170"}],"wp:term":[{"taxonomy":"category","embeddable":true,"href":"https:\/\/agora.xtec.cat\/escolametllers\/wp-json\/wp\/v2\/categories?post=15170"},{"taxonomy":"post_tag","embeddable":true,"href":"https:\/\/agora.xtec.cat\/escolametllers\/wp-json\/wp\/v2\/tags?post=15170"}],"curies":[{"name":"wp","href":"https:\/\/api.w.org\/{rel}","templated":true}]}}