{"id":15072,"date":"2025-01-22T20:12:40","date_gmt":"2025-01-22T19:12:40","guid":{"rendered":"https:\/\/agora.xtec.cat\/escolametllers\/?p=15072"},"modified":"2025-01-22T20:12:40","modified_gmt":"2025-01-22T19:12:40","slug":"la-musicaun-llenguatge-imprescindible","status":"publish","type":"post","link":"https:\/\/agora.xtec.cat\/escolametllers\/infantil\/la-musicaun-llenguatge-imprescindible\/","title":{"rendered":"LA M\u00daSICA\u2026UN LLENGUATGE IMPRESCINDIBLE"},"content":{"rendered":"<p>Sense cap mena de dubte, podem afirmar que s\u00f3n nombrosos els beneficis de l\u2019ensenyament de la m\u00fasica a totes les etapes escolars, per\u00f2 fonamentalment a la d\u2019Infantil.<br \/>\nLa m\u00fasica estimula la capacitat cognitiva, fomenta el llenguatge oral i l\u2019adquisici\u00f3 o consolidaci\u00f3 de la parla, millora la mem\u00f2ria i la capacitat d\u2019atenci\u00f3, facilita als infants la gesti\u00f3 de les seves emocions, afavoreix la creativitat, desperta sensacions, fomenta la fantasia, potencia el control r\u00edtmic del nostre cos\u2026 En definitiva, ajuda molt\u00edssim al desenvolupament intel\u00b7lectual, auditiu, sensorial i motriu dels nostres infants. Per tots aquests motius, a l\u2019escola trobem molts moments per a treballar la m\u00fasica, ja sigui fent audicions, cantant, tocant instruments, ballant, fent percussi\u00f3 corporal, treballant les qualitats del so, etc.<br \/>\nUs deixem aqu\u00ed un recull de fotos de diferents sessions musicals.<\/p>\n<p><a href=\"https:\/\/photos.app.goo.gl\/6ASqxPuP2o6UyLpk9\"><img loading=\"lazy\" decoding=\"async\" class=\" wp-image-15074 aligncenter\" src=\"https:\/\/agora.xtec.cat\/escolametllers\/wp-content\/uploads\/usu1580\/2025\/01\/IMG_3889-3-scaled-e1737573051825-768x1024.jpg\" alt=\"\" width=\"314\" height=\"419\" srcset=\"https:\/\/agora.xtec.cat\/escolametllers\/wp-content\/uploads\/usu1580\/2025\/01\/IMG_3889-3-scaled-e1737573051825-768x1024.jpg 768w, https:\/\/agora.xtec.cat\/escolametllers\/wp-content\/uploads\/usu1580\/2025\/01\/IMG_3889-3-scaled-e1737573051825-225x300.jpg 225w, https:\/\/agora.xtec.cat\/escolametllers\/wp-content\/uploads\/usu1580\/2025\/01\/IMG_3889-3-scaled-e1737573051825-1152x1536.jpg 1152w, https:\/\/agora.xtec.cat\/escolametllers\/wp-content\/uploads\/usu1580\/2025\/01\/IMG_3889-3-scaled-e1737573051825-1536x2048.jpg 1536w, https:\/\/agora.xtec.cat\/escolametllers\/wp-content\/uploads\/usu1580\/2025\/01\/IMG_3889-3-scaled-e1737573051825.jpg 1920w\" sizes=\"auto, (max-width: 314px) 100vw, 314px\" \/><\/a><\/p>\n<p>&nbsp;<\/p>\n<p>&nbsp;<\/p>\n","protected":false},"excerpt":{"rendered":"<p>Sense cap mena de dubte, podem afirmar que s\u00f3n nombrosos els beneficis de l\u2019ensenyament de la m\u00fasica a totes les etapes escolars, per\u00f2 fonamentalment a la d\u2019Infantil. La m\u00fasica estimula la capacitat cognitiva, fomenta el llenguatge oral i l\u2019adquisici\u00f3 o consolidaci\u00f3 de la parla, millora la mem\u00f2ria i la capacitat d\u2019atenci\u00f3, facilita als infants la [&hellip;]<\/p>\n","protected":false},"author":112,"featured_media":0,"comment_status":"closed","ping_status":"closed","sticky":false,"template":"","format":"standard","meta":{"_bbp_topic_count":0,"_bbp_reply_count":0,"_bbp_total_topic_count":0,"_bbp_total_reply_count":0,"_bbp_voice_count":0,"_bbp_anonymous_reply_count":0,"_bbp_topic_count_hidden":0,"_bbp_reply_count_hidden":0,"_bbp_forum_subforum_count":0,"site-sidebar-layout":"default","site-content-layout":"","ast-site-content-layout":"","site-content-style":"default","site-sidebar-style":"default","ast-global-header-display":"","ast-banner-title-visibility":"","ast-main-header-display":"","ast-hfb-above-header-display":"","ast-hfb-below-header-display":"","ast-hfb-mobile-header-display":"","site-post-title":"","ast-breadcrumbs-content":"","ast-featured-img":"","footer-sml-layout":"","theme-transparent-header-meta":"","adv-header-id-meta":"","stick-header-meta":"","header-above-stick-meta":"","header-main-stick-meta":"","header-below-stick-meta":"","astra-migrate-meta-layouts":"default","ast-page-background-enabled":"default","ast-page-background-meta":{"desktop":{"background-color":"var(--ast-global-color-4)","background-image":"","background-repeat":"repeat","background-position":"center center","background-size":"auto","background-attachment":"scroll","background-type":"","background-media":"","overlay-type":"","overlay-color":"","overlay-opacity":"","overlay-gradient":""},"tablet":{"background-color":"","background-image":"","background-repeat":"repeat","background-position":"center center","background-size":"auto","background-attachment":"scroll","background-type":"","background-media":"","overlay-type":"","overlay-color":"","overlay-opacity":"","overlay-gradient":""},"mobile":{"background-color":"","background-image":"","background-repeat":"repeat","background-position":"center center","background-size":"auto","background-attachment":"scroll","background-type":"","background-media":"","overlay-type":"","overlay-color":"","overlay-opacity":"","overlay-gradient":""}},"ast-content-background-meta":{"desktop":{"background-color":"var(--ast-global-color-5)","background-image":"","background-repeat":"repeat","background-position":"center center","background-size":"auto","background-attachment":"scroll","background-type":"","background-media":"","overlay-type":"","overlay-color":"","overlay-opacity":"","overlay-gradient":""},"tablet":{"background-color":"var(--ast-global-color-5)","background-image":"","background-repeat":"repeat","background-position":"center center","background-size":"auto","background-attachment":"scroll","background-type":"","background-media":"","overlay-type":"","overlay-color":"","overlay-opacity":"","overlay-gradient":""},"mobile":{"background-color":"var(--ast-global-color-5)","background-image":"","background-repeat":"repeat","background-position":"center center","background-size":"auto","background-attachment":"scroll","background-type":"","background-media":"","overlay-type":"","overlay-color":"","overlay-opacity":"","overlay-gradient":""}},"footnotes":""},"categories":[411,279,2],"tags":[90],"class_list":["post-15072","post","type-post","status-publish","format-standard","hentry","category-24-25","category-eia","category-infantil","tag-musica"],"post_mailing_queue_ids":[],"_links":{"self":[{"href":"https:\/\/agora.xtec.cat\/escolametllers\/wp-json\/wp\/v2\/posts\/15072","targetHints":{"allow":["GET"]}}],"collection":[{"href":"https:\/\/agora.xtec.cat\/escolametllers\/wp-json\/wp\/v2\/posts"}],"about":[{"href":"https:\/\/agora.xtec.cat\/escolametllers\/wp-json\/wp\/v2\/types\/post"}],"author":[{"embeddable":true,"href":"https:\/\/agora.xtec.cat\/escolametllers\/wp-json\/wp\/v2\/users\/112"}],"replies":[{"embeddable":true,"href":"https:\/\/agora.xtec.cat\/escolametllers\/wp-json\/wp\/v2\/comments?post=15072"}],"version-history":[{"count":1,"href":"https:\/\/agora.xtec.cat\/escolametllers\/wp-json\/wp\/v2\/posts\/15072\/revisions"}],"predecessor-version":[{"id":15075,"href":"https:\/\/agora.xtec.cat\/escolametllers\/wp-json\/wp\/v2\/posts\/15072\/revisions\/15075"}],"wp:attachment":[{"href":"https:\/\/agora.xtec.cat\/escolametllers\/wp-json\/wp\/v2\/media?parent=15072"}],"wp:term":[{"taxonomy":"category","embeddable":true,"href":"https:\/\/agora.xtec.cat\/escolametllers\/wp-json\/wp\/v2\/categories?post=15072"},{"taxonomy":"post_tag","embeddable":true,"href":"https:\/\/agora.xtec.cat\/escolametllers\/wp-json\/wp\/v2\/tags?post=15072"}],"curies":[{"name":"wp","href":"https:\/\/api.w.org\/{rel}","templated":true}]}}