{"id":14999,"date":"2025-01-03T16:46:57","date_gmt":"2025-01-03T15:46:57","guid":{"rendered":"https:\/\/agora.xtec.cat\/escolametllers\/?p=14999"},"modified":"2025-01-03T16:46:57","modified_gmt":"2025-01-03T15:46:57","slug":"donem-un-valor-afegit-a-la-lectura","status":"publish","type":"post","link":"https:\/\/agora.xtec.cat\/escolametllers\/primaria\/prom17a\/donem-un-valor-afegit-a-la-lectura\/","title":{"rendered":"DONEM UN VALOR AFEGIT A LA LECTURA"},"content":{"rendered":"<p>&nbsp;<\/p>\n<p><span style=\"font-family: Arial, sans-serif;\">Donem un valor afegit a la lectura perqu\u00e8 va acompanyada d\u2019una relaci\u00f3 personal.<\/span><\/p>\n<p><span style=\"font-family: Arial, sans-serif;\">Intentem trobar moments per compartir lectures, tot i que de vegades \u00e9s dif\u00edcil.<\/span><\/p>\n<p><span style=\"font-family: Arial, sans-serif;\">Fem una activitat cooperativa, en el nostre cas es realitza en parelles formades per alumnes de sis\u00e8 que fan de padrins de lectura als alumnes de segon.<\/span><\/p>\n<p><span style=\"font-family: Arial, sans-serif;\">Hem iniciat l\u2019activitat llegint als nostres padrins de lectura un conte que ens ha agradat molt i que hem treballat arran de la tem\u00e0tica del nostre projecte. Es titula \u00abLa maceta vac\u00eda\u00bb. \u00c9s un conte de la cultura xinesa.<\/span><\/p>\n<p><a href=\"https:\/\/photos.app.goo.gl\/Bx9KWDS4HNXnuTtY9\"><img loading=\"lazy\" decoding=\"async\" class=\"size-medium wp-image-15000 aligncenter\" src=\"https:\/\/agora.xtec.cat\/escolametllers\/wp-content\/uploads\/usu1580\/2025\/01\/20241114_120440-225x300.jpg\" alt=\"\" width=\"225\" height=\"300\" srcset=\"https:\/\/agora.xtec.cat\/escolametllers\/wp-content\/uploads\/usu1580\/2025\/01\/20241114_120440-225x300.jpg 225w, https:\/\/agora.xtec.cat\/escolametllers\/wp-content\/uploads\/usu1580\/2025\/01\/20241114_120440-768x1024.jpg 768w, https:\/\/agora.xtec.cat\/escolametllers\/wp-content\/uploads\/usu1580\/2025\/01\/20241114_120440-1152x1536.jpg 1152w, https:\/\/agora.xtec.cat\/escolametllers\/wp-content\/uploads\/usu1580\/2025\/01\/20241114_120440-1536x2048.jpg 1536w, https:\/\/agora.xtec.cat\/escolametllers\/wp-content\/uploads\/usu1580\/2025\/01\/20241114_120440-scaled.jpg 1920w\" sizes=\"auto, (max-width: 225px) 100vw, 225px\" \/><\/a><\/p>\n","protected":false},"excerpt":{"rendered":"<p>&nbsp; Donem un valor afegit a la lectura perqu\u00e8 va acompanyada d\u2019una relaci\u00f3 personal. Intentem trobar moments per compartir lectures, tot i que de vegades \u00e9s dif\u00edcil. Fem una activitat cooperativa, en el nostre cas es realitza en parelles formades per alumnes de sis\u00e8 que fan de padrins de lectura als alumnes de segon. Hem [&hellip;]<\/p>\n","protected":false},"author":48,"featured_media":0,"comment_status":"closed","ping_status":"closed","sticky":false,"template":"","format":"standard","meta":{"_bbp_topic_count":0,"_bbp_reply_count":0,"_bbp_total_topic_count":0,"_bbp_total_reply_count":0,"_bbp_voice_count":0,"_bbp_anonymous_reply_count":0,"_bbp_topic_count_hidden":0,"_bbp_reply_count_hidden":0,"_bbp_forum_subforum_count":0,"site-sidebar-layout":"default","site-content-layout":"","ast-site-content-layout":"","site-content-style":"default","site-sidebar-style":"default","ast-global-header-display":"","ast-banner-title-visibility":"","ast-main-header-display":"","ast-hfb-above-header-display":"","ast-hfb-below-header-display":"","ast-hfb-mobile-header-display":"","site-post-title":"","ast-breadcrumbs-content":"","ast-featured-img":"","footer-sml-layout":"","theme-transparent-header-meta":"","adv-header-id-meta":"","stick-header-meta":"","header-above-stick-meta":"","header-main-stick-meta":"","header-below-stick-meta":"","astra-migrate-meta-layouts":"default","ast-page-background-enabled":"default","ast-page-background-meta":{"desktop":{"background-color":"var(--ast-global-color-4)","background-image":"","background-repeat":"repeat","background-position":"center center","background-size":"auto","background-attachment":"scroll","background-type":"","background-media":"","overlay-type":"","overlay-color":"","overlay-opacity":"","overlay-gradient":""},"tablet":{"background-color":"","background-image":"","background-repeat":"repeat","background-position":"center center","background-size":"auto","background-attachment":"scroll","background-type":"","background-media":"","overlay-type":"","overlay-color":"","overlay-opacity":"","overlay-gradient":""},"mobile":{"background-color":"","background-image":"","background-repeat":"repeat","background-position":"center center","background-size":"auto","background-attachment":"scroll","background-type":"","background-media":"","overlay-type":"","overlay-color":"","overlay-opacity":"","overlay-gradient":""}},"ast-content-background-meta":{"desktop":{"background-color":"var(--ast-global-color-5)","background-image":"","background-repeat":"repeat","background-position":"center center","background-size":"auto","background-attachment":"scroll","background-type":"","background-media":"","overlay-type":"","overlay-color":"","overlay-opacity":"","overlay-gradient":""},"tablet":{"background-color":"var(--ast-global-color-5)","background-image":"","background-repeat":"repeat","background-position":"center center","background-size":"auto","background-attachment":"scroll","background-type":"","background-media":"","overlay-type":"","overlay-color":"","overlay-opacity":"","overlay-gradient":""},"mobile":{"background-color":"var(--ast-global-color-5)","background-image":"","background-repeat":"repeat","background-position":"center center","background-size":"auto","background-attachment":"scroll","background-type":"","background-media":"","overlay-type":"","overlay-color":"","overlay-opacity":"","overlay-gradient":""}},"footnotes":""},"categories":[411,3],"tags":[419],"class_list":["post-14999","post","type-post","status-publish","format-standard","hentry","category-24-25","category-prom17a","tag-padrins-de-lectura"],"post_mailing_queue_ids":[],"_links":{"self":[{"href":"https:\/\/agora.xtec.cat\/escolametllers\/wp-json\/wp\/v2\/posts\/14999","targetHints":{"allow":["GET"]}}],"collection":[{"href":"https:\/\/agora.xtec.cat\/escolametllers\/wp-json\/wp\/v2\/posts"}],"about":[{"href":"https:\/\/agora.xtec.cat\/escolametllers\/wp-json\/wp\/v2\/types\/post"}],"author":[{"embeddable":true,"href":"https:\/\/agora.xtec.cat\/escolametllers\/wp-json\/wp\/v2\/users\/48"}],"replies":[{"embeddable":true,"href":"https:\/\/agora.xtec.cat\/escolametllers\/wp-json\/wp\/v2\/comments?post=14999"}],"version-history":[{"count":1,"href":"https:\/\/agora.xtec.cat\/escolametllers\/wp-json\/wp\/v2\/posts\/14999\/revisions"}],"predecessor-version":[{"id":15001,"href":"https:\/\/agora.xtec.cat\/escolametllers\/wp-json\/wp\/v2\/posts\/14999\/revisions\/15001"}],"wp:attachment":[{"href":"https:\/\/agora.xtec.cat\/escolametllers\/wp-json\/wp\/v2\/media?parent=14999"}],"wp:term":[{"taxonomy":"category","embeddable":true,"href":"https:\/\/agora.xtec.cat\/escolametllers\/wp-json\/wp\/v2\/categories?post=14999"},{"taxonomy":"post_tag","embeddable":true,"href":"https:\/\/agora.xtec.cat\/escolametllers\/wp-json\/wp\/v2\/tags?post=14999"}],"curies":[{"name":"wp","href":"https:\/\/api.w.org\/{rel}","templated":true}]}}