{"id":14966,"date":"2024-12-20T15:00:31","date_gmt":"2024-12-20T14:00:31","guid":{"rendered":"https:\/\/agora.xtec.cat\/escolametllers\/?p=14966"},"modified":"2024-12-20T13:11:03","modified_gmt":"2024-12-20T12:11:03","slug":"ja-arriba-el-nadal","status":"publish","type":"post","link":"https:\/\/agora.xtec.cat\/escolametllers\/primaria\/prom15b\/ja-arriba-el-nadal\/","title":{"rendered":"JA ARRIBA EL NADAL!"},"content":{"rendered":"<p><span style=\"font-weight: 400;\">Els darrers dies abans de les vacances de Nadal han estat molt especials. Hem gaudit plegats d\u2019activitats que han omplert l\u2019aula de m\u00e0gia i alegria.<\/span><\/p>\n<p><span style=\"font-weight: 400;\">Hem dut a terme la Cantada de Nadales al gimn\u00e0s de l\u2019escola i hem escollit el poema de Nadal que m\u00e9s ens ha agradat. Un cop escollit, ens l\u2019hem apr\u00e8s i l\u2019hem recitat als nostres companys i companyes amb m\u00fasica nadalenca de fons.<\/span><\/p>\n<p><span style=\"font-weight: 400;\">Hem dedicat tamb\u00e9 un temps de cercle a reflexionar sobre tot el que hem viscut durant aquest trimestre; hem compartit qu\u00e8 ens ha semblat i tot all\u00f2 que hem apr\u00e8s durant aquests mesos.<\/span><\/p>\n<p><span style=\"font-weight: 400;\">A m\u00e9s, hem tingut sorpreses molt dolces! El Ti\u00f3 ens ha portat neules i torrons de xocolata, que hem gaudit amb molta il\u00b7lusi\u00f3! Com ens agraden!<\/span><\/p>\n<p><span style=\"font-weight: 400;\">Quina manera de tancar un trimestre ple d\u2019aprenentatges!\u00a0<\/span><\/p>\n<p><span style=\"font-weight: 400;\">US DESITGEM MOLT BONES FESTES I FELI\u00c7 2025!<\/span><\/p>\n<p><a href=\"https:\/\/photos.app.goo.gl\/8NyzdPCph7bm5XgBA\"><img loading=\"lazy\" decoding=\"async\" class=\"alignnone size-large wp-image-14967\" src=\"https:\/\/agora.xtec.cat\/escolametllers\/wp-content\/uploads\/usu1580\/2024\/12\/IMG_8680-2-1024x768.jpg\" alt=\"\" width=\"1024\" height=\"768\" srcset=\"https:\/\/agora.xtec.cat\/escolametllers\/wp-content\/uploads\/usu1580\/2024\/12\/IMG_8680-2-1024x768.jpg 1024w, https:\/\/agora.xtec.cat\/escolametllers\/wp-content\/uploads\/usu1580\/2024\/12\/IMG_8680-2-300x225.jpg 300w, https:\/\/agora.xtec.cat\/escolametllers\/wp-content\/uploads\/usu1580\/2024\/12\/IMG_8680-2-768x576.jpg 768w, https:\/\/agora.xtec.cat\/escolametllers\/wp-content\/uploads\/usu1580\/2024\/12\/IMG_8680-2-1536x1152.jpg 1536w, https:\/\/agora.xtec.cat\/escolametllers\/wp-content\/uploads\/usu1580\/2024\/12\/IMG_8680-2-2048x1536.jpg 2048w, https:\/\/agora.xtec.cat\/escolametllers\/wp-content\/uploads\/usu1580\/2024\/12\/IMG_8680-2-200x150.jpg 200w\" sizes=\"auto, (max-width: 1024px) 100vw, 1024px\" \/><\/a><\/p>\n","protected":false},"excerpt":{"rendered":"<p>Els darrers dies abans de les vacances de Nadal han estat molt especials. Hem gaudit plegats d\u2019activitats que han omplert l\u2019aula de m\u00e0gia i alegria. Hem dut a terme la Cantada de Nadales al gimn\u00e0s de l\u2019escola i hem escollit el poema de Nadal que m\u00e9s ens ha agradat. Un cop escollit, ens l\u2019hem apr\u00e8s [&hellip;]<\/p>\n","protected":false},"author":104,"featured_media":0,"comment_status":"closed","ping_status":"closed","sticky":false,"template":"","format":"standard","meta":{"_bbp_topic_count":0,"_bbp_reply_count":0,"_bbp_total_topic_count":0,"_bbp_total_reply_count":0,"_bbp_voice_count":0,"_bbp_anonymous_reply_count":0,"_bbp_topic_count_hidden":0,"_bbp_reply_count_hidden":0,"_bbp_forum_subforum_count":0,"site-sidebar-layout":"default","site-content-layout":"","ast-site-content-layout":"","site-content-style":"default","site-sidebar-style":"default","ast-global-header-display":"","ast-banner-title-visibility":"","ast-main-header-display":"","ast-hfb-above-header-display":"","ast-hfb-below-header-display":"","ast-hfb-mobile-header-display":"","site-post-title":"","ast-breadcrumbs-content":"","ast-featured-img":"","footer-sml-layout":"","theme-transparent-header-meta":"","adv-header-id-meta":"","stick-header-meta":"","header-above-stick-meta":"","header-main-stick-meta":"","header-below-stick-meta":"","astra-migrate-meta-layouts":"default","ast-page-background-enabled":"default","ast-page-background-meta":{"desktop":{"background-color":"var(--ast-global-color-4)","background-image":"","background-repeat":"repeat","background-position":"center center","background-size":"auto","background-attachment":"scroll","background-type":"","background-media":"","overlay-type":"","overlay-color":"","overlay-opacity":"","overlay-gradient":""},"tablet":{"background-color":"","background-image":"","background-repeat":"repeat","background-position":"center center","background-size":"auto","background-attachment":"scroll","background-type":"","background-media":"","overlay-type":"","overlay-color":"","overlay-opacity":"","overlay-gradient":""},"mobile":{"background-color":"","background-image":"","background-repeat":"repeat","background-position":"center center","background-size":"auto","background-attachment":"scroll","background-type":"","background-media":"","overlay-type":"","overlay-color":"","overlay-opacity":"","overlay-gradient":""}},"ast-content-background-meta":{"desktop":{"background-color":"var(--ast-global-color-5)","background-image":"","background-repeat":"repeat","background-position":"center center","background-size":"auto","background-attachment":"scroll","background-type":"","background-media":"","overlay-type":"","overlay-color":"","overlay-opacity":"","overlay-gradient":""},"tablet":{"background-color":"var(--ast-global-color-5)","background-image":"","background-repeat":"repeat","background-position":"center center","background-size":"auto","background-attachment":"scroll","background-type":"","background-media":"","overlay-type":"","overlay-color":"","overlay-opacity":"","overlay-gradient":""},"mobile":{"background-color":"var(--ast-global-color-5)","background-image":"","background-repeat":"repeat","background-position":"center center","background-size":"auto","background-attachment":"scroll","background-type":"","background-media":"","overlay-type":"","overlay-color":"","overlay-opacity":"","overlay-gradient":""}},"footnotes":""},"categories":[411,73],"tags":[173],"class_list":["post-14966","post","type-post","status-publish","format-standard","hentry","category-24-25","category-prom15b","tag-nadal"],"post_mailing_queue_ids":[],"_links":{"self":[{"href":"https:\/\/agora.xtec.cat\/escolametllers\/wp-json\/wp\/v2\/posts\/14966","targetHints":{"allow":["GET"]}}],"collection":[{"href":"https:\/\/agora.xtec.cat\/escolametllers\/wp-json\/wp\/v2\/posts"}],"about":[{"href":"https:\/\/agora.xtec.cat\/escolametllers\/wp-json\/wp\/v2\/types\/post"}],"author":[{"embeddable":true,"href":"https:\/\/agora.xtec.cat\/escolametllers\/wp-json\/wp\/v2\/users\/104"}],"replies":[{"embeddable":true,"href":"https:\/\/agora.xtec.cat\/escolametllers\/wp-json\/wp\/v2\/comments?post=14966"}],"version-history":[{"count":1,"href":"https:\/\/agora.xtec.cat\/escolametllers\/wp-json\/wp\/v2\/posts\/14966\/revisions"}],"predecessor-version":[{"id":14968,"href":"https:\/\/agora.xtec.cat\/escolametllers\/wp-json\/wp\/v2\/posts\/14966\/revisions\/14968"}],"wp:attachment":[{"href":"https:\/\/agora.xtec.cat\/escolametllers\/wp-json\/wp\/v2\/media?parent=14966"}],"wp:term":[{"taxonomy":"category","embeddable":true,"href":"https:\/\/agora.xtec.cat\/escolametllers\/wp-json\/wp\/v2\/categories?post=14966"},{"taxonomy":"post_tag","embeddable":true,"href":"https:\/\/agora.xtec.cat\/escolametllers\/wp-json\/wp\/v2\/tags?post=14966"}],"curies":[{"name":"wp","href":"https:\/\/api.w.org\/{rel}","templated":true}]}}