{"id":14946,"date":"2024-12-20T12:11:57","date_gmt":"2024-12-20T11:11:57","guid":{"rendered":"https:\/\/agora.xtec.cat\/escolametllers\/?p=14946"},"modified":"2025-03-09T11:52:21","modified_gmt":"2025-03-09T10:52:21","slug":"el-nadal-ja-arriba","status":"publish","type":"post","link":"https:\/\/agora.xtec.cat\/escolametllers\/primaria\/el-nadal-ja-arriba\/","title":{"rendered":"EL NADAL JA ARRIBA!"},"content":{"rendered":"<p style=\"text-align: justify;\">Aquesta \u00faltima setmana ha estat emocionant, el ti\u00f3 va arribar a l&#8217;escola amb paraig\u00fces un dia de pluja, junts hem gaudit d\u2019aquest moment tan especial i l\u2019hem cuidat d\u2019all\u00f2 m\u00e9s b\u00e9.<\/p>\n<p style=\"text-align: justify;\">Hem fet treballs manuals nadalencs com la postal de Nadal i tamb\u00e9 ens ha vingut a veure el Fumera per recordar-nos quins dies li podem portar les nostres cartes pels Reis Mags.<\/p>\n<p style=\"text-align: justify;\">Plegats hem cantat nadales i hem apr\u00e8s el poema de Nadal! Avui amb molts nervis hem fet cagar el ti\u00f3 i ens ha cagat un esmorzar de Nadal que hem compartit amb molta il\u00b7lusi\u00f3, com ens agraden les neules i els torrons de xocolata!!<\/p>\n<p style=\"text-align: left;\"><span class=\"hiddenGrammarError\">US DESITGEM MOLT BONES FESTES<\/span>\u00a0I\u00a0<span class=\"hiddenGrammarError\">FINS<\/span>\u00a0L\u2019ANY VINENT!!<\/p>\n<p>&nbsp;<\/p>\n<p><a href=\"https:\/\/photos.app.goo.gl\/kndHcmU3NfeyQxoo6\"><img loading=\"lazy\" decoding=\"async\" class=\"alignnone wp-image-14964\" src=\"https:\/\/agora.xtec.cat\/escolametllers\/wp-content\/uploads\/usu1580\/2024\/12\/nadal-1024x576.jpg\" alt=\"\" width=\"526\" height=\"296\" srcset=\"https:\/\/agora.xtec.cat\/escolametllers\/wp-content\/uploads\/usu1580\/2024\/12\/nadal-1024x576.jpg 1024w, https:\/\/agora.xtec.cat\/escolametllers\/wp-content\/uploads\/usu1580\/2024\/12\/nadal-300x169.jpg 300w, https:\/\/agora.xtec.cat\/escolametllers\/wp-content\/uploads\/usu1580\/2024\/12\/nadal-768x432.jpg 768w, https:\/\/agora.xtec.cat\/escolametllers\/wp-content\/uploads\/usu1580\/2024\/12\/nadal.jpg 1491w\" sizes=\"auto, (max-width: 526px) 100vw, 526px\" \/><\/a><\/p>\n","protected":false},"excerpt":{"rendered":"<p>Aquesta \u00faltima setmana ha estat emocionant, el ti\u00f3 va arribar a l&#8217;escola amb paraig\u00fces un dia de pluja, junts hem gaudit d\u2019aquest moment tan especial i l\u2019hem cuidat d\u2019all\u00f2 m\u00e9s b\u00e9. Hem fet treballs manuals nadalencs com la postal de Nadal i tamb\u00e9 ens ha vingut a veure el Fumera per recordar-nos quins dies li [&hellip;]<\/p>\n","protected":false},"author":55,"featured_media":0,"comment_status":"closed","ping_status":"closed","sticky":false,"template":"","format":"standard","meta":{"_bbp_topic_count":0,"_bbp_reply_count":0,"_bbp_total_topic_count":0,"_bbp_total_reply_count":0,"_bbp_voice_count":0,"_bbp_anonymous_reply_count":0,"_bbp_topic_count_hidden":0,"_bbp_reply_count_hidden":0,"_bbp_forum_subforum_count":0,"site-sidebar-layout":"default","site-content-layout":"","ast-site-content-layout":"","site-content-style":"default","site-sidebar-style":"default","ast-global-header-display":"","ast-banner-title-visibility":"","ast-main-header-display":"","ast-hfb-above-header-display":"","ast-hfb-below-header-display":"","ast-hfb-mobile-header-display":"","site-post-title":"","ast-breadcrumbs-content":"","ast-featured-img":"","footer-sml-layout":"","theme-transparent-header-meta":"","adv-header-id-meta":"","stick-header-meta":"","header-above-stick-meta":"","header-main-stick-meta":"","header-below-stick-meta":"","astra-migrate-meta-layouts":"default","ast-page-background-enabled":"default","ast-page-background-meta":{"desktop":{"background-color":"var(--ast-global-color-4)","background-image":"","background-repeat":"repeat","background-position":"center center","background-size":"auto","background-attachment":"scroll","background-type":"","background-media":"","overlay-type":"","overlay-color":"","overlay-opacity":"","overlay-gradient":""},"tablet":{"background-color":"","background-image":"","background-repeat":"repeat","background-position":"center center","background-size":"auto","background-attachment":"scroll","background-type":"","background-media":"","overlay-type":"","overlay-color":"","overlay-opacity":"","overlay-gradient":""},"mobile":{"background-color":"","background-image":"","background-repeat":"repeat","background-position":"center center","background-size":"auto","background-attachment":"scroll","background-type":"","background-media":"","overlay-type":"","overlay-color":"","overlay-opacity":"","overlay-gradient":""}},"ast-content-background-meta":{"desktop":{"background-color":"var(--ast-global-color-5)","background-image":"","background-repeat":"repeat","background-position":"center center","background-size":"auto","background-attachment":"scroll","background-type":"","background-media":"","overlay-type":"","overlay-color":"","overlay-opacity":"","overlay-gradient":""},"tablet":{"background-color":"var(--ast-global-color-5)","background-image":"","background-repeat":"repeat","background-position":"center center","background-size":"auto","background-attachment":"scroll","background-type":"","background-media":"","overlay-type":"","overlay-color":"","overlay-opacity":"","overlay-gradient":""},"mobile":{"background-color":"var(--ast-global-color-5)","background-image":"","background-repeat":"repeat","background-position":"center center","background-size":"auto","background-attachment":"scroll","background-type":"","background-media":"","overlay-type":"","overlay-color":"","overlay-opacity":"","overlay-gradient":""}},"footnotes":""},"categories":[411,5,351],"tags":[294],"class_list":["post-14946","post","type-post","status-publish","format-standard","hentry","category-24-25","category-primaria","category-prom18","tag-festes"],"post_mailing_queue_ids":[],"_links":{"self":[{"href":"https:\/\/agora.xtec.cat\/escolametllers\/wp-json\/wp\/v2\/posts\/14946","targetHints":{"allow":["GET"]}}],"collection":[{"href":"https:\/\/agora.xtec.cat\/escolametllers\/wp-json\/wp\/v2\/posts"}],"about":[{"href":"https:\/\/agora.xtec.cat\/escolametllers\/wp-json\/wp\/v2\/types\/post"}],"author":[{"embeddable":true,"href":"https:\/\/agora.xtec.cat\/escolametllers\/wp-json\/wp\/v2\/users\/55"}],"replies":[{"embeddable":true,"href":"https:\/\/agora.xtec.cat\/escolametllers\/wp-json\/wp\/v2\/comments?post=14946"}],"version-history":[{"count":3,"href":"https:\/\/agora.xtec.cat\/escolametllers\/wp-json\/wp\/v2\/posts\/14946\/revisions"}],"predecessor-version":[{"id":15290,"href":"https:\/\/agora.xtec.cat\/escolametllers\/wp-json\/wp\/v2\/posts\/14946\/revisions\/15290"}],"wp:attachment":[{"href":"https:\/\/agora.xtec.cat\/escolametllers\/wp-json\/wp\/v2\/media?parent=14946"}],"wp:term":[{"taxonomy":"category","embeddable":true,"href":"https:\/\/agora.xtec.cat\/escolametllers\/wp-json\/wp\/v2\/categories?post=14946"},{"taxonomy":"post_tag","embeddable":true,"href":"https:\/\/agora.xtec.cat\/escolametllers\/wp-json\/wp\/v2\/tags?post=14946"}],"curies":[{"name":"wp","href":"https:\/\/api.w.org\/{rel}","templated":true}]}}