{"id":14855,"date":"2024-12-12T19:38:36","date_gmt":"2024-12-12T18:38:36","guid":{"rendered":"https:\/\/agora.xtec.cat\/escolametllers\/?p=14855"},"modified":"2024-12-12T19:40:53","modified_gmt":"2024-12-12T18:40:53","slug":"la-musica-un-llenguatge-imprescindible","status":"publish","type":"post","link":"https:\/\/agora.xtec.cat\/escolametllers\/infantil\/la-musica-un-llenguatge-imprescindible\/","title":{"rendered":"LA M\u00daSICA&#8230;UN LLENGUATGE IMPRESCINDIBLE"},"content":{"rendered":"<p>Sense cap mena de dubte, podem afirmar que s\u00f3n nombrosos els beneficis de l\u2019ensenyament de la m\u00fasica a totes les etapes escolars, per\u00f2 fonamentalment a la d\u2019Infantil.<br \/>\nLa m\u00fasica estimula la capacitat cognitiva, fomenta el llenguatge oral i l\u2019adquisici\u00f3 o consolidaci\u00f3 de la parla, millora la mem\u00f2ria i la capacitat d\u2019atenci\u00f3, facilita als infants la gesti\u00f3 de les seves emocions, afavoreix la creativitat, desperta sensacions, fomenta la fantasia, potencia el control r\u00edtmic del nostre cos&#8230;En definitiva, ajuda molt\u00edssim al desenvolupament intel.lectual, auditiu, sensorial i motriu dels nostres infants. Per tots aquests motius, a l\u2019escola trobem molts moments per a treballar la m\u00fasica, ja sigui fent audicions, cantant, tocant instruments, ballant, fent percussi\u00f3 corporal, treballant les qualitats del so, etc.<br \/>\nUs deixem aqu\u00ed un recull de fotos de diferents sessions musicals.<\/p>\n<p style=\"text-align: center;\"><a href=\"https:\/\/photos.app.goo.gl\/o3Hht7MVxTos96T89\"><img loading=\"lazy\" decoding=\"async\" class=\"alignnone  wp-image-14856\" src=\"https:\/\/agora.xtec.cat\/escolametllers\/wp-content\/uploads\/usu1580\/2024\/12\/JAmbe-3-1024x771.jpg\" alt=\"\" width=\"885\" height=\"666\" srcset=\"https:\/\/agora.xtec.cat\/escolametllers\/wp-content\/uploads\/usu1580\/2024\/12\/JAmbe-3-1024x771.jpg 1024w, https:\/\/agora.xtec.cat\/escolametllers\/wp-content\/uploads\/usu1580\/2024\/12\/JAmbe-3-300x226.jpg 300w, https:\/\/agora.xtec.cat\/escolametllers\/wp-content\/uploads\/usu1580\/2024\/12\/JAmbe-3-768x578.jpg 768w, https:\/\/agora.xtec.cat\/escolametllers\/wp-content\/uploads\/usu1580\/2024\/12\/JAmbe-3-1536x1157.jpg 1536w, https:\/\/agora.xtec.cat\/escolametllers\/wp-content\/uploads\/usu1580\/2024\/12\/JAmbe-3-2048x1542.jpg 2048w, https:\/\/agora.xtec.cat\/escolametllers\/wp-content\/uploads\/usu1580\/2024\/12\/JAmbe-3-200x150.jpg 200w\" sizes=\"auto, (max-width: 885px) 100vw, 885px\" \/><\/a><\/p>\n","protected":false},"excerpt":{"rendered":"<p>Sense cap mena de dubte, podem afirmar que s\u00f3n nombrosos els beneficis de l\u2019ensenyament de la m\u00fasica a totes les etapes escolars, per\u00f2 fonamentalment a la d\u2019Infantil. La m\u00fasica estimula la capacitat cognitiva, fomenta el llenguatge oral i l\u2019adquisici\u00f3 o consolidaci\u00f3 de la parla, millora la mem\u00f2ria i la capacitat d\u2019atenci\u00f3, facilita als infants la [&hellip;]<\/p>\n","protected":false},"author":46,"featured_media":0,"comment_status":"open","ping_status":"closed","sticky":false,"template":"","format":"standard","meta":{"_bbp_topic_count":0,"_bbp_reply_count":0,"_bbp_total_topic_count":0,"_bbp_total_reply_count":0,"_bbp_voice_count":0,"_bbp_anonymous_reply_count":0,"_bbp_topic_count_hidden":0,"_bbp_reply_count_hidden":0,"_bbp_forum_subforum_count":0,"site-sidebar-layout":"default","site-content-layout":"","ast-site-content-layout":"","site-content-style":"default","site-sidebar-style":"default","ast-global-header-display":"","ast-banner-title-visibility":"","ast-main-header-display":"","ast-hfb-above-header-display":"","ast-hfb-below-header-display":"","ast-hfb-mobile-header-display":"","site-post-title":"","ast-breadcrumbs-content":"","ast-featured-img":"","footer-sml-layout":"","theme-transparent-header-meta":"","adv-header-id-meta":"","stick-header-meta":"","header-above-stick-meta":"","header-main-stick-meta":"","header-below-stick-meta":"","astra-migrate-meta-layouts":"default","ast-page-background-enabled":"default","ast-page-background-meta":{"desktop":{"background-color":"var(--ast-global-color-4)","background-image":"","background-repeat":"repeat","background-position":"center center","background-size":"auto","background-attachment":"scroll","background-type":"","background-media":"","overlay-type":"","overlay-color":"","overlay-opacity":"","overlay-gradient":""},"tablet":{"background-color":"","background-image":"","background-repeat":"repeat","background-position":"center center","background-size":"auto","background-attachment":"scroll","background-type":"","background-media":"","overlay-type":"","overlay-color":"","overlay-opacity":"","overlay-gradient":""},"mobile":{"background-color":"","background-image":"","background-repeat":"repeat","background-position":"center center","background-size":"auto","background-attachment":"scroll","background-type":"","background-media":"","overlay-type":"","overlay-color":"","overlay-opacity":"","overlay-gradient":""}},"ast-content-background-meta":{"desktop":{"background-color":"var(--ast-global-color-5)","background-image":"","background-repeat":"repeat","background-position":"center center","background-size":"auto","background-attachment":"scroll","background-type":"","background-media":"","overlay-type":"","overlay-color":"","overlay-opacity":"","overlay-gradient":""},"tablet":{"background-color":"var(--ast-global-color-5)","background-image":"","background-repeat":"repeat","background-position":"center center","background-size":"auto","background-attachment":"scroll","background-type":"","background-media":"","overlay-type":"","overlay-color":"","overlay-opacity":"","overlay-gradient":""},"mobile":{"background-color":"var(--ast-global-color-5)","background-image":"","background-repeat":"repeat","background-position":"center center","background-size":"auto","background-attachment":"scroll","background-type":"","background-media":"","overlay-type":"","overlay-color":"","overlay-opacity":"","overlay-gradient":""}},"footnotes":""},"categories":[411,280,2],"tags":[90],"class_list":["post-14855","post","type-post","status-publish","format-standard","hentry","category-24-25","category-eib","category-infantil","tag-musica"],"post_mailing_queue_ids":[],"_links":{"self":[{"href":"https:\/\/agora.xtec.cat\/escolametllers\/wp-json\/wp\/v2\/posts\/14855","targetHints":{"allow":["GET"]}}],"collection":[{"href":"https:\/\/agora.xtec.cat\/escolametllers\/wp-json\/wp\/v2\/posts"}],"about":[{"href":"https:\/\/agora.xtec.cat\/escolametllers\/wp-json\/wp\/v2\/types\/post"}],"author":[{"embeddable":true,"href":"https:\/\/agora.xtec.cat\/escolametllers\/wp-json\/wp\/v2\/users\/46"}],"replies":[{"embeddable":true,"href":"https:\/\/agora.xtec.cat\/escolametllers\/wp-json\/wp\/v2\/comments?post=14855"}],"version-history":[{"count":5,"href":"https:\/\/agora.xtec.cat\/escolametllers\/wp-json\/wp\/v2\/posts\/14855\/revisions"}],"predecessor-version":[{"id":14863,"href":"https:\/\/agora.xtec.cat\/escolametllers\/wp-json\/wp\/v2\/posts\/14855\/revisions\/14863"}],"wp:attachment":[{"href":"https:\/\/agora.xtec.cat\/escolametllers\/wp-json\/wp\/v2\/media?parent=14855"}],"wp:term":[{"taxonomy":"category","embeddable":true,"href":"https:\/\/agora.xtec.cat\/escolametllers\/wp-json\/wp\/v2\/categories?post=14855"},{"taxonomy":"post_tag","embeddable":true,"href":"https:\/\/agora.xtec.cat\/escolametllers\/wp-json\/wp\/v2\/tags?post=14855"}],"curies":[{"name":"wp","href":"https:\/\/api.w.org\/{rel}","templated":true}]}}